{"id":25172,"date":"2016-04-07T10:56:18","date_gmt":"2016-04-07T08:56:18","guid":{"rendered":"http:\/\/www.invarena.cz\/?p=25172"},"modified":"2016-04-07T10:56:18","modified_gmt":"2016-04-07T08:56:18","slug":"jako-prvni-uziva-domaci-dialyzu-chce-jeste-mit-ze-zivota-co-nejvic","status":"publish","type":"post","link":"https:\/\/www.invarena.cz\/?p=25172","title":{"rendered":"Jako prvn\u00ed u\u017e\u00edv\u00e1 dom\u00e1c\u00ed dial\u00fdzu, chce je\u0161t\u011b m\u00edt ze \u017eivota co nejv\u00edc"},"content":{"rendered":"<p><strong>P\u011bt dn\u016f v t\u00fddnu used\u00e1 k p\u0159\u00edstroji, kter\u00fd mu \u010dist\u00ed krev. Jeho ledviny to samy nezvl\u00e1daj\u00ed, nebo\u0165 je po\u0161kodila vz\u00e1cn\u00e1 nemoc zvan\u00e1 mnoho\u010detn\u00fd myelom. Je to zhoubn\u00e9 n\u00e1dorov\u00e9 onemocn\u011bn\u00ed krve a 45let\u00fd Milo\u0161 Du\u0161ek z Kr\u00e1sn\u00e9 L\u00edpy j\u00edm za\u010dal trp\u011bt p\u0159ed p\u011bti lety.<\/strong> <!--more--><\/p>\n<p>KR\u00c1SN\u00c1 L\u00cdPA Nemus\u00ed ale kv\u016fli tomu b\u00fdt neust\u00e1le v nemocnici. Jako prvn\u00ed v \u010cesku vyu\u017e\u00edv\u00e1 dom\u00e1c\u00ed hemodial\u00fdzu, d\u00edky kter\u00e9 m\u016f\u017ee d\u00e1l pracovat nebo sportovat.<\/p>\n<p>&#8222;Je dopl\u0148kem chemoterapie, kterou m\u00e1m za t\u011bch p\u011bt let za sebou \u010dty\u0159ikr\u00e1t,&#8220; \u0159\u00edk\u00e1 Du\u0161ek. Jeho nemoc je nevyl\u00e9\u010diteln\u00e1, sou\u010dasn\u00e1 medic\u00edna ji dok\u00e1\u017ee jen potla\u010dit a smrt nemocn\u00e9ho \u010dlov\u011bka o n\u011bco odd\u00e1lit. &#8222;Statistiky uv\u00e1d\u011bj\u00ed, \u017ee lid\u00e9 s touto nemoc\u00ed p\u0159e\u017eij\u00ed osm let. My\u0161lenky na to, \u017ee um\u0159u, jsem ale vyt\u011bsnil. Prost\u011b \u017eiju, co to d\u00e1, a nevzd\u00e1v\u00e1m se,&#8220; \u0159\u00edk\u00e1 odhodlan\u011b Du\u0161ek.<\/p>\n<p>I proto pracuje, p\u0159esto\u017ee by mohl b\u00fdt v invalidn\u00edm d\u016fchodu. M\u00e1 pru\u017enou pracovn\u00ed dobu a sv\u00fdch \u0161est hodin denn\u011b si m\u016f\u017ee odpracovat prakticky kdykoli. &#8222;Samoz\u0159ejm\u011b \u017ee mi ob\u010das nen\u00ed nejl\u00e9pe. N\u011bkdo to \u0159e\u0161\u00ed t\u00edm, \u017ee le\u017e\u00ed v posteli a \u010dek\u00e1, a\u017e mu bude l\u00edp, j\u00e1 sednu na kolo a jedu do lesa, kde si perfektn\u011b odpo\u010dinu. M\u00e1m dv\u011b mo\u017enosti \u2013 bu\u010f se nechat nemoc\u00ed vl\u00e1\u010det, anebo toho ze \u017eivota vyu\u017e\u00edt co nejv\u00edc pro sebe a mou rodinu. Jako sportovec jsem musel vybrat tu druhou mo\u017enost,&#8220; \u0159\u00edk\u00e1 mu\u017e, kter\u00fd se svou \u017eenou vychov\u00e1 \u010dtrn\u00e1ctilet\u00e9ho syna a dvan\u00e1ctiletou dceru.<\/p>\n<p>Sportoval od ml\u00e1d\u00ed, a to intenzivn\u011b. Je chodcem na 20 a 50 kilometr\u016f, n\u011bkolikr\u00e1t reprezentoval \u010cesko. &#8222;To, \u017ee jsem byl aktivn\u00edm sportovcem, mi pom\u00e1h\u00e1 nesn\u00e1ze spojen\u00e9 s nemoc\u00ed p\u0159ekonat. Aktivn\u00ed sportovci si taky sahaj\u00ed na dno sv\u00fdch sil, n\u011bkolikr\u00e1t jsem to s\u00e1m za\u017eil a te\u010f je to podobn\u00e9,&#8220; p\u0159ibli\u017euje Du\u0161ek. I dnes jezd\u00ed na kole a \u00fa\u010dastn\u00ed se chodeck\u00fdch z\u00e1vod\u016f. &#8222;Ale u\u017e to nen\u00ed ono, m\u00e1 v\u00fdkonnost se nemoc\u00ed sn\u00ed\u017eila na t\u0159icet procent,&#8220; usm\u00edv\u00e1 se.<\/p>\n<p>L\u00e9\u010dbu doma v podob\u011b ambulantn\u00ed peritone\u00e1ln\u00ed dial\u00fdzy, kter\u00e1 krev \u010dist\u00ed pomoc\u00ed tekutiny zav\u00e1d\u011bn\u00e9 do b\u0159icha, si kr\u00e1tce vyzkou\u0161el u\u017e v roce 2012, ale tehdy se neosv\u011bd\u010dila.<\/p>\n<p>&#8222;My\u0161lenku dom\u00e1c\u00ed hemodial\u00fdzy ale nevzdal a \u0161el nekompromisn\u011b za sv\u00fdm c\u00edlem. S velkou podporou rodiny si nejen p\u0159ipravil z\u00e1zem\u00ed, ale o zp\u016fsobu \u0159e\u0161en\u00ed sv\u00e9ho handicapu p\u0159esv\u011bd\u010dil i pl\u00e1tce zdravotn\u00ed p\u00e9\u010de. Je s n\u00edm skv\u011bl\u00e1 spolupr\u00e1ce,&#8220; \u0159\u00edk\u00e1 vedouc\u00ed l\u00e9ka\u0159 hemodialyza\u010dn\u00edho st\u0159ediska Nemocnice D\u011b\u010d\u00edn Martin Ullrych.<\/p>\n<p>Mlad\u00e1 fronta DNES<\/p>\n","protected":false},"excerpt":{"rendered":"<div class=\"mh-excerpt\"><p>P\u011bt dn\u016f v t\u00fddnu used\u00e1 k p\u0159\u00edstroji, kter\u00fd mu \u010dist\u00ed krev. Jeho ledviny to samy nezvl\u00e1daj\u00ed, nebo\u0165 je po\u0161kodila vz\u00e1cn\u00e1 nemoc zvan\u00e1 mnoho\u010detn\u00fd myelom. Je <a class=\"mh-excerpt-more\" href=\"https:\/\/www.invarena.cz\/?p=25172\" title=\"Jako prvn\u00ed u\u017e\u00edv\u00e1 dom\u00e1c\u00ed dial\u00fdzu, chce je\u0161t\u011b m\u00edt ze \u017eivota co nejv\u00edc\">[&#8230;]<\/a><\/p>\n<\/div>","protected":false},"author":1,"featured_media":13319,"comment_status":"open","ping_status":"closed","sticky":false,"template":"","format":"standard","meta":{"footnotes":""},"categories":[9],"tags":[],"class_list":["post-25172","post","type-post","status-publish","format-standard","has-post-thumbnail","hentry","category-zpravy"],"_links":{"self":[{"href":"https:\/\/www.invarena.cz\/index.php?rest_route=\/wp\/v2\/posts\/25172","targetHints":{"allow":["GET"]}}],"collection":[{"href":"https:\/\/www.invarena.cz\/index.php?rest_route=\/wp\/v2\/posts"}],"about":[{"href":"https:\/\/www.invarena.cz\/index.php?rest_route=\/wp\/v2\/types\/post"}],"author":[{"embeddable":true,"href":"https:\/\/www.invarena.cz\/index.php?rest_route=\/wp\/v2\/users\/1"}],"replies":[{"embeddable":true,"href":"https:\/\/www.invarena.cz\/index.php?rest_route=%2Fwp%2Fv2%2Fcomments&post=25172"}],"version-history":[{"count":0,"href":"https:\/\/www.invarena.cz\/index.php?rest_route=\/wp\/v2\/posts\/25172\/revisions"}],"wp:featuredmedia":[{"embeddable":true,"href":"https:\/\/www.invarena.cz\/index.php?rest_route=\/wp\/v2\/media\/13319"}],"wp:attachment":[{"href":"https:\/\/www.invarena.cz\/index.php?rest_route=%2Fwp%2Fv2%2Fmedia&parent=25172"}],"wp:term":[{"taxonomy":"category","embeddable":true,"href":"https:\/\/www.invarena.cz\/index.php?rest_route=%2Fwp%2Fv2%2Fcategories&post=25172"},{"taxonomy":"post_tag","embeddable":true,"href":"https:\/\/www.invarena.cz\/index.php?rest_route=%2Fwp%2Fv2%2Ftags&post=25172"}],"curies":[{"name":"wp","href":"https:\/\/api.w.org\/{rel}","templated":true}]}}