{"id":25174,"date":"2016-04-08T06:45:41","date_gmt":"2016-04-08T04:45:41","guid":{"rendered":"http:\/\/www.invarena.cz\/?p=25174"},"modified":"2016-04-08T06:45:41","modified_gmt":"2016-04-08T04:45:41","slug":"projekt-zdrave-plice-odstartoval","status":"publish","type":"post","link":"https:\/\/www.invarena.cz\/?p=25174","title":{"rendered":"Projekt Zdrav\u00e9 pl\u00edce odstartoval"},"content":{"rendered":"<p><strong>S t\u0159\u00edmetrov\u00fdm nafukovac\u00edm modelem plic odstartoval v Praze projekt Zdrav\u00e9 pl\u00edce zam\u011b\u0159en\u00fd na osv\u011btu o rakovin\u011b plic. V n\u00e1sleduj\u00edc\u00edch m\u011bs\u00edc\u00edch bude m\u00edt 35 zast\u00e1vek v krajsk\u00fdch a okresn\u00edch m\u011bstech.<\/strong><\/p>\n<p>&nbsp;<!--more--><\/p>\n<p>Kampa\u0148 po\u0159\u00e1d\u00e1 ob\u010dansk\u00e9 sdru\u017een\u00ed Onkomaj\u00e1k. Roadshow m\u00e1 upozornit na vysokou \u00famrtnost na rakovinu plic a podn\u00edtit lidi k p\u00e9\u010di o sv\u00e9 zdrav\u00ed.<\/p>\n<p>V \u010cesku ro\u010dn\u011b onemocn\u00ed rakovinou plic zhruba 7600 lid\u00ed, p\u0159\u00edpad\u016f p\u0159ib\u00fdv\u00e1, v roce 2030 by m\u011blo b\u00fdt u\u017e 8750 nov\u00fdch onemocn\u011bn\u00ed. Prvn\u00ed stadium rakoviny plic nem\u00e1 t\u00e9m\u011b\u0159 \u017e\u00e1dn\u00e9 p\u0159\u00edznaky &#8211; nemoc zji\u0161t\u011bnou v prvn\u00edm a druh\u00e9m stadiu p\u0159e\u017eije 58 procent pacient\u016f, ve \u010dtvrt\u00e9m stadiu jen 7,5 procenta.<\/p>\n<p>Osv\u011btov\u00e1 kampa\u0148 m\u00e1 podle v\u00fdkonn\u00e9ho \u0159editele Onkomaj\u00e1ku Tom\u00e1\u0161e Krubera upozornit na rizika a informovat o prevenci i mo\u017enostech l\u00e9\u010dby. &#8222;C\u00edlem je vzbudit v lidech z\u00e1jem o vlastn\u00ed zdrav\u00ed, a pokud jsou aktivn\u00ed ku\u0159\u00e1ci, nebo \u010dasto pob\u00fdvaj\u00ed v zakou\u0159en\u00fdch prostorech, zd\u016fraznit jim nutnost preventivn\u00edch prohl\u00eddek,&#8220; \u0159ekl Kruber \u010cTK.<\/p>\n<p>Na modelu si n\u00e1v\u0161t\u011bvn\u00edci mohou prohl\u00e9dnout, jak vypad\u00e1 zdrav\u00e1 pl\u00edce a jak pl\u00edce s n\u00e1dorem. Plicn\u00edho specialisty se mohou zeptat na v\u0161e o rakovin\u011b plic a zdarma si d\u00e1t vy\u0161et\u0159it kapacitu plic p\u0159i spirometrii. V\u00fdsledky jim okomentuje l\u00e9ka\u0159.<\/p>\n<p>Zdrav\u00e9 pl\u00edce nav\u0161t\u00edv\u00ed 17. kv\u011btna Prost\u011bjov, 24. a 25. kv\u011btna Brno, v hlavn\u00edm m\u011bst\u011b budou znovu 31. kv\u011btna, kdy model bude v Praze 8. V programu jsou i nemocnice ve Vset\u00edn\u011b \u010di \u017d\u010f\u00e1ru nad S\u00e1zavou.<\/p>\n<p>Zdrav\u00e9 pl\u00edce navazuj\u00ed na projekt Onkomaj\u00e1ku St\u0159evotour, kter\u00fd je zam\u011b\u0159en na rakovinu st\u0159eva a kone\u010dn\u00edku. Celkem m\u00e1 Onkomaj\u00e1k letos napl\u00e1nov\u00e1no 65 zast\u00e1vek, z toho 35 Zdrav\u00fdch plic a 30 St\u0159evotour.<\/p>\n","protected":false},"excerpt":{"rendered":"<div class=\"mh-excerpt\"><p>S t\u0159\u00edmetrov\u00fdm nafukovac\u00edm modelem plic odstartoval v Praze projekt Zdrav\u00e9 pl\u00edce zam\u011b\u0159en\u00fd na osv\u011btu o rakovin\u011b plic. V n\u00e1sleduj\u00edc\u00edch m\u011bs\u00edc\u00edch bude m\u00edt 35 zast\u00e1vek v <a class=\"mh-excerpt-more\" href=\"https:\/\/www.invarena.cz\/?p=25174\" title=\"Projekt Zdrav\u00e9 pl\u00edce odstartoval\">[&#8230;]<\/a><\/p>\n<\/div>","protected":false},"author":1,"featured_media":4238,"comment_status":"open","ping_status":"closed","sticky":false,"template":"","format":"standard","meta":{"footnotes":""},"categories":[11],"tags":[],"class_list":["post-25174","post","type-post","status-publish","format-standard","has-post-thumbnail","hentry","category-zdravi"],"_links":{"self":[{"href":"https:\/\/www.invarena.cz\/index.php?rest_route=\/wp\/v2\/posts\/25174","targetHints":{"allow":["GET"]}}],"collection":[{"href":"https:\/\/www.invarena.cz\/index.php?rest_route=\/wp\/v2\/posts"}],"about":[{"href":"https:\/\/www.invarena.cz\/index.php?rest_route=\/wp\/v2\/types\/post"}],"author":[{"embeddable":true,"href":"https:\/\/www.invarena.cz\/index.php?rest_route=\/wp\/v2\/users\/1"}],"replies":[{"embeddable":true,"href":"https:\/\/www.invarena.cz\/index.php?rest_route=%2Fwp%2Fv2%2Fcomments&post=25174"}],"version-history":[{"count":0,"href":"https:\/\/www.invarena.cz\/index.php?rest_route=\/wp\/v2\/posts\/25174\/revisions"}],"wp:featuredmedia":[{"embeddable":true,"href":"https:\/\/www.invarena.cz\/index.php?rest_route=\/wp\/v2\/media\/4238"}],"wp:attachment":[{"href":"https:\/\/www.invarena.cz\/index.php?rest_route=%2Fwp%2Fv2%2Fmedia&parent=25174"}],"wp:term":[{"taxonomy":"category","embeddable":true,"href":"https:\/\/www.invarena.cz\/index.php?rest_route=%2Fwp%2Fv2%2Fcategories&post=25174"},{"taxonomy":"post_tag","embeddable":true,"href":"https:\/\/www.invarena.cz\/index.php?rest_route=%2Fwp%2Fv2%2Ftags&post=25174"}],"curies":[{"name":"wp","href":"https:\/\/api.w.org\/{rel}","templated":true}]}}