{"id":25180,"date":"2016-04-08T12:08:35","date_gmt":"2016-04-08T10:08:35","guid":{"rendered":"http:\/\/www.invarena.cz\/?p=25180"},"modified":"2016-04-08T12:08:35","modified_gmt":"2016-04-08T10:08:35","slug":"nove-chranene-bydleni-funguje-pro-lehce-postizene-v-uherskem-brode","status":"publish","type":"post","link":"https:\/\/www.invarena.cz\/?p=25180","title":{"rendered":"Nov\u00e9 chr\u00e1n\u011bn\u00e9 bydlen\u00ed funguje pro lehce posti\u017een\u00e9 v Uhersk\u00e9m Brod\u011b"},"content":{"rendered":"<p><strong>U\u017e celkem sedmdes\u00e1t p\u011bt klient\u016f m\u016f\u017ee vyu\u017e\u00edvat slu\u017eeb chr\u00e1n\u011bn\u00e9ho bydlen\u00ed, kter\u00e9 poskytuj\u00ed p\u0159\u00edsp\u011bvkov\u00e9 organizace Zl\u00ednsk\u00e9ho kraje. Za\u0159\u00edzen\u00ed funguj\u00ed na n\u011bkolika m\u00edstech na Slov\u00e1cku a Vala\u0161sku, nov\u011b k nim p\u0159ibylo chr\u00e1n\u011bn\u00e9 bydlen\u00ed v Uhersk\u00e9m Brod\u011b.<\/strong> <!--more--><\/p>\n<p>UHERSK\u00dd BROD &#8222;Jedn\u00e1 se o rodinn\u00fd domek pro osm klient\u016f s leh\u010d\u00edm stupn\u011bm posti\u017een\u00ed, kte\u0159\u00ed se za dopomoci odborn\u00e9ho person\u00e1lu staraj\u00ed o dom\u00e1cnost, zaji\u0161\u0165uj\u00ed si n\u00e1kupy a doch\u00e1zej\u00ed do n\u00e1vazn\u00fdch slu\u017eeb,&#8220; \u0159ekla krajsk\u00e1 radn\u00ed Ta\u0165\u00e1na Valentov\u00e1 Nersesjan zodpov\u011bdn\u00e1 za soci\u00e1ln\u00ed oblast.<\/p>\n<p>Ve Zl\u00ednsk\u00e9m kraji byli v r\u00e1mci transformace soci\u00e1ln\u00edch slu\u017eeb z velk\u00fdch \u00fastav\u016f do men\u0161\u00edch \u00fatuln\u00fdch dom\u016f p\u0159em\u00edst\u011bni klienti s leh\u010d\u00edmi nebo st\u0159edn\u00edmi formami ment\u00e1ln\u00edho posti\u017een\u00ed, kte\u0159\u00ed dnes bydl\u00ed v celkem sedmi za\u0159\u00edzen\u00edch rodinn\u00e9ho typu. Dv\u011b jsou v Uhersk\u00e9m Hradi\u0161ti, jedno se nach\u00e1z\u00ed ve Vset\u00edn\u011b, jedno v Zub\u0159\u00ed, dv\u011b v Ro\u017enov\u011b pod Radho\u0161t\u011bm a jedno v Uhersk\u00e9m Brod\u011b. Na \u00fazem\u00ed regionu jsou v\u0161ak i dal\u0161\u00ed podobn\u00e1 za\u0159\u00edzen\u00ed.<\/p>\n<p>Krom\u011b\u0159\u00ed\u017esk\u00fd den\u00edk<br \/>\n<a href=\"http:\/\/kromerizsky.denik.cz\/\">http:\/\/kromerizsky.denik.cz\/<\/a><\/p>\n","protected":false},"excerpt":{"rendered":"<div class=\"mh-excerpt\"><p>U\u017e celkem sedmdes\u00e1t p\u011bt klient\u016f m\u016f\u017ee vyu\u017e\u00edvat slu\u017eeb chr\u00e1n\u011bn\u00e9ho bydlen\u00ed, kter\u00e9 poskytuj\u00ed p\u0159\u00edsp\u011bvkov\u00e9 organizace Zl\u00ednsk\u00e9ho kraje. Za\u0159\u00edzen\u00ed funguj\u00ed na n\u011bkolika m\u00edstech na Slov\u00e1cku a Vala\u0161sku, <a class=\"mh-excerpt-more\" href=\"https:\/\/www.invarena.cz\/?p=25180\" title=\"Nov\u00e9 chr\u00e1n\u011bn\u00e9 bydlen\u00ed funguje pro lehce posti\u017een\u00e9 v Uhersk\u00e9m Brod\u011b\">[&#8230;]<\/a><\/p>\n<\/div>","protected":false},"author":1,"featured_media":0,"comment_status":"open","ping_status":"closed","sticky":false,"template":"","format":"standard","meta":{"footnotes":""},"categories":[9],"tags":[],"class_list":["post-25180","post","type-post","status-publish","format-standard","hentry","category-zpravy"],"_links":{"self":[{"href":"https:\/\/www.invarena.cz\/index.php?rest_route=\/wp\/v2\/posts\/25180","targetHints":{"allow":["GET"]}}],"collection":[{"href":"https:\/\/www.invarena.cz\/index.php?rest_route=\/wp\/v2\/posts"}],"about":[{"href":"https:\/\/www.invarena.cz\/index.php?rest_route=\/wp\/v2\/types\/post"}],"author":[{"embeddable":true,"href":"https:\/\/www.invarena.cz\/index.php?rest_route=\/wp\/v2\/users\/1"}],"replies":[{"embeddable":true,"href":"https:\/\/www.invarena.cz\/index.php?rest_route=%2Fwp%2Fv2%2Fcomments&post=25180"}],"version-history":[{"count":0,"href":"https:\/\/www.invarena.cz\/index.php?rest_route=\/wp\/v2\/posts\/25180\/revisions"}],"wp:attachment":[{"href":"https:\/\/www.invarena.cz\/index.php?rest_route=%2Fwp%2Fv2%2Fmedia&parent=25180"}],"wp:term":[{"taxonomy":"category","embeddable":true,"href":"https:\/\/www.invarena.cz\/index.php?rest_route=%2Fwp%2Fv2%2Fcategories&post=25180"},{"taxonomy":"post_tag","embeddable":true,"href":"https:\/\/www.invarena.cz\/index.php?rest_route=%2Fwp%2Fv2%2Ftags&post=25180"}],"curies":[{"name":"wp","href":"https:\/\/api.w.org\/{rel}","templated":true}]}}