{"id":25237,"date":"2016-04-13T15:36:57","date_gmt":"2016-04-13T13:36:57","guid":{"rendered":"http:\/\/www.invarena.cz\/?p=25237"},"modified":"2016-04-13T19:29:59","modified_gmt":"2016-04-13T17:29:59","slug":"muzete-pomoci-nemocnemu-chlapci","status":"publish","type":"post","link":"https:\/\/www.invarena.cz\/?p=25237","title":{"rendered":"M\u016f\u017eete pomoci nemocn\u00e9mu chlapci"},"content":{"rendered":"<p><strong>Jubilejn\u00ed \u010dty\u0159denn\u00ed v\u00fdstava D\u016fm a zahrada, kter\u00e1 za\u010d\u00edn\u00e1 z\u00edtra v Lounech, bude spojena s charitativn\u00ed akc\u00ed ve prosp\u011bch chlapce Davida. Na\u0161\u00edm c\u00edlem je vybrat pro n\u011bj aspo\u0148 50 tis\u00edc korun a v\u011bnovat mu rehabilita\u010dn\u00ed pobyt, \u0159\u00edkaj\u00ed po\u0159adatel\u00e9.<\/strong> <!--more--><\/p>\n<p>Louny \u2013 N\u00e1v\u0161t\u011bvn\u00edci jubilejn\u00ed obl\u00edben\u00e9 v\u00fdstavy D\u016fm a zahrada, kter\u00e1 za\u010dne z\u00edtra r\u00e1no na v\u00fdstavi\u0161ti v Lounech, se budou moci v p\u0159\u00edpad\u011b z\u00e1jmu zapojit i do dobr\u00e9 v\u011bci. Po\u0159adatel\u00e9 p\u0159ipravili charitativn\u00ed akci ve prosp\u011bch zdravotn\u011b posti\u017een\u00e9ho chlapce Davida.<\/p>\n<p>D\u011bti budou moci tomuto chlapci namalovat obr\u00e1zek. N\u00e1v\u0161t\u011bvn\u00edci v\u00fdstavy pak mohou hlasovat o tom, kter\u00fd z obr\u00e1zk\u016f je podle nich nejzda\u0159ilej\u0161\u00ed. Jeden hlasovac\u00ed l\u00edstek bude st\u00e1t symbolick\u00fdch p\u011bt korun \u2013 a pr\u00e1v\u011b v\u00fdt\u011b\u017eek z t\u00e9to ceny za l\u00edstky bude cel\u00fd v\u011bnov\u00e1n nemocn\u00e9mu chlapci. Jin\u00fdmi slovy, kdo z n\u00e1v\u0161t\u011bvn\u00edk\u016f si koup\u00ed uveden\u00fd hlasovac\u00ed l\u00edstek, automaticky p\u0159isp\u011bje do sb\u00edrky pro Davida a pom\u016f\u017ee mu t\u00edm. Davidovi je dnes \u010dtrn\u00e1ct let, m\u00e1 ochrnut\u00e9 kon\u010detiny a tak\u00e9 o\u010dn\u00ed vadu kv\u016fli p\u0159ed\u010dasn\u00e9mu porodu a mozkov\u00e9 obrn\u011b. &#8222;Na\u0161\u00edm p\u0159edb\u011b\u017en\u00fdm c\u00edlem je vybrat pro handicapovan\u00e9ho Davida alespo\u0148 50 tis\u00edc korun. T\u00edm bychom mu pomohli uhradit jeden pot\u0159ebn\u00fd rehabilita\u010dn\u00ed pobyt. Davidovi budou odesl\u00e1ny komplet v\u0161echny prost\u0159edky, kter\u00e9 na v\u00fdstavi\u0161ti vybereme v uveden\u00e9 sb\u00edrce,&#8220; uvedla \u0160t\u011bp\u00e1nka Portz ze spole\u010dnosti Diamant Expo, mana\u017eerka nadch\u00e1zej\u00edc\u00ed v\u00fdstavy v Lounech.<\/p>\n<p>D\u011btsk\u00fd n\u00e1v\u0161t\u011bvn\u00edk, jeho\u017e obr\u00e1zek pro Davida bude vyhodnocen jako nejzda\u0159ilej\u0161\u00ed, vyhraje z\u00e1jezd do Legolandu.<\/p>\n<p>Dvac\u00e1t\u00fd ro\u010dn\u00edk v\u00fdstavy D\u016fm a zahrada v Lounech za\u010d\u00edn\u00e1 ve \u010dtvrtek a skon\u010d\u00ed v ned\u011bli. Ka\u017ed\u00fd den je are\u00e1l u Oh\u0159e otev\u0159en od 9 do 17 hodin.<\/p>\n<p>V\u00fdstava se t\u00e9maticky t\u00fdk\u00e1 bydlen\u00ed a pobytu na zahr\u00e1dk\u00e1ch, lid\u00e9 na n\u00ed mohou vid\u011bt a po\u0159\u00eddit si nap\u0159\u00edklad n\u00e1bytek, bytov\u00e9 i zahradn\u00ed dopl\u0148ky, pom\u016fcky k pr\u00e1ci a odpo\u010dinku na zahrad\u011b, kv\u011btiny a sazenice a dal\u0161\u00ed podobn\u00e9 v\u011bci.<\/p>\n<p>V\u00fdstava pat\u0159\u00ed spolu se Zahradou \u010cech v Litom\u011b\u0159ic\u00edch k nejv\u011bt\u0161\u00edm akc\u00edm sv\u00e9ho druhu v \u00dasteck\u00e9m kraji. Po\u0159adatel\u00e9 v Lounech letos o\u010dek\u00e1vaj\u00ed p\u0159es 30 tis\u00edc n\u00e1v\u0161t\u011bvn\u00edk\u016f.<\/p>\n<p>LIBOR \u017dELINSK\u00dd<br \/>\nTeplick\u00fd den\u00edk<br \/>\n<a href=\"http:\/\/www.teplicky.denik.cz\/\">http:\/\/www.teplicky.denik.cz\/<\/a><\/p>\n","protected":false},"excerpt":{"rendered":"<div class=\"mh-excerpt\"><p>Jubilejn\u00ed \u010dty\u0159denn\u00ed v\u00fdstava D\u016fm a zahrada, kter\u00e1 za\u010d\u00edn\u00e1 z\u00edtra v Lounech, bude spojena s charitativn\u00ed akc\u00ed ve prosp\u011bch chlapce Davida. Na\u0161\u00edm c\u00edlem je vybrat pro <a class=\"mh-excerpt-more\" href=\"https:\/\/www.invarena.cz\/?p=25237\" title=\"M\u016f\u017eete pomoci nemocn\u00e9mu chlapci\">[&#8230;]<\/a><\/p>\n<\/div>","protected":false},"author":1,"featured_media":6269,"comment_status":"open","ping_status":"closed","sticky":false,"template":"","format":"standard","meta":{"footnotes":""},"categories":[9],"tags":[],"class_list":["post-25237","post","type-post","status-publish","format-standard","has-post-thumbnail","hentry","category-zpravy"],"_links":{"self":[{"href":"https:\/\/www.invarena.cz\/index.php?rest_route=\/wp\/v2\/posts\/25237","targetHints":{"allow":["GET"]}}],"collection":[{"href":"https:\/\/www.invarena.cz\/index.php?rest_route=\/wp\/v2\/posts"}],"about":[{"href":"https:\/\/www.invarena.cz\/index.php?rest_route=\/wp\/v2\/types\/post"}],"author":[{"embeddable":true,"href":"https:\/\/www.invarena.cz\/index.php?rest_route=\/wp\/v2\/users\/1"}],"replies":[{"embeddable":true,"href":"https:\/\/www.invarena.cz\/index.php?rest_route=%2Fwp%2Fv2%2Fcomments&post=25237"}],"version-history":[{"count":0,"href":"https:\/\/www.invarena.cz\/index.php?rest_route=\/wp\/v2\/posts\/25237\/revisions"}],"wp:featuredmedia":[{"embeddable":true,"href":"https:\/\/www.invarena.cz\/index.php?rest_route=\/wp\/v2\/media\/6269"}],"wp:attachment":[{"href":"https:\/\/www.invarena.cz\/index.php?rest_route=%2Fwp%2Fv2%2Fmedia&parent=25237"}],"wp:term":[{"taxonomy":"category","embeddable":true,"href":"https:\/\/www.invarena.cz\/index.php?rest_route=%2Fwp%2Fv2%2Fcategories&post=25237"},{"taxonomy":"post_tag","embeddable":true,"href":"https:\/\/www.invarena.cz\/index.php?rest_route=%2Fwp%2Fv2%2Ftags&post=25237"}],"curies":[{"name":"wp","href":"https:\/\/api.w.org\/{rel}","templated":true}]}}