{"id":25249,"date":"2016-04-12T20:11:26","date_gmt":"2016-04-12T18:11:26","guid":{"rendered":"http:\/\/www.invarena.cz\/?p=25249"},"modified":"2016-04-13T20:14:08","modified_gmt":"2016-04-13T18:14:08","slug":"do-posouzeni-davky-na-peci-se-mozna-vic-zapoji-socialni-pracovnik","status":"publish","type":"post","link":"https:\/\/www.invarena.cz\/?p=25249","title":{"rendered":"Do posouzen\u00ed d\u00e1vky na p\u00e9\u010di se mo\u017en\u00e1 v\u00edc zapoj\u00ed soci\u00e1ln\u00ed pracovn\u00edk"},"content":{"rendered":"<p><strong>Posuzov\u00e1n\u00ed z\u00e1vislosti senior\u016f \u010di posti\u017een\u00fdch na pomoci kv\u016fli p\u0159id\u011blen\u00ed p\u0159\u00edsp\u011bvku na p\u00e9\u010di by se mohlo zm\u011bnit. V\u011bt\u0161\u00ed slovo by p\u0159i n\u011bm m\u011bli m\u00edt soci\u00e1ln\u00ed pracovn\u00edci a rozhodovat by nem\u011bli jen posudkov\u00ed l\u00e9ka\u0159i, \u0159ekla ministryn\u011b pr\u00e1ce Michaela Marksov\u00e1 (\u010cSSD).<\/strong><!--more--><\/p>\n<p> Podle n\u00ed se zm\u011bnou po\u010d\u00edt\u00e1 p\u0159ipravovan\u00e1 velk\u00e1 novela z\u00e1kona o soci\u00e1ln\u00edch slu\u017eb\u00e1ch, kter\u00e1 by m\u011bla za\u010d\u00edt platit p\u0159\u00ed\u0161t\u00ed rok.<\/p>\n<p>&#8222;Chceme, aby v\u011bt\u0161\u00ed d\u016fraz le\u017eel na soci\u00e1ln\u00edch pracovn\u00edc\u00edch, kte\u0159\u00ed dojdou dom\u016f za \u010dlov\u011bkem a vid\u00ed, co m\u016f\u017ee d\u011blat a co nem\u016f\u017ee. Chceme uleh\u010dit posudkov\u00fdm l\u00e9ka\u0159\u016fm. Chceme se vyhnout skute\u010dnosti, kdy rozhoduj\u00edc\u00ed slovo m\u00e1 posudkov\u00fd l\u00e9ka\u0159, kter\u00fd \u010dlov\u011bka nikdy nevid\u011bl,&#8220; uvedla Marksov\u00e1.<\/p>\n<p>Pro p\u0159id\u011blen\u00ed p\u0159\u00edsp\u011bvku se hodnot\u00ed deset oblast\u00ed. Pat\u0159\u00ed mezi n\u011b t\u0159eba zvl\u00e1d\u00e1n\u00ed orientace, komunikace, stravov\u00e1n\u00ed, obl\u00e9k\u00e1n\u00ed, hygieny \u010di dom\u00e1cnosti. Podle Marksov\u00e9 by se desetibodov\u00fd model m\u011bnit nem\u011bl. P\u0159\u00edsp\u011bvek na p\u00e9\u010di v \u00fanoru pob\u00edralo 341.100 lid\u00ed, o rok d\u0159\u00edv to bylo 333.200 osob. Dosp\u011bl\u00ed dost\u00e1vaj\u00ed podle sv\u00e9 z\u00e1vislosti na pomoci m\u011bs\u00ed\u010dn\u011b 800, 4000, 8000 a 12.000 korun a d\u011bti 3000, 6000, 9000 a 12.000 korun. Od srpna by se d\u00e1vka mohla o deset procent zvednout.<\/p>\n<p>Syst\u00e9m posuzov\u00e1n\u00ed a d\u00e1vek pro posti\u017een\u00e9 zm\u011bnila p\u0159ed n\u011bkolika lety reforma exministra Jarom\u00edra Dr\u00e1bka (TOP 09). D\u0159\u00edve p\u0159\u00edsp\u011bvky poskytovaly radnice, od roku 2012 \u00fa\u0159ady pr\u00e1ce. P\u016fvodn\u011b se hodnotilo 36 krit\u00e9ri\u00ed. Snaha n\u011bkter\u00fdch poslanc\u016f o n\u00e1vrat k tomuto hodnocen\u00ed dnes ve Sn\u011bmovn\u011b neusp\u011bla.<\/p>\n<p>Posudkov\u00fdch l\u00e9ka\u0159\u016f je v \u010cesku nedostatek a soci\u00e1ln\u00ed spr\u00e1v\u011b a \u00fa\u0159ad\u016fm pr\u00e1ce chyb\u011bj\u00ed. Soci\u00e1ln\u00ed pracovn\u00edci \u00fa\u0159ad\u016f pr\u00e1ce situaci \u017eadatele o p\u0159\u00edsp\u011bvek prov\u011b\u0159uj\u00ed u\u017e dnes. Z jejich informac\u00ed a ze zdravotn\u00ed zpr\u00e1vy od o\u0161et\u0159uj\u00edc\u00edho doktora a p\u0159\u00edpadn\u011b z vlastn\u00edho vy\u0161et\u0159en\u00ed vych\u00e1z\u00ed posudkov\u00fd l\u00e9ka\u0159. Po jeho posudku pak krajsk\u00fd \u00fa\u0159ad pr\u00e1ce rozhodne o p\u0159\u00edsp\u011bvku, uv\u00e1d\u00ed port\u00e1l ministerstva pr\u00e1ce.<\/p>\n<p>Po zm\u011bn\u011b posuzov\u00e1n\u00ed vol\u00e1 u\u017e del\u0161\u00ed dobu N\u00e1rodn\u00ed rada osob se zdravotn\u00edm posti\u017een\u00edm (NRZP). Podle n\u00ed by hodnocen\u00ed m\u011blo b\u00fdt &#8222;t\u00fdmov\u00e9&#8220;. Pod\u00edlet by se na n\u011bm m\u011bl krom\u011b soci\u00e1ln\u00edho pracovn\u00edka a posudkov\u00e9ho l\u00e9ka\u0159e tak\u00e9 t\u0159eba ergoterapeut a psycholog \u010di psychiatr. Zohlednit by se m\u011bla ale hlavn\u011b doba, po kterou posti\u017een\u00fd \u010di senior pomoc pot\u0159ebuje. &#8222;\u010casovou dimenzi pot\u0159eby t\u011bchto slu\u017eeb novela v\u016fbec ne\u0159e\u0161\u00ed,&#8220; \u0159ekl \u010cTK \u0161\u00e9f NRZP V\u00e1clav Kr\u00e1sa. Podle n\u011bj chystan\u00fd n\u00e1vrh nem\u011bn\u00ed ale ani samotn\u00e9 posuzov\u00e1n\u00ed.<\/p>\n<p>Kr\u00e1sa kritizuje tak\u00e9 to, \u017ee by z\u00e1kon nov\u011b zahrnoval i slu\u017eby pro dal\u0161\u00ed skupiny, nejen p\u00e9\u010di o nemohouc\u00ed. Upravoval by nap\u0159\u00edklad slu\u017eby pro ohro\u017een\u00e9 rodiny a d\u011bti. Zm\u011bnit by m\u011bl i registrace slu\u017eeb, byly by \u010dasov\u011b omezen\u00e9.<\/p>\n<p>Ministerstvo pr\u00e1ce by podle legislativn\u00edho pl\u00e1nu m\u011blo novelu zve\u0159ejnit do konce dubna. Do pololet\u00ed by ji pak m\u011bla dostat vl\u00e1da. Zm\u011bny by m\u011bly platit od dubna p\u0159\u00ed\u0161t\u00edho roku.<\/p>\n","protected":false},"excerpt":{"rendered":"<div class=\"mh-excerpt\"><p>Posuzov\u00e1n\u00ed z\u00e1vislosti senior\u016f \u010di posti\u017een\u00fdch na pomoci kv\u016fli p\u0159id\u011blen\u00ed p\u0159\u00edsp\u011bvku na p\u00e9\u010di by se mohlo zm\u011bnit. V\u011bt\u0161\u00ed slovo by p\u0159i n\u011bm m\u011bli m\u00edt soci\u00e1ln\u00ed pracovn\u00edci <a class=\"mh-excerpt-more\" href=\"https:\/\/www.invarena.cz\/?p=25249\" title=\"Do posouzen\u00ed d\u00e1vky na p\u00e9\u010di se mo\u017en\u00e1 v\u00edc zapoj\u00ed soci\u00e1ln\u00ed pracovn\u00edk\">[&#8230;]<\/a><\/p>\n<\/div>","protected":false},"author":1,"featured_media":16409,"comment_status":"open","ping_status":"closed","sticky":false,"template":"","format":"standard","meta":{"footnotes":""},"categories":[6],"tags":[],"class_list":["post-25249","post","type-post","status-publish","format-standard","has-post-thumbnail","hentry","category-politika"],"_links":{"self":[{"href":"https:\/\/www.invarena.cz\/index.php?rest_route=\/wp\/v2\/posts\/25249","targetHints":{"allow":["GET"]}}],"collection":[{"href":"https:\/\/www.invarena.cz\/index.php?rest_route=\/wp\/v2\/posts"}],"about":[{"href":"https:\/\/www.invarena.cz\/index.php?rest_route=\/wp\/v2\/types\/post"}],"author":[{"embeddable":true,"href":"https:\/\/www.invarena.cz\/index.php?rest_route=\/wp\/v2\/users\/1"}],"replies":[{"embeddable":true,"href":"https:\/\/www.invarena.cz\/index.php?rest_route=%2Fwp%2Fv2%2Fcomments&post=25249"}],"version-history":[{"count":0,"href":"https:\/\/www.invarena.cz\/index.php?rest_route=\/wp\/v2\/posts\/25249\/revisions"}],"wp:featuredmedia":[{"embeddable":true,"href":"https:\/\/www.invarena.cz\/index.php?rest_route=\/wp\/v2\/media\/16409"}],"wp:attachment":[{"href":"https:\/\/www.invarena.cz\/index.php?rest_route=%2Fwp%2Fv2%2Fmedia&parent=25249"}],"wp:term":[{"taxonomy":"category","embeddable":true,"href":"https:\/\/www.invarena.cz\/index.php?rest_route=%2Fwp%2Fv2%2Fcategories&post=25249"},{"taxonomy":"post_tag","embeddable":true,"href":"https:\/\/www.invarena.cz\/index.php?rest_route=%2Fwp%2Fv2%2Ftags&post=25249"}],"curies":[{"name":"wp","href":"https:\/\/api.w.org\/{rel}","templated":true}]}}