{"id":25272,"date":"2016-04-15T17:33:33","date_gmt":"2016-04-15T15:33:33","guid":{"rendered":"http:\/\/www.invarena.cz\/?p=25272"},"modified":"2016-04-15T17:33:33","modified_gmt":"2016-04-15T15:33:33","slug":"petra-hurtova-jiz-zahajila-sezonu-ale-tentokrat-ve-vode","status":"publish","type":"post","link":"https:\/\/www.invarena.cz\/?p=25272","title":{"rendered":"Petra Hurtov\u00e1 ji\u017e zah\u00e1jila sezonu. Ale tentokr\u00e1t ve vod\u011b!"},"content":{"rendered":"<p><strong>Ano, u\u017e je to tak, \u010deskolipsk\u00e1 handicapovan\u00e1 sportovkyn\u011b Petra Hurtov\u00e1 odstartovala svou leto\u0161n\u00ed sportovn\u00ed sezonu pom\u011brn\u011b nezvykle, a to ve vod\u011b za Plaveck\u00fd klub \u010cesk\u00e1 L\u00edpa pod veden\u00edm Tom\u00e1\u0161e Choce.<\/strong> <!--more--><\/p>\n<p>\u010cesk\u00e1 L\u00edpa \u2013 &#8222;U\u017e to cht\u011blo zm\u011bnu&#8230; Je jasn\u00e9, \u017ee na kole nep\u0159estanu jezdit, ale chci zkusit i n\u011bco jin\u00e9ho a mysl\u00edm, \u017ee voda mi nijak neubl\u00ed\u017e\u00ed, ba naopak,&#8220; p\u0159izn\u00e1v\u00e1 Petra Hurtov\u00e1, je\u017e sv\u00e9 prvn\u00ed z\u00e1vody v kategorii t\u011blesn\u011b posti\u017een\u00fdch plavc\u016f absolvovala v Sokolov\u011b.<\/p>\n<p>Byla to jej\u00ed z\u00e1vodn\u00ed premi\u00e9ra v plaveck\u00e9m baz\u00e9nu a vedla si v\u00fdborn\u011b. Musela nejprve proj\u00edt zdravotn\u00ed klasifikac\u00ed, aby mohla b\u00fdt za\u0159azena do skupiny plavc\u016f s obdobn\u00fdm zdravotn\u00edm probl\u00e9mem, druh\u00fd den startovala na 50 a 100m voln\u00fd zp\u016fsob.<\/p>\n<p>&#8222;Jo, byla jsem nerv\u00f3zn\u00ed, bylo to hrozn\u00e9, je to \u00fapln\u011b n\u011bco jin\u00e9ho, ne\u017e na kole, to se ned\u00e1 srovnat, ale mysl\u00edm, \u017ee jsem se s t\u00edm poprala dob\u0159e a nakonec z toho bylo 12. a 13. m\u00edsto, co\u017e sama za sebe beru jako obrovsk\u00fd \u00fasp\u011bch a motivaci pro p\u0159\u00ed\u0161t\u00ed z\u00e1vody,&#8220; t\u011b\u0161ilo ji i tren\u00e9ra Choce.<\/p>\n<p>Ve dvojboji, kde se s\u010d\u00edtaj\u00ed dva nejlep\u0161\u00ed v\u00fdkony a hodnot\u00ed se nap\u0159\u00ed\u010d cel\u00fdm z\u00e1vodn\u00edm spektrem (plat\u00ed zde koeficienty, kter\u00e9 zohled\u0148uj\u00ed stupe\u0148 zdravotn\u00edho posti\u017een\u00ed, v\u011bk i pohlav\u00ed), obsadila Petra Hurtov\u00e1 30. m\u00edsto (do hodnocen\u00ed dvojboje zas\u00e1hlo celkem 74 plavc\u016f).<\/p>\n<p>&#8222;Dal\u0161\u00ed z\u00e1vod ve vod\u011b m\u011b \u010dek\u00e1 n\u011bkdy v p\u016flce l\u00e9ta a pak na podzim, tak\u017ee m\u00e1m p\u0159ed sebou hodn\u011b pr\u00e1ce. Vypilovat se ke sv\u00e9 spokojenosti bude n\u011bjakou dobu trvat, ale pokus\u00edm se o to,&#8220; slibuje Hurtov\u00e1.<\/p>\n<p>Ji\u017e nyn\u00ed v ned\u011bli 17. dubna j\u00ed za\u010d\u00edn\u00e1 i cyklistick\u00e1 z\u00e1t\u011b\u017e prvn\u00edm z\u00e1vodem \u010cP v horsk\u00e9 cyklistice. &#8222;Uvid\u00edme, jak se s t\u00edm moje t\u011blo popere. U\u017e nyn\u00ed je to ob\u010das hodn\u011b bolestiv\u00e9, ale nem\u00e1m v pl\u00e1nu to vzd\u00e1t. To ur\u010dit\u011b ne!&#8220;<\/p>\n<p>Na z\u00e1vody do Sokolova Petru Hurtovou doprovodila Petra Chocov\u00e1, nej\u00fasp\u011b\u0161n\u011bj\u0161\u00ed \u010deskolipsk\u00e1 plavkyn\u011b.<\/p>\n<p>&#8222;J\u00e1 si toho, \u017ee se mnou jela i P\u00e9\u0165a, hrozn\u011b moc v\u00e1\u017e\u00edm, \u017ee si na\u0161la na m\u011b \u010das, a to i p\u0159es to, \u017ee je v pln\u00e9 p\u0159\u00edprav\u011b na olympi\u00e1du v Riu, a dala to se mnou. D\u00e1 se \u0159\u00edci, \u017ee jsme nyn\u00ed ka\u017ed\u00fd den spolu ve vod\u011b a mysl\u00edm, tedy douf\u00e1m (sm\u00edch), \u017ee se snad podporujeme navz\u00e1jem, i kdy\u017e j\u00e1 m\u00e1m p\u0159ed sebou je\u0161t\u011b velk\u00fd kus cesty, co se t\u00fdk\u00e1 plav\u00e1n\u00ed,&#8220; uv\u011bdomuje si Petra Hurtov\u00e1.<\/p>\n<p>V\u0161ichni budeme doufat, \u017ee se j\u00ed to povede a \u017ee zase brzy usly\u0161\u00edme o n\u011bjak\u00e9m tom jej\u00edm \u00fasp\u011bchu.<\/p>\n<p>\u010ceskolipsk\u00fd den\u00edk<br \/>\n<a href=\"http:\/\/www.ceskolipsky.denik.cz\/\">http:\/\/www.ceskolipsky.denik.cz\/<\/a><\/p>\n","protected":false},"excerpt":{"rendered":"<div class=\"mh-excerpt\"><p>Ano, u\u017e je to tak, \u010deskolipsk\u00e1 handicapovan\u00e1 sportovkyn\u011b Petra Hurtov\u00e1 odstartovala svou leto\u0161n\u00ed sportovn\u00ed sezonu pom\u011brn\u011b nezvykle, a to ve vod\u011b za Plaveck\u00fd klub \u010cesk\u00e1 <a class=\"mh-excerpt-more\" href=\"https:\/\/www.invarena.cz\/?p=25272\" title=\"Petra Hurtov\u00e1 ji\u017e zah\u00e1jila sezonu. Ale tentokr\u00e1t ve vod\u011b!\">[&#8230;]<\/a><\/p>\n<\/div>","protected":false},"author":1,"featured_media":853,"comment_status":"open","ping_status":"closed","sticky":false,"template":"","format":"standard","meta":{"footnotes":""},"categories":[9],"tags":[],"class_list":["post-25272","post","type-post","status-publish","format-standard","has-post-thumbnail","hentry","category-zpravy"],"_links":{"self":[{"href":"https:\/\/www.invarena.cz\/index.php?rest_route=\/wp\/v2\/posts\/25272","targetHints":{"allow":["GET"]}}],"collection":[{"href":"https:\/\/www.invarena.cz\/index.php?rest_route=\/wp\/v2\/posts"}],"about":[{"href":"https:\/\/www.invarena.cz\/index.php?rest_route=\/wp\/v2\/types\/post"}],"author":[{"embeddable":true,"href":"https:\/\/www.invarena.cz\/index.php?rest_route=\/wp\/v2\/users\/1"}],"replies":[{"embeddable":true,"href":"https:\/\/www.invarena.cz\/index.php?rest_route=%2Fwp%2Fv2%2Fcomments&post=25272"}],"version-history":[{"count":0,"href":"https:\/\/www.invarena.cz\/index.php?rest_route=\/wp\/v2\/posts\/25272\/revisions"}],"wp:featuredmedia":[{"embeddable":true,"href":"https:\/\/www.invarena.cz\/index.php?rest_route=\/wp\/v2\/media\/853"}],"wp:attachment":[{"href":"https:\/\/www.invarena.cz\/index.php?rest_route=%2Fwp%2Fv2%2Fmedia&parent=25272"}],"wp:term":[{"taxonomy":"category","embeddable":true,"href":"https:\/\/www.invarena.cz\/index.php?rest_route=%2Fwp%2Fv2%2Fcategories&post=25272"},{"taxonomy":"post_tag","embeddable":true,"href":"https:\/\/www.invarena.cz\/index.php?rest_route=%2Fwp%2Fv2%2Ftags&post=25272"}],"curies":[{"name":"wp","href":"https:\/\/api.w.org\/{rel}","templated":true}]}}