{"id":25276,"date":"2016-04-15T17:56:03","date_gmt":"2016-04-15T15:56:03","guid":{"rendered":"http:\/\/www.invarena.cz\/?p=25276"},"modified":"2016-04-15T17:56:03","modified_gmt":"2016-04-15T15:56:03","slug":"jak-z-maleho-kluka-tomase-pustiny-vyrostl-nejvyssi-cech","status":"publish","type":"post","link":"https:\/\/www.invarena.cz\/?p=25276","title":{"rendered":"Jak z mal\u00e9ho kluka Tom\u00e1\u0161e Pustiny vyrostl nejvy\u0161\u0161\u00ed \u010cech"},"content":{"rendered":"<p><strong>Tom\u00e1\u0161 Pustina se narodil v roce 1977. Nej\u0161\u0165astn\u011bj\u0161\u00ed obdob\u00ed \u017eivota pro\u017eil do sv\u00fdch des\u00e1t\u00fdch narozenin. Jak d\u00e1l rostl, d\u016fvod\u016f k radosti mu postupn\u011b ub\u00fdvalo. \u017divot nejvy\u0161\u0161\u00edho \u010cecha, kter\u00fd zem\u0159el o v\u00edkendu v nedo\u017eit\u00fdch 39 letech, byl pln\u00fd touhy i bolesti.<\/strong><!--more--><\/p>\n<p>ROZKO\u0160 U HUMPOLCE Psal se \u010derven roku 2006 a v Pelh\u0159imov\u011b b\u011b\u017eel tradi\u010dn\u00ed festival rekord\u016f a kuriozit. Do m\u011bsta p\u0159ijeli r\u016fzn\u00ed lid\u00e9.<\/p>\n<p>T\u0159eba Zden\u011bk \u010c\u00edtek odpeckoval pomoc\u00ed speci\u00e1ln\u00edho n\u00e1stroje za t\u0159i minuty 170 t\u0159e\u0161n\u00ed. S\u00e9rii rekord\u016f tam tehdy vytvo\u0159il \u0161pan\u011blsk\u00fd p\u0159eborn\u00edk v oboru fotografick\u00e9 pam\u011bti Ram\u00f3n Campayo.<\/p>\n<p>A pak p\u0159i\u0161el na p\u00f3dium tehdy dev\u011btadvacetilet\u00fd Tom\u00e1\u0161 Pustina. Budil respekt svou v\u00fd\u0161kou, m\u011b\u0159ili ho na \u0161tafl\u00edch. Nakonec ho vyhl\u00e1sili nejvy\u0161\u0161\u00edm \u010cechem. Ten den se mu docela zm\u011bnil \u017eivot.<\/p>\n<p>Do t\u00e9 doby ho znali jen jeho zn\u00e1m\u00ed z Humpolce a okol\u00ed. Po festivalu se o jeho t\u011b\u017ek\u00e9m \u017eit\u00ed postupn\u011b dozv\u00eddali lid\u00e9 v cel\u00e9 republice. To mu v dal\u0161\u00edch letech pomohlo t\u0159eba k \u00faprav\u00e1m bytov\u00e9ho domu v Rozko\u0161i, kde \u017eil v pat\u0159e. Nebo k z\u00edsk\u00e1n\u00ed vozu, do n\u011bho\u017e se ve\u0161el.<\/p>\n<p>Ka\u017ed\u00e9mu tehdy na festivalu v Pelh\u0159imov\u011b bylo hned jasn\u00e9, \u017ee tohle prvenstv\u00ed nen\u00ed \u017e\u00e1dn\u00e1 v\u00fdhra. Nejvy\u0161\u0161\u00ed \u010cech a jeho rodina by ho hned vym\u011bnili za snesiteln\u011bj\u0161\u00ed \u017eivot. Komisa\u0159i mapuj\u00edc\u00ed rekordy tehdy zm\u011b\u0159ili, \u017ee mlad\u00fd mu\u017e dorostl do v\u00fd\u0161ky 224 centimetr\u016f. Z\u00e1rove\u0148 m\u011bl nejv\u011bt\u0161\u00ed boty, kter\u00e9 kdy kdo v tuzemsku nosil. Jeho lev\u00e1 bota m\u011b\u0159ila 37 centimetr\u016f, prav\u00e1 38,5 centimetru. Pustina trp\u011bl vz\u00e1cnou nemoc\u00ed, je\u017e spo\u010d\u00edv\u00e1 v nadprodukci r\u016fstov\u00e9ho hormonu.<\/p>\n<p>Mimino jako ka\u017ed\u00e9 jin\u00e9<\/p>\n<p>Kdy\u017e se Tom\u00e1\u0161 narodil, v\u00e1\u017eil 3,2 kilogramu a m\u011b\u0159il pades\u00e1t centimetr\u016f. Byl hezk\u00e9 miminko.<\/p>\n<p>Je\u0161t\u011b na z\u00e1kladn\u00ed \u0161kole nem\u011bl probl\u00e9my s ch\u016fz\u00ed, po des\u00e1t\u00e9m roce \u017eivota ale za\u010dal rychle r\u016fst. P\u0159i\u0161ly pot\u00ed\u017ee s koleny, za\u010dala se mu bortit. V pubert\u011b musel Tom\u00e1\u0161 na operaci.<\/p>\n<p>&#8222;Dali mu do kolen skoby, aby se nebortila. Po roce je vyndali a nohy se zbortily na\u010disto,&#8220; vzpom\u00ednala jednou Alena Pustinov\u00e1, Tom\u00e1\u0161ova maminka.<\/p>\n<p>Pak p\u0159i\u0161la dal\u0161\u00ed r\u00e1na, Tom\u00e1\u0161 se vyboural na kole. Upadl na k\u00e1men. T\u011b\u017ece si poranil bok a musel na dal\u0161\u00ed operaci. L\u00e9ka\u0159i ho op\u011bt zpevnili \u017eelezem a t\u0159i m\u011bs\u00edce \u017eil v s\u00e1d\u0159e. Z t\u00e9 doby m\u011bl dlouhou jizvu nad levou ky\u010dl\u00ed.<\/p>\n<p>Invalidn\u00ed d\u016fchod v osmn\u00e1cti<\/p>\n<p>Po zotaven\u00ed u\u017e to s chozen\u00edm nebylo valn\u00e9 a vysok\u00fd mu\u017e dostal v osmn\u00e1cti invalidn\u00ed d\u016fchod. M\u011bl jednu nohu o deset centimetr\u016f krat\u0161\u00ed.<\/p>\n<p>Kdy\u017e bylo Tom\u00e1\u0161ovi t\u0159icet, v\u00e1\u017eil 173 kilogram\u016f. Sn\u011bdl toho za dva a\u017e t\u0159i. Musel si nech\u00e1vat \u0161\u00edt boty na m\u00edru, jeden p\u00e1r ho st\u00e1l t\u0159eba t\u0159i a p\u016fl tis\u00edce korun.<\/p>\n<p>Kdy\u017e p\u0159ed sv\u00fdmi t\u0159icetinami cestoval na kontrolu do pelh\u0159imovsk\u00e9 nemocnice a koleno st\u00e1le neposlouchalo, museli ho z bytu sn\u00e1\u0161et hasi\u010di. Pak ho zase vynesli nahoru. Pot\u0159eboval pomoc p\u0159i obl\u00e9k\u00e1n\u00ed i obouv\u00e1n\u00ed. Pokud ho kdysi cht\u011bli doma p\u0159ed odjezdem do nemocnice dostat na WC, museli si doj\u00edt do auta pro lano.<\/p>\n<p>Pozd\u011bji se poda\u0159ilo ud\u011blat v byt\u011b \u00fapravy. D\u011bln\u00edci jim roz\u0161\u00ed\u0159ili koupelnu i toaletu a vybourali v\u011bt\u0161\u00ed dve\u0159n\u00ed otvory. V roce 2007 b\u011b\u017eela ve\u0159ejn\u00e1 sb\u00edrka, d\u00edky n\u00ed\u017e dostal Tom\u00e1\u0161 Pustina speci\u00e1ln\u011b upraven\u00fd elektrick\u00fd voz\u00edk a tak\u00e9 auto, do n\u011bho\u017e se ve\u0161el. Do t\u00e9 doby m\u011bli Pustinovi renault, kter\u00fd byl pro Tom\u00e1\u0161e mal\u00fd. Kdy\u017e n\u011bkam jeli, museli vyndat seda\u010dku. Tom\u00e1\u0161 sed\u011bl nasoukan\u00fd vzadu na tenk\u00e9m molitanu a nohy m\u011bl slo\u017een\u00e9 vp\u0159edu u spolujezdce. Nahrben\u00fd a v nepohodln\u00e9 pozici vydr\u017eel jen krat\u0161\u00ed j\u00edzdy.<\/p>\n<p>Pozd\u011bji mu postavili i v\u00fdtah do patra k bytu, kde \u017eil.<\/p>\n<p>A jak maminka sh\u00e1n\u011bla oble\u010den\u00ed pro syna? Tepl\u00e1ky r\u016fzn\u011b nastavovala. Upletli mu dlouhat\u00e1nskou vestu. Pantofle se nedaly sehnat, a tak chod\u00edval Tom\u00e1\u0161 v pleten\u00fdch pono\u017ek\u00e1ch. Tom\u00e1\u0161ova nemoc ovlivnila jeho \u0159e\u010d, mluvil zt\u011b\u017eka. Myslelo mu to ale velmi dob\u0159e. Pokud m\u011bl koleno jak\u017etak\u017e v po\u0159\u00e1dku, chodil o francouzsk\u00fdch hol\u00edch. Dr\u017eadlo bylo ale na jeho dlan\u011b mal\u00e9, m\u011bl je proto cel\u00e9 otla\u010den\u00e9.<\/p>\n<p>Pokud \u010dlov\u011bku sev\u0159el p\u0159i pozdravu ruku, ta se v jeho m\u011bkk\u00e9 dlani \u00fapln\u011b ztratila. Jeho dlan\u011b m\u011bly v nej\u0161ir\u0161\u00edm m\u00edst\u011b 25 centimetr\u016f.<\/p>\n<p>Kdy\u017e redaktor MF DNES v roce 2007 poprv\u00e9 nav\u0161t\u00edvil Tom\u00e1\u0161e Pustinu u n\u011bj doma, bydlel nejvy\u0161\u0161\u00ed \u010cech v prvn\u00edm pat\u0159e bytovky. Kamar\u00e1di za Tom\u00e1\u0161em tehdy \u017e\u00e1dn\u00ed nechodili, p\u0159itom m\u011bl moc r\u00e1d spole\u010dnost. J\u00edt ven pro n\u011bj znamenalo velkou pot\u00ed\u017e. Jednou na Nov\u00fd rok si p\u0159esto p\u0159\u00e1l vyrazit do m\u011bsta, proj\u00edt se v parku. Jen\u017ee se stala nep\u0159\u00edjemnost. \u0160l\u00e1pl do lou\u017ee, zvrtla se mu noha a upadl. Zvednout syna bylo nad m\u00e1miny s\u00edly. Nakonec se j\u00ed to s pomoc\u00ed kolemjdouc\u00edch poda\u0159ilo. Oba byli umazan\u00ed od bl\u00e1ta.<\/p>\n<p>Nejvy\u0161\u0161\u00ed mu\u017e republiky m\u011bl obvykl\u00e9 z\u00e1jmy jako jeho vrstevn\u00edci. Poslouchal kapely Wohnout, Chinaski, Divok\u00fdho Billa. Muzikanti o sv\u00e9m nejvy\u0161\u0161\u00edm fanou\u0161kovi dob\u0159e v\u011bd\u011bli.<\/p>\n<p>Z film\u016f nejrad\u011bji sledoval \u010desk\u00e9 komedie. S\u00e1m si pozd\u011bji zahr\u00e1l ve dvou filmech. Prvn\u00ed se jmenuje Hodinu nev\u00ed\u0161 a byl spojov\u00e1n s p\u0159\u00edpadem heparinov\u00fdch vra\u017ed. Druh\u00fd m\u00e1 n\u00e1zev Poh\u00e1dka poh\u00e1dek. Tento sn\u00edmek v hlavn\u00ed roli se Salmou Hayek vznikl v koprodukci It\u00e1lie, Francie a Velk\u00e9 Brit\u00e1nie. Tom\u00e1\u0161 Pustina nat\u00e1\u010del na jihu It\u00e1lie, m\u011bl roli obra.<\/p>\n<p>Velkou \u010d\u00e1st \u017eivota ale musel tr\u00e1vit doma. Cht\u011bl hodn\u011b cestovat. Snil o tom za z\u00e1clonou sv\u00e9ho pokoje. V posledn\u00edch letech \u017eivota byl nucen opakovan\u011b podstupovat slo\u017eit\u00e9 operace. &#8222;Jeho \u0161lechetn\u00e9 srdce ka\u017ed\u00e9mu \u0161t\u011bst\u00ed jen p\u0159\u00e1lo, samo v\u0161ak za\u017eilo radosti jen m\u00e1lo,&#8220; zaver\u0161ovala Tom\u00e1\u0161ova maminka, kdy\u017e odpov\u00eddala na projevy soustrasti.<\/p>\n<p>&#8212;<\/p>\n<p>Zahr\u00e1l si ve filmech Hodinu nev\u00ed\u0161 a Poh\u00e1dka poh\u00e1dek. V tomto sn\u00edmku v hlavn\u00ed roli se Salmou Hayek hr\u00e1l obra. Nat\u00e1\u010del na jihu It\u00e1lie.<\/p>\n<p>Radek Laudin<br \/>\nMlad\u00e1 fronta Dnes<\/p>\n","protected":false},"excerpt":{"rendered":"<div class=\"mh-excerpt\"><p>Tom\u00e1\u0161 Pustina se narodil v roce 1977. Nej\u0161\u0165astn\u011bj\u0161\u00ed obdob\u00ed \u017eivota pro\u017eil do sv\u00fdch des\u00e1t\u00fdch narozenin. Jak d\u00e1l rostl, d\u016fvod\u016f k radosti mu postupn\u011b ub\u00fdvalo. \u017divot <a class=\"mh-excerpt-more\" href=\"https:\/\/www.invarena.cz\/?p=25276\" title=\"Jak z mal\u00e9ho kluka Tom\u00e1\u0161e Pustiny vyrostl nejvy\u0161\u0161\u00ed \u010cech\">[&#8230;]<\/a><\/p>\n<\/div>","protected":false},"author":1,"featured_media":21249,"comment_status":"open","ping_status":"closed","sticky":false,"template":"","format":"standard","meta":{"footnotes":""},"categories":[9],"tags":[],"class_list":["post-25276","post","type-post","status-publish","format-standard","has-post-thumbnail","hentry","category-zpravy"],"_links":{"self":[{"href":"https:\/\/www.invarena.cz\/index.php?rest_route=\/wp\/v2\/posts\/25276","targetHints":{"allow":["GET"]}}],"collection":[{"href":"https:\/\/www.invarena.cz\/index.php?rest_route=\/wp\/v2\/posts"}],"about":[{"href":"https:\/\/www.invarena.cz\/index.php?rest_route=\/wp\/v2\/types\/post"}],"author":[{"embeddable":true,"href":"https:\/\/www.invarena.cz\/index.php?rest_route=\/wp\/v2\/users\/1"}],"replies":[{"embeddable":true,"href":"https:\/\/www.invarena.cz\/index.php?rest_route=%2Fwp%2Fv2%2Fcomments&post=25276"}],"version-history":[{"count":0,"href":"https:\/\/www.invarena.cz\/index.php?rest_route=\/wp\/v2\/posts\/25276\/revisions"}],"wp:featuredmedia":[{"embeddable":true,"href":"https:\/\/www.invarena.cz\/index.php?rest_route=\/wp\/v2\/media\/21249"}],"wp:attachment":[{"href":"https:\/\/www.invarena.cz\/index.php?rest_route=%2Fwp%2Fv2%2Fmedia&parent=25276"}],"wp:term":[{"taxonomy":"category","embeddable":true,"href":"https:\/\/www.invarena.cz\/index.php?rest_route=%2Fwp%2Fv2%2Fcategories&post=25276"},{"taxonomy":"post_tag","embeddable":true,"href":"https:\/\/www.invarena.cz\/index.php?rest_route=%2Fwp%2Fv2%2Ftags&post=25276"}],"curies":[{"name":"wp","href":"https:\/\/api.w.org\/{rel}","templated":true}]}}