{"id":25288,"date":"2017-03-17T08:33:14","date_gmt":"2017-03-17T07:33:14","guid":{"rendered":"http:\/\/www.invarena.cz\/?p=25288"},"modified":"2017-03-17T08:33:14","modified_gmt":"2017-03-17T07:33:14","slug":"v-bezne-skole-ho-uz-nechteli-v-prakticke-se-prestal-ucit","status":"publish","type":"post","link":"https:\/\/www.invarena.cz\/?p=25288","title":{"rendered":"V b\u011b\u017en\u00e9 \u0161kole ho u\u017e necht\u011bli, v praktick\u00e9 se p\u0159estal u\u010dit"},"content":{"rendered":"<p>D\u011bti s n\u00edzk\u00fdm IQ do b\u011b\u017en\u00fdch t\u0159\u00edd nepat\u0159\u00ed? N\u00e1zor mnoh\u00fdch kantor\u016f a speci\u00e1ln\u00edch pedagog\u016f m\u016f\u017ee nahlodat p\u0159\u00edb\u011bh jeden\u00e1ctilet\u00e9ho Honz\u00edka. <!--more--><\/p>\n<p>Prod\u011blal d\u011btskou obrnu, nav\u00edc mu bylo p\u0159ed n\u00e1stupem do \u0161koly diagnostikov\u00e1no lehk\u00e9 ment\u00e1ln\u00ed posti\u017een\u00ed. Jeho IQ je ale u horn\u00ed hranice, kolem 70 bod\u016f.<br \/>\nDo b\u011b\u017en\u00e9 sp\u00e1dov\u00e9 \u0161koly jej vz\u00edt necht\u011bli a i v dal\u0161\u00edch okoln\u00edch \u0161kol\u00e1ch matka u z\u00e1pis\u016f narazila na neochotu. Nakonec se Honz\u00edka ujali v c\u00edrkevn\u00ed \u0161kole. Za\u010dal ji nav\u0161t\u011bvovat i se sv\u00fdm mlad\u0161\u00edm bratrem, kter\u00fd jej do \u0161koly vodil.<br \/>\nP\u0159esto\u017ee mezi zdrav\u00fdmi d\u011btmi vy\u010dn\u00edval a jeho vzd\u011bl\u00e1vac\u00ed pl\u00e1n po\u010d\u00edtal se sn\u00ed\u017een\u00fdmi n\u00e1roky, netrp\u011bl \u0161ikanou, syndromem m\u00e9n\u011bcennosti \u010di frustrac\u00ed.<br \/>\n&#8222;V\u017edycky se r\u00e1d u\u010dil. Kdy\u017e s n\u00edm hodinu prob\u00edr\u00e1te n\u00e1sobilku, tak je vid\u011bt, jak mu to \u010dasem za\u010dne \u0161rotovat,&#8220; popsala Pr\u00e1vu jeho matka Tereza.<br \/>\nP\u0159i p\u0159echodu na druh\u00fd stupe\u0148 se ale v\u0161e zm\u011bnilo. \u0160kola se za\u010dala zp\u011b\u010dovat s t\u00edm, \u017ee u\u010divo druh\u00e9ho stupn\u011b je p\u0159\u00edli\u0161 n\u00e1ro\u010dn\u00e9, nezvl\u00e1dne ho a \u017ee v praktick\u00e9 \u0161kole mu bude l\u00e9pe. Podle \u0159editele by ani nepomohlo, kdyby m\u011bl k dispozici asistenta. Beztak na n\u011bj nedostal pen\u00edze.<br \/>\nZrovna tahle pot\u00ed\u017e od z\u00e1\u0159\u00ed odpadne, podle novely \u0161kolsk\u00e9ho z\u00e1kona, kter\u00e1 se za\u010d\u00e1tkem dal\u0161\u00edho \u0161koln\u00edho roku za\u010dne platit, \u0161koly pen\u00edze na asistenty a dal\u0161\u00ed podpory dostanou. <\/p>\n<p>Kantorky nest\u00edhaly <\/p>\n<p>Matka nakonec rezignovala a p\u0159ihl\u00e1sila kluka do vzd\u00e1len\u00e9 praktick\u00e9 \u0161koly. Nau\u010dit se doj\u00ed\u017ed\u011bt je\u0161t\u011b zvl\u00e1dl, ale pozd\u011bji se objevily hor\u0161\u00ed pot\u00ed\u017ee. V nov\u00e9 \u0161kole se nec\u00edtil dob\u0159e a chyb\u011bla mu n\u00e1le\u017eit\u00e1 pozornost. Co h\u016f\u0159, matka za\u010dala pozorovat, \u017ee jeho intelektov\u00e9 schopnosti za\u010d\u00ednaj\u00ed degradovat.<br \/>\n&#8222;Nen\u00ed divu, u\u010ditelka tam m\u00e1 sice na starost jen \u0161est d\u011bt\u00ed, ale dv\u011b d\u011blaj\u00ed u\u010divo t\u0159et\u00ed t\u0159\u00eddy, dv\u011b p\u00e1t\u00e9 a dv\u011b sedm\u00e9. A ta d\u011bcka maj\u00ed v\u011bt\u0161inou je\u0161t\u011b r\u016fzn\u00e9 poruchy chov\u00e1n\u00ed, tak\u017ee tam d\u011bl\u00e1 p\u0159edev\u0161\u00edm v\u00fdchovu a na zbytek nen\u00ed prostor,&#8220; vyl\u00ed\u010dila Tereza. Chlapci se tak\u00e9 roz\u0161\u00ed\u0159ila z\u00e1soba vulgarit.<br \/>\nMatka s obavami vzhl\u00ed\u017e\u00ed do budoucna, jak se m\u011bn\u00ed osud syna. S omezen\u00fdm vzd\u011bl\u00e1n\u00edm a rozvojem bude m\u00edt mnohem ni\u017e\u0161\u00ed \u0161ance na dosa\u017een\u00ed perspektivn\u00edch u\u010debn\u00edch obor\u016f, co\u017e se pak nejsp\u00ed\u0161 prom\u00edtne p\u0159i sh\u00e1n\u011bn\u00ed pr\u00e1ce, proto\u017ee st\u00e1le plat\u00ed, \u017ee \u010d\u00edm ni\u017e\u0161\u00ed kvalifikace, t\u00edm vy\u0161\u0161\u00ed nezam\u011bstnanost. \u017d\u00e1ci ze speci\u00e1ln\u00edch \u0161kol v\u011bt\u0161inou dosahuj\u00ed jen na ni\u017e\u0161\u00ed st\u0159edn\u00ed odborn\u00e9 vzd\u011bl\u00e1n\u00ed, jeho\u017e studium trv\u00e1 dva a\u017e t\u0159i roky a kon\u010d\u00ed v\u00fdu\u010dn\u00edm listem.<br \/>\nM\u00e1 na \u017e\u00e1ky ni\u017e\u0161\u00ed n\u00e1roky a p\u0159ipravuje ho pro v\u00fdkon jednoduch\u00fdch d\u011blnick\u00fdch profes\u00ed a ve slu\u017eb\u00e1ch.<br \/>\nNezam\u011bstnanost absolvent\u016f t\u011bchto obor\u016f je nejvy\u0161\u0161\u00ed, pohybuje se kolem dvaceti procent, co\u017e je t\u0159ikr\u00e1t v\u00edc, ne\u017e je celost\u00e1tn\u00ed pr\u016fm\u011br.<br \/>\nVe 3578 b\u011b\u017en\u00fdch z\u00e1kladn\u00edch st\u00e1tn\u00edch \u0161kol\u00e1ch bylo loni evidov\u00e1no 840 842 \u017e\u00e1k\u016f, z nich\u017e posti\u017een\u00fdch bylo 53 492.<br \/>\nSoukrom\u00e9 \u0161koly vzd\u011bl\u00e1valy 8658 d\u011bt\u00ed ve 116 \u0161kol\u00e1ch, integrov\u00e1no bylo 737 posti\u017een\u00fdch.<br \/>\nVe 33 c\u00edrkevn\u00edch \u0161kol\u00e1ch bylo loni 6070 \u017e\u00e1k\u016f, z toho 608 posti\u017een\u00fdch.<\/p>\n<p>Ji\u0159\u00ed Mach<br \/>\nPr\u00e1vo<\/p>\n","protected":false},"excerpt":{"rendered":"<div class=\"mh-excerpt\"><p>D\u011bti s n\u00edzk\u00fdm IQ do b\u011b\u017en\u00fdch t\u0159\u00edd nepat\u0159\u00ed? N\u00e1zor mnoh\u00fdch kantor\u016f a speci\u00e1ln\u00edch pedagog\u016f m\u016f\u017ee nahlodat p\u0159\u00edb\u011bh jeden\u00e1ctilet\u00e9ho Honz\u00edka.<\/p>\n<\/div>","protected":false},"author":1,"featured_media":0,"comment_status":"open","ping_status":"closed","sticky":false,"template":"","format":"standard","meta":{"footnotes":""},"categories":[9],"tags":[],"class_list":["post-25288","post","type-post","status-publish","format-standard","hentry","category-zpravy"],"_links":{"self":[{"href":"https:\/\/www.invarena.cz\/index.php?rest_route=\/wp\/v2\/posts\/25288","targetHints":{"allow":["GET"]}}],"collection":[{"href":"https:\/\/www.invarena.cz\/index.php?rest_route=\/wp\/v2\/posts"}],"about":[{"href":"https:\/\/www.invarena.cz\/index.php?rest_route=\/wp\/v2\/types\/post"}],"author":[{"embeddable":true,"href":"https:\/\/www.invarena.cz\/index.php?rest_route=\/wp\/v2\/users\/1"}],"replies":[{"embeddable":true,"href":"https:\/\/www.invarena.cz\/index.php?rest_route=%2Fwp%2Fv2%2Fcomments&post=25288"}],"version-history":[{"count":0,"href":"https:\/\/www.invarena.cz\/index.php?rest_route=\/wp\/v2\/posts\/25288\/revisions"}],"wp:attachment":[{"href":"https:\/\/www.invarena.cz\/index.php?rest_route=%2Fwp%2Fv2%2Fmedia&parent=25288"}],"wp:term":[{"taxonomy":"category","embeddable":true,"href":"https:\/\/www.invarena.cz\/index.php?rest_route=%2Fwp%2Fv2%2Fcategories&post=25288"},{"taxonomy":"post_tag","embeddable":true,"href":"https:\/\/www.invarena.cz\/index.php?rest_route=%2Fwp%2Fv2%2Ftags&post=25288"}],"curies":[{"name":"wp","href":"https:\/\/api.w.org\/{rel}","templated":true}]}}