{"id":25307,"date":"2016-04-20T10:28:40","date_gmt":"2016-04-20T08:28:40","guid":{"rendered":"http:\/\/www.invarena.cz\/?p=25307"},"modified":"2016-04-20T10:28:40","modified_gmt":"2016-04-20T08:28:40","slug":"myty-o-autismu-prezivaji-i-mezi-odborniky","status":"publish","type":"post","link":"https:\/\/www.invarena.cz\/?p=25307","title":{"rendered":"M\u00fdty o autismu p\u0159e\u017e\u00edvaj\u00ed. I mezi odborn\u00edky"},"content":{"rendered":"<p><strong>&#8222;Kdyby se m\u016fj syn do\u017eil 100 let, byl by norm\u00e1ln\u00ed,&#8220; \u0159ekla p\u0159ed lety maminka chlapce, kter\u00fd byl p\u0159edlohou filmov\u00e9ho Rain Mana. Sn\u00edmku popisuj\u00edc\u00edho sou\u017eit\u00ed dvou bratr\u016f, z nich\u017e jeden je autista.<\/strong> <!--more--><\/p>\n<p>Praha \u2013 A\u010dkoli se informovanost o autismu pomalu zlep\u0161uje, jen m\u00e1lokdo si uv\u011bdomuje, \u017ee dosp\u011bl\u00ed s autismem se s v\u011bkem zlep\u0161uj\u00ed a rozv\u00edjej\u00ed. P\u0159\u00edstupni vzd\u011bl\u00e1v\u00e1n\u00ed jsou v dob\u011b, kdy my ostatn\u00ed za\u010d\u00edn\u00e1me m\u00edt probl\u00e9my s pam\u011bt\u00ed a nejsme u\u017e tak p\u0159izp\u016fsobiv\u00ed a flexibiln\u00ed. Pot\u0159ebuj\u00ed k tomu ale na\u0161i pomoc.<\/p>\n<p>Autismus ji\u017e nen\u00ed z\u00e1hadn\u00fdm pojmem jako je\u0161t\u011b p\u0159ed deseti lety, situace v\u0161ak st\u00e1le nen\u00ed ide\u00e1ln\u00ed. &#8222;Existuje mnohem v\u00edc \u0161kol, kde maj\u00ed pov\u011bdom\u00ed, jak pracovat s d\u011btmi s autismem. V n\u011bkter\u00fdch men\u0161\u00edch regionech ale st\u00e1le pot\u0159ebn\u00e1 p\u00e9\u010de dostupn\u00e1 nen\u00ed. Nav\u00edc i mezi odbornou ve\u0159ejnost\u00ed st\u00e1le p\u0159evl\u00e1d\u00e1 \u0159ada m\u00fdt\u016f o tom, co je autismus \u2013 zejm\u00e9na u leh\u010d\u00edch forem tohoto handicapu,&#8220; \u0159\u00edk\u00e1 Magdalena \u010c\u00e1slavsk\u00e1, \u0159editelka APLA Praha a st\u0159edn\u00ed \u010cechy.<\/p>\n<p>V Praze je podle n\u00ed situace mnohem lep\u0161\u00ed ne\u017e nap\u0159. v Libereck\u00e9m kraji, kde je st\u00e1le velmi t\u011b\u017ek\u00e9 sehnat pro d\u00edt\u011b s autismem t\u0159eba asistenta pedagoga. Odborn\u00edci v\u011b\u0159\u00ed, \u017ee nov\u00fd \u0161kolsk\u00fd z\u00e1kon pom\u016f\u017ee rozd\u00edly mezi jednotliv\u00fdmi kraji alespo\u0148 v t\u00e9to oblasti srovnat.<\/p>\n<p>A\u017e do konce dubna prob\u00edh\u00e1 kampa\u0148 za zv\u00fd\u0161en\u00ed pov\u011bdom\u00ed o autismu &#8222;\u010cesko sv\u00edt\u00ed mod\u0159e&#8220;, kter\u00e1 se letos zam\u011b\u0159uje na komunikaci. Pr\u00e1v\u011b ta je jednou ze t\u0159\u00ed oblast\u00ed, kter\u00e9 jsou pro lidi s autismem problematick\u00e9. &#8222;Diagnostika je v\u00fdrazn\u011b lep\u0161\u00ed. Onemocn\u011bn\u00ed um\u00edme rozpoznat ji\u017e mezi 15 a\u017e 21 m\u011bs\u00edci v\u011bku d\u00edt\u011bte. St\u00e1le se ale \u0161\u00ed\u0159\u00ed nesmysln\u00e9 m\u00fdty, nap\u0159\u00edklad, \u017ee d\u011bti s autismem se nemazl\u00ed nebo nemaj\u00ed o\u010dn\u00ed kontakt, setk\u00e1v\u00e1me se s t\u00edm i u odborn\u00edk\u016f,&#8220; \u0159\u00edk\u00e1 \u0159editelka N\u00e1rodn\u00edho \u00fastavu pro autismus Kate\u0159ina Thorov\u00e1. Podle n\u00ed velmi ubli\u017euje neodborn\u00fd p\u0159\u00edstup ve \u0161kol\u00e1ch a \u0161kolk\u00e1ch p\u0159i nerozpozn\u00e1n\u00ed onemocn\u011bn\u00ed, kdy se tla\u010d\u00ed na normalitu a rodi\u010de jsou obvi\u0148ov\u00e1ni z toho, \u017ee d\u00edt\u011b nedok\u00e1zali spr\u00e1vn\u011b vychovat. \u010c\u00edm d\u0159\u00edve se autismus diagnostikuje, t\u00edm d\u0159\u00edve je mo\u017en\u00e9 zah\u00e1jit v\u010dasnou intervenci. Pr\u00e1v\u011b stanoven\u00ed spr\u00e1vn\u00e9 a v\u010dasn\u00e9 diagn\u00f3zy ale u n\u00e1s z\u016fst\u00e1v\u00e1 velk\u00fdm probl\u00e9mem. Krom\u011b toho, \u017ee na odborn\u00e9 vy\u0161et\u0159en\u00ed m\u016f\u017ee rodina \u010dekat i rok, z\u00e1v\u011bry od r\u016fzn\u00fdch odborn\u00edk\u016f se \u010dasto li\u0161\u00ed.<\/p>\n<p>Chyb\u00ed l\u00e9ka\u0159i i psychologov\u00e9<\/p>\n<p>Nejv\u011bt\u0161\u00edm probl\u00e9mem je nedostatek kvalitn\u00edch specialist\u016f, zejm\u00e9na d\u011btsk\u00fdch psychiatr\u016f a d\u011btsk\u00fdch neurolog\u016f. Chyb\u00ed i klini\u010dt\u00ed logopedi, d\u011bt\u0161t\u00ed psychologov\u00e9 a osobn\u00ed asistenti. Podle odborn\u00edk\u016f u n\u00e1s sice m\u00e1me kvalitn\u00ed poskytovatele, neziskov\u00e9 a p\u0159\u00edsp\u011bvkov\u00e9 organizace i motivovan\u00e9 \u00fa\u0159edn\u00edky, kte\u0159\u00ed se sna\u017e\u00ed pro lidi s PAS (porucha autistick\u00e9ho spektra) n\u011bco d\u011blat, co ale chyb\u00ed, je jednotn\u00fd syst\u00e9m. PAS trp\u00ed dv\u011b procenta populace, v \u010cesku se jedn\u00e1 o 200 tis\u00edc lid\u00ed. Jde o celo\u017eivotn\u00ed posti\u017een\u00ed v oblasti vn\u00edm\u00e1n\u00ed, p\u0159edstavivosti a soci\u00e1ln\u00ed komunikace, p\u0159i\u010dem\u017e a\u017e 70 procent lid\u00ed s t\u00edmto onemocn\u011bn\u00edm trp\u00ed dal\u0161\u00ed psychickou poruchou, 40 procent dokonce dv\u011bma a v\u00edce.<\/p>\n<p>P\u0159\u00ed\u010dina onemocn\u011bn\u00ed spo\u010d\u00edv\u00e1 v 80 procentech v genetice, na zbytek m\u00e1 vliv zejm\u00e9na prost\u0159ed\u00ed, nap\u0159\u00edklad u\u017e\u00edv\u00e1n\u00ed l\u00e9k\u016f v t\u011bhotenstv\u00ed, p\u0159ed\u010dasn\u00fd porod, infekce v t\u011bhotenstv\u00ed, ale i vy\u0161\u0161\u00ed v\u011bk obou rodi\u010d\u016f. V sou\u010dasn\u00e9 dob\u011b neexistuje \u017e\u00e1dn\u00fd biologick\u00fd test \u010di vy\u0161et\u0159en\u00ed, kter\u00e9 by dok\u00e1zaly autismus definovat nebo prok\u00e1zat. Je tedy rozpozn\u00e1v\u00e1n na \u00farovni vystupov\u00e1n\u00ed, pozorov\u00e1n\u00edm chov\u00e1n\u00ed v r\u016fzn\u00fdch situac\u00edch a s r\u016fzn\u00fdmi lidmi.<\/p>\n<p>ZDENA KOL\u00c1\u0158OV\u00c1<br \/>\nPra\u017esk\u00fd den\u00edk<br \/>\n<a href=\"http:\/\/www.prazsky.denik.cz\/\">http:\/\/www.prazsky.denik.cz\/<\/a><\/p>\n","protected":false},"excerpt":{"rendered":"<div class=\"mh-excerpt\"><p>&#8222;Kdyby se m\u016fj syn do\u017eil 100 let, byl by norm\u00e1ln\u00ed,&#8220; \u0159ekla p\u0159ed lety maminka chlapce, kter\u00fd byl p\u0159edlohou filmov\u00e9ho Rain Mana. Sn\u00edmku popisuj\u00edc\u00edho sou\u017eit\u00ed dvou <a class=\"mh-excerpt-more\" href=\"https:\/\/www.invarena.cz\/?p=25307\" title=\"M\u00fdty o autismu p\u0159e\u017e\u00edvaj\u00ed. I mezi odborn\u00edky\">[&#8230;]<\/a><\/p>\n<\/div>","protected":false},"author":1,"featured_media":18795,"comment_status":"open","ping_status":"closed","sticky":false,"template":"","format":"standard","meta":{"footnotes":""},"categories":[9],"tags":[],"class_list":["post-25307","post","type-post","status-publish","format-standard","has-post-thumbnail","hentry","category-zpravy"],"_links":{"self":[{"href":"https:\/\/www.invarena.cz\/index.php?rest_route=\/wp\/v2\/posts\/25307","targetHints":{"allow":["GET"]}}],"collection":[{"href":"https:\/\/www.invarena.cz\/index.php?rest_route=\/wp\/v2\/posts"}],"about":[{"href":"https:\/\/www.invarena.cz\/index.php?rest_route=\/wp\/v2\/types\/post"}],"author":[{"embeddable":true,"href":"https:\/\/www.invarena.cz\/index.php?rest_route=\/wp\/v2\/users\/1"}],"replies":[{"embeddable":true,"href":"https:\/\/www.invarena.cz\/index.php?rest_route=%2Fwp%2Fv2%2Fcomments&post=25307"}],"version-history":[{"count":0,"href":"https:\/\/www.invarena.cz\/index.php?rest_route=\/wp\/v2\/posts\/25307\/revisions"}],"wp:featuredmedia":[{"embeddable":true,"href":"https:\/\/www.invarena.cz\/index.php?rest_route=\/wp\/v2\/media\/18795"}],"wp:attachment":[{"href":"https:\/\/www.invarena.cz\/index.php?rest_route=%2Fwp%2Fv2%2Fmedia&parent=25307"}],"wp:term":[{"taxonomy":"category","embeddable":true,"href":"https:\/\/www.invarena.cz\/index.php?rest_route=%2Fwp%2Fv2%2Fcategories&post=25307"},{"taxonomy":"post_tag","embeddable":true,"href":"https:\/\/www.invarena.cz\/index.php?rest_route=%2Fwp%2Fv2%2Ftags&post=25307"}],"curies":[{"name":"wp","href":"https:\/\/api.w.org\/{rel}","templated":true}]}}