{"id":25334,"date":"2016-06-18T13:34:50","date_gmt":"2016-06-18T11:34:50","guid":{"rendered":"http:\/\/www.invarena.cz\/?p=25334"},"modified":"2016-06-18T13:34:50","modified_gmt":"2016-06-18T11:34:50","slug":"tvare-letosniho-rocktherapy","status":"publish","type":"post","link":"https:\/\/www.invarena.cz\/?p=25334","title":{"rendered":"Tv\u00e1\u0159e leto\u0161n\u00edho Rocktherapy"},"content":{"rendered":"<p><strong>Hudebn\u00ed festival Rocktherapy ka\u017ed\u00fdm rokem pom\u00e1h\u00e1 t\u0159em vybran\u00fdm nemocn\u00fdm lidem se stejnou diagn\u00f3zou. Letos p\u016fjde jeho v\u00fdt\u011b\u017eek na pomoc lidem s roztrou\u0161enou skler\u00f3zou. Organiz\u00e1to\u0159i v dubnu p\u0159edstavili tv\u00e1\u0159e projektu, samotn\u00e1 akce je pak napl\u00e1nov\u00e1na na 27. srpna. <\/strong><!--more--><\/p>\n<p>Vystoup\u00ed na n\u00ed kapely Traktor, Limetal, Vil\u00e9m \u010cok &amp; Bypass, Salamandra, Kapriola a dal\u0161\u00ed.<br \/>\nV\u00fdt\u011b\u017eek z akce se pohybuje v \u0159\u00e1dech desetitis\u00edc\u016f korun. &#8222;Loni jsme tv\u00e1\u0159\u00edm projektu, tedy pacient\u016fm zrakov\u011b posti\u017een\u00fdm, konkr\u00e9tn\u011b pan\u00ed Ann\u011b Ko\u017einov\u00e9, pan\u00ed Elen\u011b Klie\u0161tikov\u00e9 a pan\u00ed Dagmar Moln\u00e1rov\u00e9, p\u0159edali 73 716 korun,&#8220; uvedla mluv\u010d\u00ed orlovsk\u00e9 radnice Nata\u0161a Cibulkov\u00e1. Leto\u0161n\u00edmi tv\u00e1\u0159emi festivalu jsou:<\/p>\n<p>Marie \u0160t\u011bp\u00e1nkov\u00e1 onemocn\u011bla roztrou\u0161enou skler\u00f3zou ve sv\u00fdch \u010dty\u0159iat\u0159iceti letech. V t\u00e9 dob\u011b m\u011bla t\u0159i mal\u00e9 d\u011bti a rozestav\u011bn\u00fd domek. Postupn\u011b se p\u0159id\u00e1valy dal\u0161\u00ed zdravotn\u00ed probl\u00e9my \u2013 cukrovka, zelen\u00fd z\u00e1kal, probl\u00e9my s p\u00e1te\u0159\u00ed a pr\u016fdu\u0161kov\u00e9 astma. Dnes je t\u00e9to velmi energick\u00e9 pan\u00ed, kter\u00e1 je l\u00e9ta upoutan\u00e1 na invalidn\u00ed voz\u00edk, sedmasedmdes\u00e1t let, a jak sama \u0159\u00edk\u00e1, d\u011bti j\u00ed vracej\u00ed to, co do nich vlo\u017eila. V\u00fdt\u011b\u017eek z koncertu by pou\u017eila na opravu voz\u00edku. &#8222;M\u016fj invalidn\u00ed voz\u00edk u\u017e dlouho vol\u00e1 po nov\u00fdch pneumatik\u00e1ch, tak\u017ee bych si je r\u00e1da po\u0159\u00eddila,&#8220; prozradila \u0160t\u011bp\u00e1nkov\u00e1.<\/p>\n<p>Kate\u0159ina Gavlovsk\u00e1 z Orlov\u00e9 by pou\u017eila v\u00fdt\u011b\u017eek k zakoupen\u00ed a instalaci schodolezu. &#8222;Maminka bydl\u00ed v sedm\u00e9m pat\u0159e, p\u0159i\u010dem\u017e v\u00fdtah z\u016fst\u00e1v\u00e1 v mezipat\u0159e. Kdy\u017e ji chci nav\u0161t\u00edvit, m\u00e1m probl\u00e9m\u2026&#8220; sv\u011b\u0159ila se \u017eena, kter\u00e1 onemocn\u011bla ve sv\u00fdch osmn\u00e1cti letech. &#8222;Nemoc za\u010dala na st\u0159edn\u00ed \u0161kole a docela nen\u00e1padn\u011b, zpo\u010d\u00e1tku m\u011b neposlouchala lev\u00e1 noha,&#8220; sv\u011b\u0159ila se sympatick\u00e1 Kate\u0159ina. Dnes je na voz\u00ed\u010dku, nemoc p\u0159ijala a nau\u010dila se s n\u00ed \u017e\u00edt. \u010cty\u0159iat\u0159icetilet\u00e1 \u017eena miluje p\u0159\u00edrodu, divadlo a p\u011bkn\u00e9 kn\u00ed\u017eky. Nau\u010dila se radovat z mali\u010dkost\u00ed, t\u0159eba z ka\u017ed\u00e9ho p\u011bkn\u00e9ho dne.<\/p>\n<p>\u0160\u00e1rka Mihalov\u00e1 \u2013 \u010dty\u0159icetilet\u00e1 \u017eena se venku pohybuje na voz\u00edku, doma to zvl\u00e1d\u00e1 s h\u016flkami. I ji nemoc p\u0159epadla mladou, ve 20 letech. &#8222;Rozhodn\u011b si nic nep\u0159ipou\u0161t\u00edm, m\u00e1m dv\u011b dcery, ob\u011b tan\u010d\u00ed, tak \u017eiju pro rodinu. Sna\u017e\u00edm se b\u00fdt naprosto sob\u011bsta\u010dn\u00e1 a co nejm\u00e9n\u011b o\u010dek\u00e1vat pomoc od druh\u00fdch,&#8220; popisuje vesel\u00e1 a optimistick\u00e1 \u0160\u00e1rka, kter\u00e1 v posledn\u00ed dob\u011b p\u0159e\u0161la na novou l\u00e9\u010dbu a vysadila kortikoidy. &#8222;Z v\u00fdt\u011b\u017eku bych si po\u0159\u00eddila speci\u00e1ln\u00ed zdravotn\u00ed matraci, a pokud by je\u0161t\u011b n\u011bjak\u00e9 pen\u00edzky zbyly, pou\u017eila bych je na opravu elektrick\u00e9ho voz\u00edku. P\u0159ece jen jsou to moje druh\u00e9 nohy,&#8220; usm\u00e1la se.<\/p>\n<p>&nbsp;<\/p>\n<p>PETR WOJNAR<\/p>\n<p>5plus2<\/p>\n","protected":false},"excerpt":{"rendered":"<div class=\"mh-excerpt\"><p>Hudebn\u00ed festival Rocktherapy ka\u017ed\u00fdm rokem pom\u00e1h\u00e1 t\u0159em vybran\u00fdm nemocn\u00fdm lidem se stejnou diagn\u00f3zou. Letos p\u016fjde jeho v\u00fdt\u011b\u017eek na pomoc lidem s roztrou\u0161enou skler\u00f3zou. Organiz\u00e1to\u0159i v <a class=\"mh-excerpt-more\" href=\"https:\/\/www.invarena.cz\/?p=25334\" title=\"Tv\u00e1\u0159e leto\u0161n\u00edho Rocktherapy\">[&#8230;]<\/a><\/p>\n<\/div>","protected":false},"author":1,"featured_media":12987,"comment_status":"open","ping_status":"closed","sticky":false,"template":"","format":"standard","meta":{"footnotes":""},"categories":[17],"tags":[],"class_list":["post-25334","post","type-post","status-publish","format-standard","has-post-thumbnail","hentry","category-kultura"],"_links":{"self":[{"href":"https:\/\/www.invarena.cz\/index.php?rest_route=\/wp\/v2\/posts\/25334","targetHints":{"allow":["GET"]}}],"collection":[{"href":"https:\/\/www.invarena.cz\/index.php?rest_route=\/wp\/v2\/posts"}],"about":[{"href":"https:\/\/www.invarena.cz\/index.php?rest_route=\/wp\/v2\/types\/post"}],"author":[{"embeddable":true,"href":"https:\/\/www.invarena.cz\/index.php?rest_route=\/wp\/v2\/users\/1"}],"replies":[{"embeddable":true,"href":"https:\/\/www.invarena.cz\/index.php?rest_route=%2Fwp%2Fv2%2Fcomments&post=25334"}],"version-history":[{"count":0,"href":"https:\/\/www.invarena.cz\/index.php?rest_route=\/wp\/v2\/posts\/25334\/revisions"}],"wp:featuredmedia":[{"embeddable":true,"href":"https:\/\/www.invarena.cz\/index.php?rest_route=\/wp\/v2\/media\/12987"}],"wp:attachment":[{"href":"https:\/\/www.invarena.cz\/index.php?rest_route=%2Fwp%2Fv2%2Fmedia&parent=25334"}],"wp:term":[{"taxonomy":"category","embeddable":true,"href":"https:\/\/www.invarena.cz\/index.php?rest_route=%2Fwp%2Fv2%2Fcategories&post=25334"},{"taxonomy":"post_tag","embeddable":true,"href":"https:\/\/www.invarena.cz\/index.php?rest_route=%2Fwp%2Fv2%2Ftags&post=25334"}],"curies":[{"name":"wp","href":"https:\/\/api.w.org\/{rel}","templated":true}]}}