{"id":25361,"date":"2016-04-26T10:32:06","date_gmt":"2016-04-26T08:32:06","guid":{"rendered":"http:\/\/www.invarena.cz\/?p=25361"},"modified":"2016-04-26T10:32:06","modified_gmt":"2016-04-26T08:32:06","slug":"divadelni-predstaveni-pomuze-nemocne-divce-usnadnit-zivot","status":"publish","type":"post","link":"https:\/\/www.invarena.cz\/?p=25361","title":{"rendered":"Divadeln\u00ed p\u0159edstaven\u00ed pom\u016f\u017ee nemocn\u00e9 d\u00edvce usnadnit \u017eivot"},"content":{"rendered":"<p><strong>Ob\u010dansk\u00e9 sdru\u017een\u00ed Sponte Sua organizuje u\u017e dlouh\u00e9 roky charitativn\u00ed divadeln\u00ed p\u0159edstaven\u00ed, jejich\u017e v\u00fdt\u011b\u017eek pom\u00e1h\u00e1 hendikepovan\u00fdm lidem<\/strong> <!--more--><\/p>\n<p>Mlad\u00e1 Boleslav \u2013 Hlava v p\u00edsku, to je n\u00e1zev hv\u011bzdn\u011b obsazen\u00e9 divadeln\u00ed hry autora a re\u017eis\u00e9ra Patrika Hartla.<\/p>\n<p>A pr\u00e1v\u011b s t\u00edmto p\u0159edstaven\u00edm p\u0159ijedou do Mlad\u00e9 Boleslavi u\u017e dnes ve\u010der Ivana Ch\u00fdlkov\u00e1 a Jan Potm\u011b\u0161il. V M\u011bstsk\u00e9m divadle se uskute\u010dn\u00ed dal\u0161\u00ed z charitativn\u00edch ve\u010der\u016f, za nimi\u017e stoj\u00ed ob\u010dansk\u00e9 sdru\u017een\u00ed Sponte Sua ve spolupr\u00e1ci s reklamn\u00ed agenturou Adverte.<\/p>\n<p>A komu v\u00fdt\u011b\u017eek pom\u016f\u017ee tentokr\u00e1t? To za Sponte Suu prozradila Alena \u0160ebkov\u00e1.<\/p>\n<p>&#8222;Hlava v p\u00edsku je na\u0161e leto\u0161n\u00ed prvn\u00ed charitativn\u00ed p\u0159edstaven\u00ed, a p\u0159isp\u00edvat tentokr\u00e1t budeme mlad\u00e9 d\u00edvce Kate\u0159in\u011b Krajcsovicsov\u00e9. Ta trp\u00ed od narozen\u00ed d\u011btskou mozkovou obrnou a pot\u0159ebuje nutn\u011b speci\u00e1ln\u00ed rehabilita\u010dn\u00ed ko\u010d\u00e1r a tak\u00e9 ods\u00e1vac\u00ed za\u0159\u00edzen\u00ed. Rodina si dal\u0161\u00ed investici dovolit nem\u016f\u017ee a za ka\u017edou pomoc jsou vd\u011b\u010dn\u00ed. P\u0159isp\u00edvat budeme \u010d\u00e1stkou 23 tis\u00edc korun,&#8220; uvedla.<\/p>\n<p>T\u011a\u017dK\u00dd \u017dIVOT S DMO<\/p>\n<p>D\u011btsk\u00e1 mozkov\u00e1 obrna je vrozen\u00e9 onemocn\u011bn\u00ed, kdy dojde k po\u0161kozen\u00ed mozku obvykle p\u0159i v\u00fdvoji plodu. Onemocn\u011bn\u00ed neohro\u017euje \u017eivot a nen\u00ed progresivn\u00ed, tedy nezhor\u0161uje se. M\u00e1 ale mnoho r\u016fzn\u00fdch podob a \u017eivot s n\u00ed rozhodn\u011b nen\u00ed jednoduch\u00fd. Lid\u00e9, kte\u0159\u00ed DMO trp\u00ed, maj\u00ed obvykle probl\u00e9my p\u0159edev\u0161\u00edm s pohybem, a rehabilitace je nezbytn\u00e1.<\/p>\n<p>&#8222;Pokud by lid\u00e9 m\u011bli z\u00e1jem se na pomoci pod\u00edlet, mohou si vstupenky rezervovat emailem na adrese ala.sebkova@adverte.cz nebo telefonicky na \u010d\u00edsle 605 233 333 nebo v kancel\u00e1\u0159i Sponte Sua v T\u00e1borsk\u00e9 ulici,&#8220; dod\u00e1v\u00e1 Alena \u0160ebkov\u00e1.<\/p>\n<p>Sponte Sua pro charitativn\u00ed ve\u010dery v\u017edy vyb\u00edr\u00e1 v\u00fdjime\u010dn\u00e1 divadeln\u00ed p\u0159edstaven\u00ed, kter\u00e1 by jinak Mladoboleslav\u00e1ci nem\u011bli \u0161anci vid\u011bt. Tentokr\u00e1t \u010dek\u00e1 n\u00e1v\u0161t\u011bvn\u00edky ji\u017e zm\u00edn\u011bn\u00e1 komedie Hlava v p\u00edsku, kterou Patrik Hartl napsal Ivan\u011b Ch\u00fdlkov\u00e9 a Janu Potm\u011b\u0161ilovi p\u0159\u00edmo na t\u011blo. &#8222;Je to neuv\u011b\u0159iteln\u00e1 lovestory bohat\u00e9ho po\u017eitk\u00e1\u0159e I\u0161tv\u00e1na a jeho \u017eeny Enike, kte\u0159\u00ed se spole\u010dn\u011b koupou v \u0161ampa\u0148sk\u00e9m, st\u0159\u00edlej\u00ed po sob\u011b, ut\u00edkaj\u00ed p\u0159ed polici\u00ed a nesnesiteln\u011b si lezou na nervy. A to v\u0161echno jenom proto, \u017ee se miluj\u00ed a\u017e za hrob,\u201d nazna\u010duje Alena \u0160ebkov\u00e1.<\/p>\n<p>DOBR\u00c9 ZPR\u00c1VY<\/p>\n<p>Ob\u010dansk\u00e9 sdru\u017een\u00ed na Boleslavsku podporuje nejen hendikepovan\u00e9 a nemocn\u00e9, ale pom\u00e1h\u00e1 rovn\u011b\u017e d\u011btem a student\u016fm.<\/p>\n<p>Jedn\u00edm z t\u011bch, komu u\u017e Sponte Sua pomohla, je mal\u00fd Franti\u0161ek. Ten shodou okolnost\u00ed trp\u00ed tak\u00e9 DMO a rovn\u011b\u017e spastickou dipar\u00e9zou, tedy zkracov\u00e1n\u00edm sval\u016f. Jeho maminka sh\u00e1n\u011bla pen\u00edze na operaci, kter\u00e1 by m\u011bla p\u011btilet\u00e9mu chlape\u010dkovi vr\u00e1tit \u0161anci postavit se na nohy.<\/p>\n<p>Laparoskopick\u00e1 operace v\u0161ak stoj\u00ed 70 tis\u00edc korun a zdravotn\u00ed poji\u0161\u0165ovna ji nehrad\u00ed. Pomohla Sponte Sua. A st\u00e1lo to za to, jak dokl\u00e1d\u00e1 radost Aleny \u0160ebkov\u00e9: &#8222;P\u0159i\u0161la skv\u011bl\u00e1 zpr\u00e1va od Franti\u0161kovy maminky: Franti\u0161ek na Velikonoce odchodil po sv\u00fdch celou koledu!&#8220;<\/p>\n<p>\u0160\u00c1RKA CHAROUSKOV\u00c1<br \/>\nBoleslavsk\u00fd den\u00edk<br \/>\n<a href=\"http:\/\/www.boleslavsky.denik.cz\/\">http:\/\/www.boleslavsky.denik.cz\/<\/a><\/p>\n","protected":false},"excerpt":{"rendered":"<div class=\"mh-excerpt\"><p>Ob\u010dansk\u00e9 sdru\u017een\u00ed Sponte Sua organizuje u\u017e dlouh\u00e9 roky charitativn\u00ed divadeln\u00ed p\u0159edstaven\u00ed, jejich\u017e v\u00fdt\u011b\u017eek pom\u00e1h\u00e1 hendikepovan\u00fdm lidem<\/p>\n<\/div>","protected":false},"author":1,"featured_media":20251,"comment_status":"open","ping_status":"closed","sticky":false,"template":"","format":"standard","meta":{"footnotes":""},"categories":[9],"tags":[],"class_list":["post-25361","post","type-post","status-publish","format-standard","has-post-thumbnail","hentry","category-zpravy"],"_links":{"self":[{"href":"https:\/\/www.invarena.cz\/index.php?rest_route=\/wp\/v2\/posts\/25361","targetHints":{"allow":["GET"]}}],"collection":[{"href":"https:\/\/www.invarena.cz\/index.php?rest_route=\/wp\/v2\/posts"}],"about":[{"href":"https:\/\/www.invarena.cz\/index.php?rest_route=\/wp\/v2\/types\/post"}],"author":[{"embeddable":true,"href":"https:\/\/www.invarena.cz\/index.php?rest_route=\/wp\/v2\/users\/1"}],"replies":[{"embeddable":true,"href":"https:\/\/www.invarena.cz\/index.php?rest_route=%2Fwp%2Fv2%2Fcomments&post=25361"}],"version-history":[{"count":0,"href":"https:\/\/www.invarena.cz\/index.php?rest_route=\/wp\/v2\/posts\/25361\/revisions"}],"wp:featuredmedia":[{"embeddable":true,"href":"https:\/\/www.invarena.cz\/index.php?rest_route=\/wp\/v2\/media\/20251"}],"wp:attachment":[{"href":"https:\/\/www.invarena.cz\/index.php?rest_route=%2Fwp%2Fv2%2Fmedia&parent=25361"}],"wp:term":[{"taxonomy":"category","embeddable":true,"href":"https:\/\/www.invarena.cz\/index.php?rest_route=%2Fwp%2Fv2%2Fcategories&post=25361"},{"taxonomy":"post_tag","embeddable":true,"href":"https:\/\/www.invarena.cz\/index.php?rest_route=%2Fwp%2Fv2%2Ftags&post=25361"}],"curies":[{"name":"wp","href":"https:\/\/api.w.org\/{rel}","templated":true}]}}