{"id":25385,"date":"2016-04-28T08:42:28","date_gmt":"2016-04-28T06:42:28","guid":{"rendered":"http:\/\/www.invarena.cz\/?p=25385"},"modified":"2016-04-28T08:42:28","modified_gmt":"2016-04-28T06:42:28","slug":"pro-pacienty-je-dulezite-co-nejdriv-zacit-rehabilitaci","status":"publish","type":"post","link":"https:\/\/www.invarena.cz\/?p=25385","title":{"rendered":"Pro pacienty je d\u016fle\u017eit\u00e9 co nejd\u0159\u00edv za\u010d\u00edt rehabilitaci"},"content":{"rendered":"<p><strong>\u010c\u00edm rychleji se zah\u00e1j\u00ed rehabilitace, t\u00edm m\u00e1 pacient v\u011bt\u0161\u00ed \u0161anci na zlep\u0161en\u00ed v oblasti aktivit a participac\u00ed. D\u016fle\u017eitost\u00ed v\u010dasn\u00e9 rehabilitace s nutnost\u00ed n\u00e1vaznosti rehabilitace soci\u00e1ln\u00ed, pedagogick\u00e9 a pracovn\u00ed se p\u0159edn\u00ed odborn\u00edci v rehabilitaci zab\u00fdvaj\u00ed pr\u00e1v\u011b dnes (28. dubna) na konferenci II. ko\u0161umbersk\u00fd den, kter\u00e1 se kon\u00e1 v Hamzov\u011b odborn\u00e9 l\u00e9\u010debn\u011b pro d\u011bti a dosp\u011bl\u00e9.<\/strong><!--more--><\/p>\n<p>&#8222;\u010c\u00edm rychleji se zah\u00e1j\u00ed rehabilitace, m\u00e1 pacient \u0161anci na v\u011bt\u0161\u00ed zlep\u0161en\u00ed v oblasti aktivit a participac\u00ed. T\u00e9mata se dot\u00fdkaj\u00ed i probl\u00e9m\u016f souvisej\u00edc\u00edch i s \u0159adou platn\u00fdch z\u00e1kon\u016f. Upozor\u0148uji na st\u00e1le vzr\u016fstaj\u00edc\u00ed d\u016fle\u017eitost neurorehabilitace,&#8220; vysv\u011btluje MUDr. V\u00e1clav Volejn\u00edk, CSc., \u0159editel Hamzovy l\u00e9\u010debny.<\/p>\n<p>Velk\u00e1 \u010d\u00e1st p\u0159edn\u00e1\u0161ek je v\u0161ak v\u011bnov\u00e1na d\u011btsk\u00e9 rehabilitaci a d\u016fle\u017eitosti mezioborov\u00e9 spolupr\u00e1ce. \u00da\u010dastn\u00edk\u016fm konference bude p\u0159edveden v\u00fdsledek spolupr\u00e1ce pracovn\u00edk\u016f Hamzovy l\u00e9\u010debny s u\u010diteli a \u017e\u00e1ky SPE\u0160 v Pardubic\u00edch. &#8222;Jedn\u00e1 se o vyu\u017eit\u00ed za\u0159\u00edzen\u00ed Kinect dopln\u011bn\u00fd o software, kter\u00fd umo\u017en\u00ed nemocn\u00fdm rehabilitaci z\u00e1bavnou formou.<\/p>\n<p>D\u016fle\u017eit\u00e1 je i po\u0159izovac\u00ed cena, kter\u00e1 je mnohon\u00e1sobn\u011b ni\u017e\u0161\u00ed ne\u017eli za\u0159\u00edzen\u00ed pro robotickou rehabilitaci. Douf\u00e1me, \u017ee se i nad\u00e1le bude tato spolupr\u00e1ce rozv\u00edjet a p\u0159inese prosp\u011bch nejen pacient\u016fm v l\u00e9\u010debn\u011b, ale budou si i moci po\u0159\u00eddit toto za\u0159\u00edzen\u00ed k dom\u00e1c\u00ed rehabilitaci. D\u016fle\u017eit\u00e9 je vyzdvihnout aktivn\u00ed p\u0159\u00edstup student\u016f a jejich zap\u00e1len\u00ed pro takto prosp\u011b\u0161nou v\u011bc,&#8220; \u0159\u00edk\u00e1 MUDr. Alena Klapalov\u00e1, n\u00e1m\u011bstek ZP.<\/p>\n","protected":false},"excerpt":{"rendered":"<div class=\"mh-excerpt\"><p>\u010c\u00edm rychleji se zah\u00e1j\u00ed rehabilitace, t\u00edm m\u00e1 pacient v\u011bt\u0161\u00ed \u0161anci na zlep\u0161en\u00ed v oblasti aktivit a participac\u00ed. D\u016fle\u017eitost\u00ed v\u010dasn\u00e9 rehabilitace s nutnost\u00ed n\u00e1vaznosti rehabilitace soci\u00e1ln\u00ed, <a class=\"mh-excerpt-more\" href=\"https:\/\/www.invarena.cz\/?p=25385\" title=\"Pro pacienty je d\u016fle\u017eit\u00e9 co nejd\u0159\u00edv za\u010d\u00edt rehabilitaci\">[&#8230;]<\/a><\/p>\n<\/div>","protected":false},"author":1,"featured_media":23970,"comment_status":"open","ping_status":"closed","sticky":false,"template":"","format":"standard","meta":{"footnotes":""},"categories":[11],"tags":[],"class_list":["post-25385","post","type-post","status-publish","format-standard","has-post-thumbnail","hentry","category-zdravi"],"_links":{"self":[{"href":"https:\/\/www.invarena.cz\/index.php?rest_route=\/wp\/v2\/posts\/25385","targetHints":{"allow":["GET"]}}],"collection":[{"href":"https:\/\/www.invarena.cz\/index.php?rest_route=\/wp\/v2\/posts"}],"about":[{"href":"https:\/\/www.invarena.cz\/index.php?rest_route=\/wp\/v2\/types\/post"}],"author":[{"embeddable":true,"href":"https:\/\/www.invarena.cz\/index.php?rest_route=\/wp\/v2\/users\/1"}],"replies":[{"embeddable":true,"href":"https:\/\/www.invarena.cz\/index.php?rest_route=%2Fwp%2Fv2%2Fcomments&post=25385"}],"version-history":[{"count":0,"href":"https:\/\/www.invarena.cz\/index.php?rest_route=\/wp\/v2\/posts\/25385\/revisions"}],"wp:featuredmedia":[{"embeddable":true,"href":"https:\/\/www.invarena.cz\/index.php?rest_route=\/wp\/v2\/media\/23970"}],"wp:attachment":[{"href":"https:\/\/www.invarena.cz\/index.php?rest_route=%2Fwp%2Fv2%2Fmedia&parent=25385"}],"wp:term":[{"taxonomy":"category","embeddable":true,"href":"https:\/\/www.invarena.cz\/index.php?rest_route=%2Fwp%2Fv2%2Fcategories&post=25385"},{"taxonomy":"post_tag","embeddable":true,"href":"https:\/\/www.invarena.cz\/index.php?rest_route=%2Fwp%2Fv2%2Ftags&post=25385"}],"curies":[{"name":"wp","href":"https:\/\/api.w.org\/{rel}","templated":true}]}}