{"id":25391,"date":"2016-04-29T07:40:13","date_gmt":"2016-04-29T05:40:13","guid":{"rendered":"http:\/\/www.invarena.cz\/?p=25391"},"modified":"2016-04-29T07:40:13","modified_gmt":"2016-04-29T05:40:13","slug":"akce-cihla-zacne-poulicnim-happeningem","status":"publish","type":"post","link":"https:\/\/www.invarena.cz\/?p=25391","title":{"rendered":"AKCE CIHLA za\u010dne pouli\u010dn\u00edm happeningem"},"content":{"rendered":"<p><strong>Celost\u00e1tn\u00ed benefi\u010dn\u00ed sb\u00edrka AKCE CIHLA bude od dev\u011btadvac\u00e1t\u00e9ho dubna u\u017e po sedmn\u00e1ct\u00e9 l\u00e1kat v ulic\u00edch \u0161estn\u00e1cti m\u011bst ke koupi speci\u00e1ln\u00edch benefi\u010dn\u00edch cihel.<\/strong><!--more--><\/p>\n<p> Ty symbolizuj\u00ed tradi\u010dn\u00ed \u00fa\u010del sb\u00edrky, kter\u00fdm je podpora p\u0159ev\u00e1\u017en\u011b stavebn\u00edch projekt\u016f ur\u010den\u00fdch ke zlep\u0161en\u00ed \u017eivota lid\u00ed s ment\u00e1ln\u00edm posti\u017een\u00edm.<\/p>\n<p>Leto\u0161n\u00ed sb\u00edrku odstartuje v p\u00e1tek dev\u011btadvac\u00e1t\u00e9ho dubna ve t\u0159i hodiny pr\u016fvod masek, kter\u00fd vyraz\u00ed od pra\u017esk\u00e9ho Obecn\u00edho domu a bude sm\u011b\u0159ovat k cihlov\u00e9mu st\u00e1nku v ulici Na p\u0159\u00edkop\u011b. Speci\u00e1ln\u00ed host\u00e9 jsou:<\/p>\n<p>Simona Sta\u0161ov\u00e1 a Jaroslav Sv\u011bcen\u00fd, Tam Tam Batucada, tane\u010dn\u00edci ze skupin Ulice d\u011btem, IN Dance a IRIS. Cel\u00fd happening zakon\u010d\u00ed sv\u00fdm vystoupen\u00edm zp\u011bva\u010dka Pe\u0165ka K. Po slavnostn\u00edm zah\u00e1jen\u00ed se sb\u00edrka roz\u0161\u00ed\u0159\u00ed do dal\u0161\u00edch patn\u00e1cti m\u011bst, p\u0159i\u010dem\u017e nejd\u00e9le bude fungovat op\u011bt v Praze, a to a\u017e do konce z\u00e1\u0159\u00ed.<\/p>\n<p>Patronka AKCE CIHLA here\u010dka Simona Sta\u0161ov\u00e1 vysv\u011btluje, pro\u010d ji\u017e jeden\u00e1ct let podporuje pr\u00e1v\u011b tuto sb\u00edrku: \u201eMezi klienty chr\u00e1n\u011bn\u00e9ho bydlen\u00ed Slapy m\u00e1m u\u017e i kamar\u00e1dy, p\u0159i\u010dem\u017e m\u016fj \u017eivot je d\u00edky t\u00e9to zku\u0161enosti bohat\u0161\u00ed. Jsem p\u0159esv\u011bd\u010den\u00e1, \u017ee pokud je v na\u0161ich sil\u00e1ch n\u011bkomu pomoci a skute\u010dn\u011b pom\u016f\u017eeme, budeme m\u00edt dobr\u00fd pocit z vlastn\u00edho \u017eivota.&#8220; Za pen\u00edze z\u00edskan\u00e9 z pra\u017esk\u00e9 sb\u00edrky oprav\u00ed po\u0159adatel\u00e9 kampan\u011b ze spole\u010dnosti Portus Praha st\u0159echu chr\u00e1n\u011bn\u00e9ho bydlen\u00ed Fara.<\/p>\n<p>Podrobn\u00e9 informace o um\u00edst\u011bn\u00ed st\u00e1nk\u016f, doprovodn\u00e9m programu a podporovan\u00fdch projektech najdete na www.akcecihla.cz<\/p>\n","protected":false},"excerpt":{"rendered":"<div class=\"mh-excerpt\"><p>Celost\u00e1tn\u00ed benefi\u010dn\u00ed sb\u00edrka AKCE CIHLA bude od dev\u011btadvac\u00e1t\u00e9ho dubna u\u017e po sedmn\u00e1ct\u00e9 l\u00e1kat v ulic\u00edch \u0161estn\u00e1cti m\u011bst ke koupi speci\u00e1ln\u00edch benefi\u010dn\u00edch cihel.<\/p>\n<\/div>","protected":false},"author":1,"featured_media":5083,"comment_status":"open","ping_status":"closed","sticky":false,"template":"","format":"standard","meta":{"footnotes":""},"categories":[7],"tags":[],"class_list":["post-25391","post","type-post","status-publish","format-standard","has-post-thumbnail","hentry","category-spolecnost"],"_links":{"self":[{"href":"https:\/\/www.invarena.cz\/index.php?rest_route=\/wp\/v2\/posts\/25391","targetHints":{"allow":["GET"]}}],"collection":[{"href":"https:\/\/www.invarena.cz\/index.php?rest_route=\/wp\/v2\/posts"}],"about":[{"href":"https:\/\/www.invarena.cz\/index.php?rest_route=\/wp\/v2\/types\/post"}],"author":[{"embeddable":true,"href":"https:\/\/www.invarena.cz\/index.php?rest_route=\/wp\/v2\/users\/1"}],"replies":[{"embeddable":true,"href":"https:\/\/www.invarena.cz\/index.php?rest_route=%2Fwp%2Fv2%2Fcomments&post=25391"}],"version-history":[{"count":0,"href":"https:\/\/www.invarena.cz\/index.php?rest_route=\/wp\/v2\/posts\/25391\/revisions"}],"wp:featuredmedia":[{"embeddable":true,"href":"https:\/\/www.invarena.cz\/index.php?rest_route=\/wp\/v2\/media\/5083"}],"wp:attachment":[{"href":"https:\/\/www.invarena.cz\/index.php?rest_route=%2Fwp%2Fv2%2Fmedia&parent=25391"}],"wp:term":[{"taxonomy":"category","embeddable":true,"href":"https:\/\/www.invarena.cz\/index.php?rest_route=%2Fwp%2Fv2%2Fcategories&post=25391"},{"taxonomy":"post_tag","embeddable":true,"href":"https:\/\/www.invarena.cz\/index.php?rest_route=%2Fwp%2Fv2%2Ftags&post=25391"}],"curies":[{"name":"wp","href":"https:\/\/api.w.org\/{rel}","templated":true}]}}