{"id":25392,"date":"2016-04-29T07:42:18","date_gmt":"2016-04-29T05:42:18","guid":{"rendered":"http:\/\/www.invarena.cz\/?p=25392"},"modified":"2016-04-29T07:42:18","modified_gmt":"2016-04-29T05:42:18","slug":"odbory-bezpecnost-prace-je-v-cr-stale-podcenovana","status":"publish","type":"post","link":"https:\/\/www.invarena.cz\/?p=25392","title":{"rendered":"Odbory: Bezpe\u010dnost pr\u00e1ce je v \u010cR st\u00e1le podce\u0148ov\u00e1na"},"content":{"rendered":"<p><strong>Problematika bezpe\u010dnosti pr\u00e1ce a prevence je v \u010cesku podce\u0148ov\u00e1na a ignorov\u00e1na, o \u010dem\u017e sv\u011bd\u010d\u00ed statistiky pracovn\u00ed \u00farazovosti. Po\u010det preventivn\u00edch kontrol bezpe\u010dnosti pr\u00e1ce by se m\u011bl zv\u00fd\u0161it.<\/strong><!--more--><\/p>\n<p>ilustra\u010dn\u00ed foto: Photoxpress<\/p>\n<p> Na dne\u0161n\u00edm briefingu to uvedla \u010ceskomoravsk\u00e1 konfederace odborov\u00fdch svaz\u016f (\u010cMKOS). Loni n\u00e1sledkem pracovn\u00edho \u00farazu zem\u0159elo v \u010cR 131 lid\u00ed, o 25 v\u00edce ne\u017e p\u0159edloni.<\/p>\n<p>Odbor\u00e1\u0159i dnes p\u0159ed sv\u00fdm pra\u017esk\u00fdm s\u00eddlem na n\u00e1m\u011bst\u00ed W. Churchilla uspo\u0159\u00e1dali za tyto ob\u011bti pietn\u00ed akt. Na 28. dubna p\u0159ipad\u00e1 Mezin\u00e1rodn\u00ed den vzpom\u00ednkov\u00fdch akc\u00ed za ob\u011bti pracovn\u00edch \u00faraz\u016f a nemoc\u00ed z povol\u00e1n\u00ed a za zran\u011bn\u00e9 p\u0159i pr\u00e1ci.<\/p>\n<p>&#8222;N\u00e1r\u016fst smrteln\u00fdch \u00faraz\u016f je \u010dasovanou bombou, a proto pova\u017eujeme za d\u016fle\u017eit\u00e9 vr\u00e1tit se do re\u017eimu zv\u00fd\u0161en\u00fdch preventivn\u00edch kontrol bezpe\u010dnosti pr\u00e1ce,&#8220; uvedl p\u0159edseda \u010cMKOS Josef St\u0159edula. Odbory podle n\u011bj budou na tripartit\u011b po\u017eadovat jin\u00fd, nov\u00fd a efektivn\u011bj\u0161\u00ed p\u0159\u00edstup k problematice bezpe\u010dnosti pr\u00e1ce.<\/p>\n<p>Nej\u010dast\u011bji smrteln\u00e9 \u00farazy p\u0159i pr\u00e1ci postihuj\u00ed lidi v\u011bkov\u00e9 kategorie 51 a\u017e 60 let. &#8222;P\u0159itom velmi vesele diskutujeme o prodlou\u017een\u00ed v\u011bku pro odchod do d\u016fchodu, mnohdy na nekone\u010dno, a tv\u00e1\u0159\u00edme se jako by se n\u00e1s to net\u00fdkalo, jako by \u010dlov\u011bk byl schopen zvl\u00e1dnout \u00fapln\u011b v\u0161echno,&#8220; dodal St\u0159edula.<\/p>\n<p>A\u017e o 100 procent v\u00edce smrteln\u00fdch nehod se podle n\u011bj tak\u00e9 stalo u dohod o proveden\u00ed pr\u00e1ce, tedy mimo pracovn\u00ed pom\u011br. &#8222;To podle na\u0161eho soudu v\u016fbec nen\u00ed n\u00e1hoda. To je snaha n\u011bkdy uniknout z trval\u00fdch pracovn\u00edch pom\u011br\u016f,&#8220; dodal.<\/p>\n<p>Podle \u00fadaj\u016f St\u00e1tn\u00edho \u00fa\u0159adu inspekce pr\u00e1ce (S\u00daIP) z konce lo\u0148sk\u00e9ho roku smrteln\u00fdch \u00faraz\u016f v pr\u00e1ci v minul\u00fdch letech postupn\u011b ub\u00fdvalo. Zat\u00edmco v roce 2002 se jich stalo 206, v roce 2013 jich bylo 113. Od roku 2014 se ale po\u010dty zase m\u00edrn\u011b zvy\u0161uj\u00ed. Podle d\u0159\u00edv\u011bj\u0161\u00edho vyj\u00e1d\u0159en\u00ed \u0161\u00e9fa S\u00daIP Rudolfa Hahna za r\u016fstem po\u010dtu m\u016f\u017ee b\u00fdt o\u017eiven\u00ed ekonomiky a r\u016fst zam\u011bstnanosti. Loni bylo v \u010cesku zaznamen\u00e1no 1299 pracovn\u00edch \u00faraz\u016f s hospitalizac\u00ed del\u0161\u00ed ne\u017e p\u011bt dn\u016f.<\/p>\n","protected":false},"excerpt":{"rendered":"<div class=\"mh-excerpt\"><p>Problematika bezpe\u010dnosti pr\u00e1ce a prevence je v \u010cesku podce\u0148ov\u00e1na a ignorov\u00e1na, o \u010dem\u017e sv\u011bd\u010d\u00ed statistiky pracovn\u00ed \u00farazovosti. Po\u010det preventivn\u00edch kontrol bezpe\u010dnosti pr\u00e1ce by se m\u011bl <a class=\"mh-excerpt-more\" href=\"https:\/\/www.invarena.cz\/?p=25392\" title=\"Odbory: Bezpe\u010dnost pr\u00e1ce je v \u010cR st\u00e1le podce\u0148ov\u00e1na\">[&#8230;]<\/a><\/p>\n<\/div>","protected":false},"author":1,"featured_media":18323,"comment_status":"open","ping_status":"closed","sticky":false,"template":"","format":"standard","meta":{"footnotes":""},"categories":[6],"tags":[],"class_list":["post-25392","post","type-post","status-publish","format-standard","has-post-thumbnail","hentry","category-politika"],"_links":{"self":[{"href":"https:\/\/www.invarena.cz\/index.php?rest_route=\/wp\/v2\/posts\/25392","targetHints":{"allow":["GET"]}}],"collection":[{"href":"https:\/\/www.invarena.cz\/index.php?rest_route=\/wp\/v2\/posts"}],"about":[{"href":"https:\/\/www.invarena.cz\/index.php?rest_route=\/wp\/v2\/types\/post"}],"author":[{"embeddable":true,"href":"https:\/\/www.invarena.cz\/index.php?rest_route=\/wp\/v2\/users\/1"}],"replies":[{"embeddable":true,"href":"https:\/\/www.invarena.cz\/index.php?rest_route=%2Fwp%2Fv2%2Fcomments&post=25392"}],"version-history":[{"count":0,"href":"https:\/\/www.invarena.cz\/index.php?rest_route=\/wp\/v2\/posts\/25392\/revisions"}],"wp:featuredmedia":[{"embeddable":true,"href":"https:\/\/www.invarena.cz\/index.php?rest_route=\/wp\/v2\/media\/18323"}],"wp:attachment":[{"href":"https:\/\/www.invarena.cz\/index.php?rest_route=%2Fwp%2Fv2%2Fmedia&parent=25392"}],"wp:term":[{"taxonomy":"category","embeddable":true,"href":"https:\/\/www.invarena.cz\/index.php?rest_route=%2Fwp%2Fv2%2Fcategories&post=25392"},{"taxonomy":"post_tag","embeddable":true,"href":"https:\/\/www.invarena.cz\/index.php?rest_route=%2Fwp%2Fv2%2Ftags&post=25392"}],"curies":[{"name":"wp","href":"https:\/\/api.w.org\/{rel}","templated":true}]}}