{"id":25393,"date":"2016-04-29T07:44:32","date_gmt":"2016-04-29T05:44:32","guid":{"rendered":"http:\/\/www.invarena.cz\/?p=25393"},"modified":"2016-04-29T07:44:32","modified_gmt":"2016-04-29T05:44:32","slug":"lecebne-konopi-bude-mozna-hradit-zdravotni-pojistovna","status":"publish","type":"post","link":"https:\/\/www.invarena.cz\/?p=25393","title":{"rendered":"L\u00e9\u010debn\u00e9 konop\u00ed bude mo\u017en\u00e1 hradit zdravotn\u00ed poji\u0161\u0165ovna"},"content":{"rendered":"<p><strong><br \/>\nPodle N\u011bme\u010dka se mo\u017en\u00e1 bude jednat o \u00fahrad\u011b konop\u00ed z poji\u0161t\u011bn\u00ed.<br \/>\nMinisterstvo zdravotnictv\u00ed by do roka mohlo m\u00edt v\u00fdsledky v\u00fdzkumu o \u00fa\u010dinc\u00edch l\u00e9\u010debn\u00e9ho konop\u00ed na pacienty. <\/strong><!--more--><\/p>\n<p>Pokud se potvrd\u00ed, \u017ee nemocn\u00fdm droga pom\u00e1h\u00e1, mohlo by se za\u010d\u00edt jednat o p\u0159\u00edpadn\u00e9m propl\u00e1cen\u00ed l\u00e9\u010den\u00ed ze zdravotn\u00edho poji\u0161t\u011bn\u00ed. Novin\u00e1\u0159\u016fm to dnes \u0159ekl ministr zdravotnictv\u00ed Svatopluk N\u011bme\u010dek (\u010cSSD).<\/p>\n<p>L\u00e9\u010debn\u00e9 konop\u00ed je v \u010cR dostupn\u00e9 jen na elektronick\u00fd recept s omezen\u00edm. Dostat ho mohou lid\u00e9 s rakovinou, roztrou\u0161enou skler\u00f3zou \u010di AIDS. Pacient\u016fm m\u00e1 zm\u00edrnit obt\u00ed\u017ee. P\u0159edepsat ho mohou onkologov\u00e9, neurologov\u00e9, odborn\u00edci z oboru paliativn\u00ed medic\u00edny, l\u00e9\u010dby bolesti, revmatologov\u00e9, ortopedi, infekcionisti, internist\u00e9, o\u010dn\u00ed a ko\u017en\u00ed l\u00e9ka\u0159i, geriat\u0159i \u010di psychiat\u0159i. Koncem prvn\u00edho \u010dtvrtlet\u00ed bylo v registru osm l\u00e9ka\u0159\u016f a 16 l\u00e9k\u00e1rn\u00edk\u016f.<\/p>\n<p>Podle pacientsk\u00e9ho spolku KOPAC by konop\u00ed pomohlo a\u017e 3000 pacient\u016f, v l\u00e9k\u00e1rn\u00e1ch si ho ale kupovaly jen dv\u011b des\u00edtky lid\u00ed. Valn\u00e1 v\u011bt\u0161ina nemocn\u00fdch na l\u00e9\u010divo nem\u00e1 pen\u00edze, uvedl spolek. \u017d\u00e1d\u00e1, aby se l\u00e9\u010debn\u00e9 konop\u00ed propl\u00e1celo ze zdravotn\u00edho poji\u0161t\u011bn\u00ed. Gram dovezen\u00e9ho konop\u00ed stoj\u00ed v l\u00e9k\u00e1rn\u00e1ch 300 korun, \u010desk\u00fd dodavatel zv\u00edt\u011bzil s cenou 68 korun bez DPH. Loni se zv\u00fd\u0161il m\u011bs\u00ed\u010dn\u00ed limit pro pacienta z 30 na 180 gram\u016f.<\/p>\n<p>Podle N\u011bme\u010dka pacienti &#8222;maj\u00ed nad\u011bji&#8220;. Pokud v\u00fdzkum uk\u00e1\u017ee, \u017ee nemocn\u00fdm konop\u00ed pom\u00e1h\u00e1, mohlo by se za\u010d\u00edt jednat o jeho \u00fahrad\u011b. V\u00fdsledky zkoum\u00e1n\u00ed \u00fa\u010dink\u016f by resort mohl m\u00edt do roka. Ministr dodal, \u017ee podle informac\u00ed a poznatk\u016f, kter\u00e9 m\u00e1, je l\u00e9\u010divo \u00fa\u010dinn\u00e9. L\u00e9ka\u0159i na l\u00e9\u010dbu konop\u00edm stejn\u00fd n\u00e1zor nemaj\u00ed. N\u011bkte\u0159\u00ed ji podporuj\u00ed, podle jin\u00fdch je dostatek jin\u00fdch l\u00e9\u010debn\u00fdch prost\u0159edk\u016f.<\/p>\n<p>St\u00e1tn\u00ed \u00fastav pro kontrolu l\u00e9\u010div (S\u00daKL) u\u017e d\u0159\u00edv uvedl, \u017ee p\u0159ed dv\u011bma lety v dob\u011b za\u0159azen\u00ed konop\u00ed mezi nehrazen\u00e9 p\u0159\u00edpravky studie s porovn\u00e1n\u00edm \u00fa\u010dink\u016f konop\u00ed a jin\u00fdch l\u00e9\u010div nebyly. Pro stanoven\u00ed \u00fahrady je to podle z\u00e1kona nezbytn\u00e9, stejn\u011b jako vyhodnocen\u00ed pom\u011bru n\u00e1klad\u016f a p\u0159\u00ednos\u016f l\u00e9\u010dby v\u010detn\u011b dopad\u016f do rozpo\u010dtu ve\u0159ejn\u00e9ho zdravotn\u00edho poji\u0161t\u011bn\u00ed.<\/p>\n<p>L\u00e9\u010debn\u00e9 konop\u00ed, neboli marihuana, obsahuje a\u017e 30 procent psychoaktivn\u00ed l\u00e1tky THC. Jej\u00ed po\u017e\u00edv\u00e1n\u00ed mimo l\u00e9\u010debn\u00e9 \u00fa\u010dely je v \u010cesku neleg\u00e1ln\u00ed.<\/p>\n","protected":false},"excerpt":{"rendered":"<div class=\"mh-excerpt\"><p>Podle N\u011bme\u010dka se mo\u017en\u00e1 bude jednat o \u00fahrad\u011b konop\u00ed z poji\u0161t\u011bn\u00ed. Ministerstvo zdravotnictv\u00ed by do roka mohlo m\u00edt v\u00fdsledky v\u00fdzkumu o \u00fa\u010dinc\u00edch l\u00e9\u010debn\u00e9ho konop\u00ed na <a class=\"mh-excerpt-more\" href=\"https:\/\/www.invarena.cz\/?p=25393\" title=\"L\u00e9\u010debn\u00e9 konop\u00ed bude mo\u017en\u00e1 hradit zdravotn\u00ed poji\u0161\u0165ovna\">[&#8230;]<\/a><\/p>\n<\/div>","protected":false},"author":1,"featured_media":15436,"comment_status":"open","ping_status":"closed","sticky":false,"template":"","format":"standard","meta":{"footnotes":""},"categories":[9],"tags":[],"class_list":["post-25393","post","type-post","status-publish","format-standard","has-post-thumbnail","hentry","category-zpravy"],"_links":{"self":[{"href":"https:\/\/www.invarena.cz\/index.php?rest_route=\/wp\/v2\/posts\/25393","targetHints":{"allow":["GET"]}}],"collection":[{"href":"https:\/\/www.invarena.cz\/index.php?rest_route=\/wp\/v2\/posts"}],"about":[{"href":"https:\/\/www.invarena.cz\/index.php?rest_route=\/wp\/v2\/types\/post"}],"author":[{"embeddable":true,"href":"https:\/\/www.invarena.cz\/index.php?rest_route=\/wp\/v2\/users\/1"}],"replies":[{"embeddable":true,"href":"https:\/\/www.invarena.cz\/index.php?rest_route=%2Fwp%2Fv2%2Fcomments&post=25393"}],"version-history":[{"count":0,"href":"https:\/\/www.invarena.cz\/index.php?rest_route=\/wp\/v2\/posts\/25393\/revisions"}],"wp:featuredmedia":[{"embeddable":true,"href":"https:\/\/www.invarena.cz\/index.php?rest_route=\/wp\/v2\/media\/15436"}],"wp:attachment":[{"href":"https:\/\/www.invarena.cz\/index.php?rest_route=%2Fwp%2Fv2%2Fmedia&parent=25393"}],"wp:term":[{"taxonomy":"category","embeddable":true,"href":"https:\/\/www.invarena.cz\/index.php?rest_route=%2Fwp%2Fv2%2Fcategories&post=25393"},{"taxonomy":"post_tag","embeddable":true,"href":"https:\/\/www.invarena.cz\/index.php?rest_route=%2Fwp%2Fv2%2Ftags&post=25393"}],"curies":[{"name":"wp","href":"https:\/\/api.w.org\/{rel}","templated":true}]}}