{"id":25412,"date":"2016-05-02T10:54:52","date_gmt":"2016-05-02T08:54:52","guid":{"rendered":"http:\/\/www.invarena.cz\/?p=25412"},"modified":"2016-05-02T10:54:52","modified_gmt":"2016-05-02T08:54:52","slug":"volnym-padem-proti-predsudkum-ve-spolecnosti","status":"publish","type":"post","link":"https:\/\/www.invarena.cz\/?p=25412","title":{"rendered":"Voln\u00fdm p\u00e1dem proti p\u0159edsudk\u016fm ve spole\u010dnosti"},"content":{"rendered":"<p><strong>Praha je letos Evropsk\u00fdm hlavn\u00edm m\u011bstem sportu, a i proto hostila netradi\u010dn\u00ed sportovn\u00ed manifest &#8222;Praha let\u00ed nap\u0159\u00ed\u010d handicapy&#8220;. Do jedin\u00e9ho v\u011btrn\u00e9ho tunelu v \u010cesk\u00e9 republice simuluj\u00edc\u00edho voln\u00fd p\u00e1d se sjeli z\u00e1stupci zdravotn\u011b posti\u017een\u00fdch ze v\u0161ech kraj\u016f, aby spole\u010dn\u00fdm l\u00e9t\u00e1n\u00edm dok\u00e1zali, \u017ee i s handicapem je mo\u017en\u00e9 d\u011blat t\u00e9m\u011b\u0159 cokoli. T\u0159eba rozdat si to ve \u010dtrn\u00e1ctimetrov\u00e9m sklen\u011bn\u00e9m tubusu s v\u011btrem o s\u00edle hurik\u00e1nu!<\/strong><!--more--><\/p>\n<p>Projekt podpo\u0159il mistr sv\u011bta v b\u011bhu na ly\u017e\u00edch Martin Koukal s olympioni\u010dkou Kate\u0159inou Neumannovou, herec Jan Ros\u00e1k, zp\u011bva\u010dka Kate\u0159ina M\u00e1tlov\u00e1, nebo zpr\u00e1va\u0159ka televize Prima Sandra Parmov\u00e1.<\/p>\n<p>&#8222;Lid\u00e9 s handicapem m\u011b v\u016fbec nemus\u00ed p\u0159esv\u011bd\u010dovat, \u017ee zvl\u00e1dnou \u00fapln\u011b v\u0161echno. Proto\u017ee na stejn\u00fdch trat\u00edch, kde jsem jezdila na olympi\u00e1d\u011b, po n\u00e1s nastupovali paralympionici a zvl\u00e1dali \u00fapln\u011b stejn\u00e9 kopce, stejn\u00e9 sjezdy jako my. Nepot\u0159ebovali k tomu v\u016fbec nic, jen podporu lid\u00ed okolo,&#8220; sv\u011b\u0159ila se b\u00fdval\u00e1 reprezentantka v b\u011bhu na ly\u017e\u00edch Kate\u0159ina Neumannov\u00e1.<\/p>\n<p>HANDICAP M\u016e\u017dE INSPIROVAT<\/p>\n<p>Zp\u011bva\u010dka Kate\u0159ina M\u00e1tlov\u00e1 prohl\u00e1sila, \u017ee handicapovan\u00ed ve v\u011btrn\u00e9m tunelu na tom byli ur\u010dit\u011b l\u00e9pe ne\u017e ona.<\/p>\n<p>&#8222;M\u011bla jsem opravdu strach, kter\u00fd na jevi\u0161ti nem\u00edv\u00e1m. Cht\u011bla bych jim pod\u011bkovat za to, jak se p\u0159ekon\u00e1vaj\u00ed a t\u00edm n\u00e1s inspiruj\u00ed.&#8220;<\/p>\n<p>JEDEME V TOM V\u0160ICHNI<\/p>\n<p>Projekt za podpory Magistr\u00e1tu hlavn\u00edho m\u011bsta Prahy po\u0159\u00e1dala neziskov\u00e1 organizace Cesta za snem, z. s., ve spolupr\u00e1ci s Hurricane Factory Praha, provozovatelem jedin\u00e9ho simul\u00e1toru voln\u00e9ho p\u00e1du v \u010cesk\u00e9 republice.<\/p>\n<p>&#8222;Na\u0161e projekty jsou postaveny na principu, \u017ee v tom jedeme v\u0161ichni,&#8220; \u0159\u00edk\u00e1 He\u0159man Volf z Cesty za snem.<\/p>\n<p>C\u00edlem projektu bylo upozornit handicapovan\u00e9, ale tak\u00e9 \u0161irokou ve\u0159ejnost, \u017ee nen\u00ed t\u0159eba stav\u011bt mezi sebe pomysln\u00e9 bari\u00e9ry.<\/p>\n<p>FILIP LUKE\u0160<br \/>\nPra\u017esk\u00fd den\u00edk<br \/>\n<a href=\"http:\/\/www.prazsky.denik.cz\/\">http:\/\/www.prazsky.denik.cz\/<\/a><\/p>\n","protected":false},"excerpt":{"rendered":"<div class=\"mh-excerpt\"><p>Praha je letos Evropsk\u00fdm hlavn\u00edm m\u011bstem sportu, a i proto hostila netradi\u010dn\u00ed sportovn\u00ed manifest &#8222;Praha let\u00ed nap\u0159\u00ed\u010d handicapy&#8220;. Do jedin\u00e9ho v\u011btrn\u00e9ho tunelu v \u010cesk\u00e9 republice <a class=\"mh-excerpt-more\" href=\"https:\/\/www.invarena.cz\/?p=25412\" title=\"Voln\u00fdm p\u00e1dem proti p\u0159edsudk\u016fm ve spole\u010dnosti\">[&#8230;]<\/a><\/p>\n<\/div>","protected":false},"author":1,"featured_media":21347,"comment_status":"open","ping_status":"closed","sticky":false,"template":"","format":"standard","meta":{"footnotes":""},"categories":[9],"tags":[],"class_list":["post-25412","post","type-post","status-publish","format-standard","has-post-thumbnail","hentry","category-zpravy"],"_links":{"self":[{"href":"https:\/\/www.invarena.cz\/index.php?rest_route=\/wp\/v2\/posts\/25412","targetHints":{"allow":["GET"]}}],"collection":[{"href":"https:\/\/www.invarena.cz\/index.php?rest_route=\/wp\/v2\/posts"}],"about":[{"href":"https:\/\/www.invarena.cz\/index.php?rest_route=\/wp\/v2\/types\/post"}],"author":[{"embeddable":true,"href":"https:\/\/www.invarena.cz\/index.php?rest_route=\/wp\/v2\/users\/1"}],"replies":[{"embeddable":true,"href":"https:\/\/www.invarena.cz\/index.php?rest_route=%2Fwp%2Fv2%2Fcomments&post=25412"}],"version-history":[{"count":0,"href":"https:\/\/www.invarena.cz\/index.php?rest_route=\/wp\/v2\/posts\/25412\/revisions"}],"wp:featuredmedia":[{"embeddable":true,"href":"https:\/\/www.invarena.cz\/index.php?rest_route=\/wp\/v2\/media\/21347"}],"wp:attachment":[{"href":"https:\/\/www.invarena.cz\/index.php?rest_route=%2Fwp%2Fv2%2Fmedia&parent=25412"}],"wp:term":[{"taxonomy":"category","embeddable":true,"href":"https:\/\/www.invarena.cz\/index.php?rest_route=%2Fwp%2Fv2%2Fcategories&post=25412"},{"taxonomy":"post_tag","embeddable":true,"href":"https:\/\/www.invarena.cz\/index.php?rest_route=%2Fwp%2Fv2%2Ftags&post=25412"}],"curies":[{"name":"wp","href":"https:\/\/api.w.org\/{rel}","templated":true}]}}