{"id":25413,"date":"2016-05-02T11:05:00","date_gmt":"2016-05-02T09:05:00","guid":{"rendered":"http:\/\/www.invarena.cz\/?p=25413"},"modified":"2016-05-02T11:05:00","modified_gmt":"2016-05-02T09:05:00","slug":"druhy-charitativni-beh-s-plaminkem-vyhrali-vsichni","status":"publish","type":"post","link":"https:\/\/www.invarena.cz\/?p=25413","title":{"rendered":"Druh\u00fd charitativn\u00ed b\u011bh s Plam\u00ednkem vyhr\u00e1li v\u0161ichni"},"content":{"rendered":"<p><strong>Sportovn\u00ed evidenc\u00ed pro\u0161lo 377 borc\u016f, ale svou \u00fa\u010dast finan\u010dn\u011b vyj\u00e1d\u0159ili i dal\u0161\u00ed a nebylo jich m\u00e1lo<\/strong> <!--more--><\/p>\n<p>Brn\u00e1 \u2013 P\u0159epln\u011bn\u00e1 lod\u011bnice v Brn\u00e9, ohromn\u00fd sk\u00e1kac\u00ed hrad, zv\u011bdav\u00ed cyklist\u00e9, vesel\u00e9 pozdravy z proj\u00ed\u017ed\u011bj\u00edc\u00edch lod\u00ed a hlavn\u011b pln\u00e1 pokladni\u010dka pen\u011bz pro dobrou v\u011bc. Druh\u00fd charitativn\u00ed b\u011bh Nada\u010dn\u00edho fondu Plam\u00ednek prov\u00e1zelo slunce a nejen sportovci pos\u00edlali svou energii mal\u00e9mu Ad\u00e1mkovi z T\u0159ebenic, kter\u00fd osobn\u011b pod\u011bkoval za nev\u0161edn\u00ed pomoc a se sv\u00fdm doprovodem dokonce absolvoval rodinn\u00fd b\u011bh.<\/p>\n<p>Sportovn\u00ed evidenc\u00ed pro\u0161lo 377 borc\u016f, ale svou \u00fa\u010dast finan\u010dn\u011b vyj\u00e1d\u0159ili i dal\u0161\u00ed a nebylo jich m\u00e1lo. &#8222;V\u016fbec jsem nev\u011bd\u011bl o t\u00e9to akci, vyt\u00e1hl jsem letos poprv\u00e9 kolo a na\u0159\u00eddil holk\u00e1m zrychlen\u00fd p\u0159esun do p\u0159\u00edrody. Tady snad bylo p\u016fl \u00dast\u00ed a je\u0161t\u011b k tomu se startovn\u00edmi \u010d\u00edsly. Dorazili jsme zrovna v okam\u017eiku, kdy\u017e kolem proj\u00ed\u017ed\u011bla dra\u010d\u00ed lo\u010f, tak jsem povolil kr\u00e1tkou p\u0159est\u00e1vku s dopln\u011bn\u00edm tekutin. Po chvilce bylo jasno a stovka putovala do kasi\u010dky na toho kluka. Hezk\u00fd n\u00e1pad,&#8220; sv\u011b\u0159il se cyklista Pavel ze St\u0159ekova a po chvilce pokra\u010doval s rodinou d\u00e1l.<\/p>\n<p>Nada\u010dn\u00ed fond Plam\u00ednek byl zalo\u017een v roce 2014 a m\u016f\u017ee se pochlubit \u0159adou skv\u011bl\u00fdch akc\u00ed. Jana Proch\u00e1zkov\u00e1 kr\u00e1tce pozdravila p\u0159\u00edtomn\u00e9 a p\u0159edstavila dev\u00edtilet\u00e9ho Ad\u00e1mka, kter\u00fd p\u0159es sv\u00e9 zdravotn\u00ed probl\u00e9my hltal pozitivn\u00ed energii barevn\u00e9ho davu. Potom u\u017e vyrazili na kilometrovou tra\u0165 ti nejmen\u0161\u00ed, n\u011bkte\u0159\u00ed skute\u010dn\u011b poprv\u00e9, t\u0159eba jako ro\u010dn\u00ed Emi\u010dka z Dob\u011btic se startovn\u00edm \u010d\u00edslem 369.<\/p>\n<p>Prvn\u00edm zlat\u00fdm medailistou byl p\u011btilet\u00fd Kry\u0161tof, v ml\u00e1de\u017enick\u00e9 kategorii porazila v\u0161echny kluky Sabina Hru\u0161kov\u00e1. P\u0159esn\u011b v patn\u00e1ct hodin byl odstartov\u00e1n hlavn\u00ed b\u011bh na p\u011bt a deset kilometr\u016f, z\u00e1v\u011br barevn\u00e9ho hada obstarali dva bos\u00ed b\u011b\u017eci, Pavel Vorl\u00edk a Michal Barv\u00ednek. Ten druh\u00fd dokon\u010dil z\u00e1vod s krvav\u00fdm palcem lev\u00e9 nohy, ale stejn\u011b m\u011bl dobrou n\u00e1ladu. P\u011btikilometrovou tra\u0165 nejrychleji prob\u011bhl \u0160imon Kobl\u00ed\u017eek, se startovn\u00edm \u010d\u00edslem 146, nejrychlej\u0161\u00ed \u017eenou byla Tereza Lachmanov\u00e1 se startovn\u00edm \u010d\u00edslem 148.<\/p>\n<p>O v\u00edt\u011bzi des\u00edtky snad nikdo nepochyboval, Petr Zuda ze V\u0161ebo\u0159ic je ozdobou ka\u017ed\u00e9ho b\u011b\u017eeck\u00e9ho z\u00e1vodu. Jako cenu dostal zaplacenou registraci na \u00dasteck\u00fd p\u016flmaraton.<\/p>\n<p>Stejnou cenu obdr\u017eela i Marcela Vy\u0161atov\u00e1, kter\u00e1 vystoupala na nejvy\u0161\u0161\u00ed stup\u00ednek mezi \u017eenami. Z\u00e1v\u011br okomentovala hlavn\u00ed po\u0159adatelka. &#8222;Jsem moc r\u00e1da, \u017ee p\u0159i\u0161lo tolik lid\u00ed, hodn\u011b to o na\u0161\u00ed povaze vypov\u00edd\u00e1. Je\u0161t\u011b nev\u00edm, kolik jsme na Ad\u00e1mka vybrali, ale v\u0161ichni mu dr\u017e\u00edme palce. V kalend\u00e1\u0159i m\u00e1me je\u0161t\u011b dal\u0161\u00ed akce, ta nejbli\u017e\u0161\u00ed se pomalu u\u017e p\u0159ipravuje. V r\u00e1mci Pivovarnick\u00e9ho jarmarku dostaneme z ka\u017ed\u00e9ho litru vypit\u00e9ho piva pades\u00e1t hal\u00e9\u0159\u016f a pivo m\u00e1 r\u00e1d snad ka\u017ed\u00fd \u00daste\u010dan,&#8220; prohl\u00e1sila Jana Proch\u00e1zkov\u00e1 a nasm\u011brovala d\u011bti k velk\u00e9 hranici z d\u0159ev\u011bn\u00fdch polen, na kter\u00e9 sed\u011bla velik\u00e1nsk\u00e1 \u010darod\u011bjnice. U Labe bylo v sobotu hezky a hodn\u00fdch lid\u00ed tam bylo skute\u010dn\u011b dost.<\/p>\n<p>&#8212;<\/p>\n<p>Fotogalerie na webu usteckydenik.cz<\/p>\n<p>MIROSLAV VLACH<br \/>\n\u00dasteck\u00fd den\u00edk<br \/>\n<a href=\"http:\/\/www.ustecky.denik.cz\/\">http:\/\/www.ustecky.denik.cz\/<\/a><\/p>\n","protected":false},"excerpt":{"rendered":"<div class=\"mh-excerpt\"><p>Sportovn\u00ed evidenc\u00ed pro\u0161lo 377 borc\u016f, ale svou \u00fa\u010dast finan\u010dn\u011b vyj\u00e1d\u0159ili i dal\u0161\u00ed a nebylo jich m\u00e1lo<\/p>\n<\/div>","protected":false},"author":1,"featured_media":22010,"comment_status":"open","ping_status":"closed","sticky":false,"template":"","format":"standard","meta":{"footnotes":""},"categories":[9],"tags":[],"class_list":["post-25413","post","type-post","status-publish","format-standard","has-post-thumbnail","hentry","category-zpravy"],"_links":{"self":[{"href":"https:\/\/www.invarena.cz\/index.php?rest_route=\/wp\/v2\/posts\/25413","targetHints":{"allow":["GET"]}}],"collection":[{"href":"https:\/\/www.invarena.cz\/index.php?rest_route=\/wp\/v2\/posts"}],"about":[{"href":"https:\/\/www.invarena.cz\/index.php?rest_route=\/wp\/v2\/types\/post"}],"author":[{"embeddable":true,"href":"https:\/\/www.invarena.cz\/index.php?rest_route=\/wp\/v2\/users\/1"}],"replies":[{"embeddable":true,"href":"https:\/\/www.invarena.cz\/index.php?rest_route=%2Fwp%2Fv2%2Fcomments&post=25413"}],"version-history":[{"count":0,"href":"https:\/\/www.invarena.cz\/index.php?rest_route=\/wp\/v2\/posts\/25413\/revisions"}],"wp:featuredmedia":[{"embeddable":true,"href":"https:\/\/www.invarena.cz\/index.php?rest_route=\/wp\/v2\/media\/22010"}],"wp:attachment":[{"href":"https:\/\/www.invarena.cz\/index.php?rest_route=%2Fwp%2Fv2%2Fmedia&parent=25413"}],"wp:term":[{"taxonomy":"category","embeddable":true,"href":"https:\/\/www.invarena.cz\/index.php?rest_route=%2Fwp%2Fv2%2Fcategories&post=25413"},{"taxonomy":"post_tag","embeddable":true,"href":"https:\/\/www.invarena.cz\/index.php?rest_route=%2Fwp%2Fv2%2Ftags&post=25413"}],"curies":[{"name":"wp","href":"https:\/\/api.w.org\/{rel}","templated":true}]}}