{"id":25432,"date":"2016-06-20T08:40:34","date_gmt":"2016-06-20T06:40:34","guid":{"rendered":"http:\/\/www.invarena.cz\/?p=25432"},"modified":"2016-06-20T08:40:34","modified_gmt":"2016-06-20T06:40:34","slug":"koncim-v-praci-kvuli-peci-o-blizkeho-mam-platit-zdravotni-a-socialni-pojisteni","status":"publish","type":"post","link":"https:\/\/www.invarena.cz\/?p=25432","title":{"rendered":"Kon\u010d\u00edm v pr\u00e1ci kv\u016fli p\u00e9\u010di o bl\u00edzk\u00e9ho. M\u00e1m platit zdravotn\u00ed a soci\u00e1ln\u00ed poji\u0161t\u011bn\u00ed?"},"content":{"rendered":"<p><strong>D\u00edt\u011b nebo v\u00e1\u017en\u011b nemocn\u00fd partner. Rodi\u010de, kte\u0159\u00ed se o sebe nezvl\u00e1daj\u00ed starat. St\u00e1t pom\u016f\u017ee prost\u0159ednictv\u00edm p\u0159\u00edsp\u011bvku na p\u00e9\u010di, ze kter\u00e9ho m\u00e1 nemocn\u00fd pokr\u00fdt n\u00e1klady na pe\u010dovatele. T\u00edm m\u016f\u017ee b\u00fdt \u2013 a \u010dasto b\u00fdv\u00e1 \u2013 i n\u011bkdo z rodiny. Co d\u011blat, kdy\u017e volba padne na v\u00e1s a vy budete muset nechat pr\u00e1ce?<\/strong><\/p>\n<p><!--more--><\/p>\n<p>N\u00e1rok na p\u0159\u00edsp\u011bvek na p\u00e9\u010di maj\u00ed osoby, kter\u00e9 se kv\u016fli dlouhodob\u011b nep\u0159\u00edzniv\u00e9mu zdravotn\u00edmu stavu neobejdou bez pomoci p\u0159i zvl\u00e1d\u00e1n\u00ed ka\u017edodenn\u00edch \u00fakon\u016f.<\/p>\n<p>P\u00e9\u010di takov\u00fdm osob\u00e1m krom\u011b profesion\u00e1l\u016f m\u016f\u017eou poskytnout i <em>osoby bl\u00edzk\u00e9<\/em> \u2013 rodinn\u00ed p\u0159\u00edslu\u0161n\u00edci nebo osoby \u017eij\u00edc\u00ed ve spole\u010dn\u00e9 dom\u00e1cnosti. Ty jsou tak\u00e9 p\u0159i pod\u00e1n\u00ed \u017e\u00e1dosti o p\u0159\u00edsp\u011bvek na p\u00e9\u010di na <a href=\"http:\/\/urady.penize.cz\/u174-urad-prace-kontaktni-pracoviste\">\u00fa\u0159ad pr\u00e1ce<\/a> uveden\u00ed ve formul\u00e1\u0159i <em>Ozn\u00e1men\u00ed o poskytovateli pomoci.<\/em><\/p>\n<p>P\u0159edn\u011b, pokud se do takov\u00e9 situace dostanete, neznamen\u00e1 to, \u017ee nutn\u011b mus\u00edte skon\u010dit v dosavadn\u00edm <a href=\"http:\/\/www.penize.cz\/zamestnani\">zam\u011bstn\u00e1n\u00ed<\/a>. Jestli\u017ee dok\u00e1\u017eete skloubit pr\u00e1ci s\u00a0odpov\u00eddaj\u00edc\u00ed p\u00e9\u010d\u00ed, z\u00e1kon v\u00e1s v\u00a0tomto sm\u011bru nijak neomezuje. Bez ohledu na to, v\u00a0jak\u00e9m stupni z\u00e1vislosti je osoba, o kterou pe\u010dujete.<\/p>\n<p>Co ale d\u011blat, kdy\u017e v\u00e1m jej\u00ed zdravotn\u00ed stav nedovol\u00ed d\u00e1l pracovat? Jak vy\u0159e\u0161it zdravotn\u00ed a soci\u00e1ln\u00ed poji\u0161t\u011bn\u00ed, a co a\u017e p\u00e9\u010de skon\u010d\u00ed?<\/p>\n<h2>Zdravotn\u00ed a soci\u00e1ln\u00ed poji\u0161t\u011bn\u00ed: Postar\u00e1 se st\u00e1t<\/h2>\n<p><a href=\"http:\/\/www.penize.cz\/zdravotni-pojisteni\">Zdravotn\u00ed poji\u0161t\u011bn\u00ed<\/a> mus\u00ed povinn\u011b hradit zam\u011bstnanci, osoby samostatn\u011b v\u00fdd\u011ble\u010dn\u011b \u010dinn\u00e9 i osoby bez zdaniteln\u00fdch p\u0159\u00edjm\u016f. Vedle nich vymezuje z\u00e1kon tak\u00e9 skupinu osob, za kter\u00e9 poji\u0161t\u011bn\u00ed hrad\u00ed st\u00e1t. Pr\u00e1v\u011b osoby pe\u010duj\u00edc\u00ed o sv\u00e9 bl\u00edzk\u00e9 do t\u00e9to skupiny spadaj\u00ed. Konkr\u00e9tn\u011b jde o osoby, kter\u00e9 pe\u010duj\u00ed:<\/p>\n<ul>\n<li>o d\u00edt\u011b mlad\u0161\u00ed des\u00edti let v\u00a0I. stupni z\u00e1vislosti<\/li>\n<li>o osobu jak\u00e9hokoli v\u011bku v\u00a0II., III. a IV. stupni z\u00e1vislosti<\/li>\n<\/ul>\n<div class=\"fr clear\">\n<div class=\"toolBox\">\n<div class=\"in\">\n<h3>Stupn\u011b z\u00e1vislosti<\/h3>\n<p>Rozli\u0161uj\u00ed se \u010dty\u0159i stupn\u011b z\u00e1vislosti; p\u0159i posuzov\u00e1n\u00ed, kter\u00fd stupe\u0148 z\u00e1vislosti se pot\u0159ebn\u00e9mu p\u0159izn\u00e1, se vyhodnocuje, kolik takzvan\u00fdch z\u00e1kladn\u00edch \u017eivotn\u00edch pot\u0159eb nezvl\u00e1d\u00e1 bez pomoci obstarat.<\/p>\n<table class=\"articleTable\">\n<tbody>\n<tr class=\"even\">\n<td><\/td>\n<td><strong>Pod 18 let<\/strong><\/td>\n<td><strong>Nad 18 let<\/strong><\/td>\n<\/tr>\n<tr class=\"odd\">\n<td>Stupe\u0148 z\u00e1vislosti<\/td>\n<td colspan=\"2\">Nezvl\u00e1dnut\u00e9 pot\u0159eby<\/td>\n<\/tr>\n<tr class=\"even\">\n<td>I. (lehk\u00e1 z\u00e1vislost)<\/td>\n<td>\n<p align=\"center\">3<\/p>\n<\/td>\n<td>\n<p align=\"center\">3 nebo 4<\/p>\n<\/td>\n<\/tr>\n<tr class=\"odd\">\n<td>II. (st\u0159edn\u011b t\u011b\u017ek\u00e1 z\u00e1vislost)<\/td>\n<td>\n<p align=\"center\">4 nebo 5<\/p>\n<\/td>\n<td>\n<p align=\"center\">5 nebo 6<\/p>\n<\/td>\n<\/tr>\n<tr class=\"even\">\n<td>III. (t\u011b\u017ek\u00e1 z\u00e1vislost)<\/td>\n<td>\n<p align=\"center\">6 nebo 7<\/p>\n<\/td>\n<td>\n<p align=\"center\">7 nebo 8<\/p>\n<\/td>\n<\/tr>\n<tr class=\"odd\">\n<td>IV. (\u00fapln\u00e1 z\u00e1vislost)<\/td>\n<td>\n<p align=\"center\">8 nebo 9<\/p>\n<\/td>\n<td>\n<p align=\"center\">9 nebo 10<\/p>\n<\/td>\n<\/tr>\n<\/tbody>\n<\/table>\n<h3>Z\u00e1kladn\u00ed \u017eivotn\u00ed pot\u0159eby<\/h3>\n<p>Tady je soupis des\u00edti z\u00e1kladn\u00edch \u017eivotn\u00edch pot\u0159eb a toho, co se pokl\u00e1d\u00e1 za jejich zvl\u00e1dnut\u00ed:<\/p>\n<ul>\n<li><strong>Mobilita<\/strong>\u00a0\u2013 jestli \u010dlov\u011bk dok\u00e1\u017ee vst\u00e1t, sednout si, st\u00e1t, m\u011bnit polohu, ch\u016fzi krok za krokem v dosahu alespo\u0148 200 metr\u016f.<\/li>\n<li><strong>Orientace<\/strong>\u00a0\u2013 jestli v\u00ed, jak\u00fd je den, pozn\u00e1v\u00e1 bl\u00edzk\u00e9 a orientuje se v obvykl\u00e9m prost\u0159ed\u00ed a situac\u00edch.<\/li>\n<li><strong>Komunikace<\/strong><strong>\u00a0<\/strong>\u2013 jestli je schopn\u00fd dorozum\u011bt se mluvenou srozumitelnou \u0159e\u010d\u00ed, rozum\u00ed v\u0161eobecn\u011b pou\u017e\u00edvan\u00fdm zvukov\u00fdm sign\u00e1l\u016fm a obrazov\u00fdm symbol\u016fm.<\/li>\n<li><strong>Stravov\u00e1n\u00ed<\/strong><strong>\u00a0<\/strong>\u2013 jestli si s\u00e1m naporcuje a naserv\u00edruje hotov\u00e9 j\u00eddlo a bez pomoci se naj\u00ed a napije.<\/li>\n<li><strong>Obl\u00e9k\u00e1n\u00ed a obouv\u00e1n\u00ed<\/strong><strong>\u00a0<\/strong>\u2013 jestli si dok\u00e1\u017ee vybrat oble\u010den\u00ed, obl\u00e9knout se, obout, svl\u00e9ct se a zout.<\/li>\n<li><strong>T\u011blesn\u00e1 hygiena<\/strong><strong>\u00a0<\/strong>\u2013 jestli se s\u00e1m umyje, osu\u0161\u00ed, vy\u010dist\u00ed si zuby, u\u010de\u0161e se a p\u0159\u00edpadn\u011b ohol\u00ed.<\/li>\n<li><strong>V\u00fdkon fyziologick\u00e9 pot\u0159eby<\/strong><strong>\u00a0<\/strong>\u2013 jestli samostatn\u011b a v\u010das pou\u017eije WC, vypr\u00e1zdn\u00ed se a provede o\u010distu.<\/li>\n<li><strong>P\u00e9\u010de o zdrav\u00ed<\/strong><strong>\u00a0<\/strong>\u2013 jestli zvl\u00e1dne dodr\u017eovat stanoven\u00fd l\u00e9\u010debn\u00fd re\u017eim a pou\u017e\u00edvat pot\u0159ebn\u00e9 l\u00e9ky a pom\u016fcky.<\/li>\n<li><strong>Osobn\u00ed aktivity<\/strong><strong>\u00a0<\/strong>\u2013 jestli vstupuje do vztahu s jin\u00fdmi osobami, s\u00e1m si stanov\u00ed a dodr\u017euje denn\u00ed re\u017eim, vykon\u00e1v\u00e1 aktivity obvykl\u00e9 v\u011bku a prost\u0159ed\u00ed.<\/li>\n<li><strong>P\u00e9\u010de o dom\u00e1cnost<\/strong>\u00a0\u2013 jestli samostatn\u011b nakl\u00e1d\u00e1 s vlastn\u00edm pen\u011bzi, obstar\u00e1 si b\u011b\u017en\u00fd n\u00e1kup, uva\u0159\u00ed tepl\u00e9 j\u00eddlo a vykon\u00e1v\u00e1 b\u011b\u017en\u00e9 dom\u00e1c\u00ed pr\u00e1ce. (Neposuzuje se u lid\u00ed pod osmn\u00e1ct rok\u016f.)<\/li>\n<\/ul>\n<\/div>\n<\/div>\n<\/div>\n<p><a href=\"http:\/\/www.penize.cz\/zdravotni-pojistovny\">Zdravotn\u00ed poji\u0161\u0165ovn\u011b<\/a> tedy sta\u010d\u00ed dolo\u017eit potvrzen\u00ed <a href=\"http:\/\/urady.penize.cz\/u174-urad-prace-kontaktni-pracoviste\">\u00fa\u0159adu pr\u00e1ce<\/a> (vyd\u00e1 v\u00e1m ho spolu rozhodnut\u00edm o p\u0159izn\u00e1n\u00ed p\u0159\u00edsp\u011bvku na p\u00e9\u010di), kter\u00e9 by m\u011blo obsahovat informace o osob\u011b, o kterou pe\u010dujete, v\u010detn\u011b p\u0159iznan\u00e9ho stupn\u011b z\u00e1vislosti a obdob\u00ed poskytov\u00e1n\u00ed p\u00e9\u010de. Dodat byste ho m\u011bli do osmi dn\u016f ode dne, kdy \u00fa\u0159ad p\u0159\u00edsp\u011bvek p\u0159iznal. Zdravotn\u00ed poji\u0161t\u011bn\u00ed za v\u00e1s od toho momentu plat\u00ed st\u00e1t.<\/p>\n<p>Probl\u00e9m ale m\u016f\u017ee nastat, jestli\u017ee je osoba, o kterou se star\u00e1te, del\u0161\u00ed \u010das v\u00a0nemocnici. Pokud hospitalizace trv\u00e1 d\u00e9le ne\u017e kalend\u00e1\u0159n\u00ed m\u011bs\u00edc, p\u0159\u00edsp\u011bvek na p\u00e9\u010di j\u00ed nen\u00e1le\u017e\u00ed a vy de facto nem\u00e1te o koho pe\u010dovat.<\/p>\n<p>V\u00a0tom p\u0159\u00edpad\u011b se pro <a href=\"http:\/\/www.penize.cz\/zdravotni-pojistovny\">zdravotn\u00ed poji\u0161\u0165ovnu<\/a> st\u00e1v\u00e1te osobou bez zdaniteln\u00fdch p\u0159\u00edjm\u016f. Mus\u00edte proto uhradit minim\u00e1ln\u00ed z\u00e1lohu, kter\u00e1 v\u00a0roce 2016 d\u011bl\u00e1 1337 korun, a to nejpozd\u011bji do osm\u00e9ho dne n\u00e1sleduj\u00edc\u00edho kalend\u00e1\u0159n\u00edho m\u011bs\u00edce. Podobn\u011b OSV\u010c, o kter\u00fdch bude \u0159e\u010d n\u00ed\u017e, mus\u00ed v\u00a0takov\u00e9 situaci zaplatit minim\u00e1ln\u00ed z\u00e1lohu, kter\u00e1 v\u00a0roce 2016 dosahuje \u010d\u00e1stky 1823 korun.<\/p>\n<p>Druh\u00e1 mo\u017enost je nechat se alespo\u0148 na \u010das za\u0159adit do evidence uchaze\u010d\u016f o zam\u011bstn\u00e1n\u00ed. V\u00a0tom p\u0159\u00edpad\u011b jde <a href=\"http:\/\/www.penize.cz\/zdravotni-pojistovny\">zdravotn\u00ed poji\u0161t\u011bn\u00ed<\/a> d\u00e1l na st\u00e1tn\u00ed \u00fatraty.<\/p>\n<p>Jinak je to se <a href=\"http:\/\/www.penize.cz\/socialni-pojisteni\">soci\u00e1ln\u00edm poji\u0161t\u011bn\u00edm<\/a>. To si povinn\u011b plat\u00ed zam\u011bstnanci a OSV\u010c, pro ostatn\u00ed, nap\u0159\u00edklad osoby bez zdaniteln\u00fdch p\u0159\u00edjmy, tato povinnost neplat\u00ed. Ani jako osoba pe\u010duj\u00edc\u00ed o osobu z\u00e1vislou na p\u00e9\u010di tedy nemus\u00edte soci\u00e1ln\u00ed poji\u0161t\u011bn\u00ed platit a neplat\u00ed ho za v\u00e1s ani st\u00e1t.<\/p>\n<p>Doba, po kterou pe\u010dujete (o osobu mlad\u0161\u00ed des\u00edti let v\u00a0I. stupni z\u00e1vislosti nebo jak\u00e9hokoliv v\u011bku v\u00a0II., III. a IV. stupni z\u00e1vislosti), se v\u00e1m nicm\u00e9n\u011b zapo\u010d\u00edt\u00e1v\u00e1 do doby pot\u0159ebn\u00e9ho poji\u0161t\u011bn\u00ed na <a href=\"http:\/\/www.penize.cz\/duchody\">d\u016fchod<\/a> jako takzvan\u00e1 <a href=\"http:\/\/www.penize.cz\/podpora-v-nezamestnanosti\/307345-podpora-v-nezamestnanosti-v-roce-2016-roste-a-na-pracaku-si-muzete-privydelat-vic#nahradni-doby\">n\u00e1hradn\u00ed doba poji\u0161t\u011bn\u00ed<\/a>. V\u00a0praxi se tedy roky, kdy jste se starali o nemocnou babi\u010dku, berou stejn\u011b, jako kdybyste byli <a href=\"http:\/\/www.penize.cz\/zamestnani\">zam\u011bstnan\u00ed<\/a> nebo si vyd\u011bl\u00e1vali <a href=\"http:\/\/www.penize.cz\/podnikani\">podnik\u00e1n\u00edm<\/a>.<\/p>\n<p>N\u00e1rok na zapo\u010dten\u00ed n\u00e1hradn\u00ed doby ov\u0161em nevznikne automaticky. Na <a href=\"http:\/\/urady.penize.cz\/u127-okresni-spravy-socialniho-zabezpeceni\">soci\u00e1lku<\/a> mus\u00edte nejprve podat n\u00e1vrh na vyd\u00e1n\u00ed rozhodnut\u00ed o dob\u011b a rozsahu p\u00e9\u010de \u2013 nejd\u0159\u00edv po skon\u010den\u00ed p\u00e9\u010de a maxim\u00e1ln\u011b do dvou let od jej\u00edho ukon\u010den\u00ed. Pokud v\u00e1m vznikl n\u00e1rok na <a href=\"http:\/\/www.penize.cz\/duchody\">d\u016fchod<\/a>, m\u016f\u017eete n\u00e1vrh podat i v\u00a0p\u0159\u00edpad\u011b, \u017ee p\u00e9\u010de st\u00e1le b\u011b\u017e\u00ed.<\/p>\n<div class=\"fr clear\">\n<div class=\"toolBox\">\n<div class=\"in\">\n<p>Vedle p\u0159\u00edsp\u011bvku na p\u00e9\u010di vypl\u00e1c\u00ed st\u00e1t tak\u00e9 d\u00e1vky pro zdravotn\u011b posti\u017een\u00e9.<\/p>\n<p><strong>Konec p\u00e9\u010de. M\u00e1te n\u00e1rok na podporu?<\/strong><\/p>\n<\/div>\n<\/div>\n<\/div>\n<p>Obdob\u00ed, kdy pe\u010dujete o bl\u00edzkou osobu, se tedy bere jako n\u00e1hradn\u00ed doba poji\u0161t\u011bn\u00ed. Z\u00a0hlediska n\u00e1rok\u016f na v\u00fdplatu \u201epln\u011bn\u00ed z\u00a0povinn\u00e9ho poji\u0161t\u011bn\u00ed\u201c je to tot\u00e9\u017e, jako byste soci\u00e1ln\u00ed poji\u0161t\u011bn\u00ed platili. Pokud tedy pe\u010dovat p\u0159estanete, budete m\u00edt tak\u00e9 n\u00e1rok na <a href=\"http:\/\/www.penize.cz\/podpora-v-nezamestnanosti\">podporu v\u00a0nezam\u011bstnanosti<\/a> \u2013 kdy\u017e se nech\u00e1te zapsat do evidence uchaze\u010d\u016f na <a href=\"http:\/\/urady.penize.cz\/u174-urad-prace-kontaktni-pracoviste\">\u00fa\u0159adu pr\u00e1ce<\/a>. Podm\u00ednkou ale je, \u017ee jste b\u011bhem dvou let p\u0159edch\u00e1zej\u00edc\u00edch za\u0159azen\u00ed do evidence platili soci\u00e1ln\u00ed poji\u0161t\u011bn\u00ed (nebo \u201ebyli n\u00e1hradn\u011b poji\u0161t\u011bni\u201c) aspo\u0148 dvan\u00e1ct m\u011bs\u00edc\u016f<\/p>\n<p>V\u00fd\u0161e podpory se po\u010d\u00edt\u00e1 z\u00a0pr\u016fm\u011brn\u00e9 mzdy v\u00a0n\u00e1rodn\u00edm hospod\u00e1\u0159stv\u00ed za 1. a\u017e 3. \u010dtvrtlet\u00ed p\u0159edch\u00e1zej\u00edc\u00edho roku, ta v\u00a0roce 2015 dosahovala \u010d\u00e1stky 25\u00a0903 korun. Z\u00a0t\u00e9to \u010d\u00e1stky by v\u00e1m \u00fa\u0159ad pr\u00e1ce vyplatil:<\/p>\n<ul>\n<li>prvn\u00ed dva m\u011bs\u00edce jej\u00ed 0,15 n\u00e1sobek \u2013 3886 korun<\/li>\n<li>dal\u0161\u00ed dva m\u011bs\u00edce jej\u00ed 0,12 n\u00e1sobek \u2013 3109 korun<\/li>\n<li>do konce podp\u016fr\u010d\u00ed doby jej\u00ed 0,11 n\u00e1sobek \u2013 2849 korun<\/li>\n<\/ul>\n<h2>OSV\u010c jako pe\u010duj\u00edc\u00ed<\/h2>\n<p>P\u00e9\u010de o osobu z\u00e1vislou na p\u00e9\u010di v\u00e1m sama o sob\u011b nebr\u00e1n\u00ed ani v\u00a0samostatn\u011b v\u00fdd\u011ble\u010dn\u00e9 \u010dinnosti. Jestli podnik\u00e1te nebo byste se do <a href=\"http:\/\/www.penize.cz\/podnikani\">podnik\u00e1n\u00ed<\/a> r\u00e1di pustili, placen\u00ed <a href=\"http:\/\/www.penize.cz\/socialni-pojisteni\">soci\u00e1ln\u00edho<\/a> a <a href=\"http:\/\/www.penize.cz\/zdravotni-pojisteni\">zdravotn\u00edho poji\u0161t\u011bn\u00ed<\/a> se ale nevyhnete. Plat\u00ed pro v\u00e1s ov\u0161em jin\u00e1 pravidla ne\u017e pro osoby samostatn\u011b v\u00fdd\u011ble\u010dn\u011b \u010dinn\u00e9, pro kter\u00e9 je podnik\u00e1n\u00ed <em>hlavn\u00ed v\u00fdd\u011ble\u010dn\u00e9 \u010dinnosti<\/em>. Pro pe\u010duj\u00edc\u00ed bude podnik\u00e1n\u00ed <em>vedlej\u0161\u00ed v\u00fdd\u011ble\u010dn\u00e1 \u010dinnost. <\/em>Za vedlej\u0161\u00ed \u010dinnost se podnik\u00e1n\u00ed pova\u017euje, pokud osoba samostatn\u011b v\u00fdd\u011ble\u010dn\u011b \u010dinn\u00e1 v\u00a0kalend\u00e1\u0159n\u00edm roce:<\/p>\n<ul>\n<li>pe\u010duje o d\u00edt\u011b mlad\u0161\u00ed 10 let v\u00a0I. stupni z\u00e1vislosti<\/li>\n<li>pe\u010duje o osobu jak\u00e9hokoliv v\u011bku v\u00a0II., III. a IV. stupni z\u00e1vislosti<\/li>\n<\/ul>\n<p>\u017de je va\u0161e samostatn\u011b v\u00fdd\u011ble\u010dn\u00e1 \u010dinnost vedlej\u0161\u00ed, mus\u00edte d\u00e1t v\u011bd\u011bt <a href=\"http:\/\/urady.penize.cz\/u127-okresni-spravy-socialniho-zabezpeceni\">okresn\u00ed spr\u00e1v\u011b soci\u00e1ln\u00edho zabezpe\u010den\u00ed<\/a> nejpozd\u011bji p\u0159i pod\u00e1n\u00ed <em>P\u0159ehledu o p\u0159\u00edjmech a v\u00fddaj\u00edch<\/em> a sou\u010dasn\u011b p\u00e9\u010di nejpozd\u011bji do m\u011bs\u00edce od pod\u00e1n\u00ed p\u0159ehledu prok\u00e1zat potvrzen\u00edm pl\u00e1tce p\u0159\u00edsp\u011bvku na p\u00e9\u010di. Pl\u00e1tcem je \u00fa\u0159ad pr\u00e1ce a potvrzen\u00ed v\u00e1m vyd\u00e1 spolu rozhodnut\u00edm o p\u0159izn\u00e1n\u00ed p\u0159\u00edsp\u011bvku na p\u00e9\u010di.<\/p>\n<p>Potvrzen\u00ed je pot\u0159eba dolo\u017eit i <a href=\"http:\/\/www.penize.cz\/zdravotni-pojistovny\">zdravotn\u00ed poji\u0161\u0165ovn\u011b<\/a>, ov\u0161em do osmi dn\u00ed ode dne, kdy jste se za\u010dali pe\u010dovat.<\/p>\n<p>Pokud s podnik\u00e1n\u00edm teprve za\u010d\u00edn\u00e1te, nemus\u00edte b\u011bhem prvn\u00edho roku odv\u00e1d\u011bt z\u00e1lohy na <a href=\"http:\/\/www.penize.cz\/zdravotni-pojisteni\">zdravotn\u00ed<\/a> ani <a href=\"http:\/\/www.penize.cz\/socialni-pojisteni\">soci\u00e1ln\u00ed poji\u0161t\u011bn\u00ed<\/a>, a to op\u011bt a\u017e do pod\u00e1n\u00ed prvn\u00edho <em>P\u0159ehledu o p\u0159\u00edjmech a v\u00fddaj\u00edch<\/em>. Pojistn\u00e9 doplat\u00edte <a href=\"http:\/\/www.penize.cz\/zdravotni-pojistovny\">poji\u0161\u0165ovn\u011b<\/a> i <a href=\"http:\/\/urady.penize.cz\/u127-okresni-spravy-socialniho-zabezpeceni\">okresn\u00ed spr\u00e1v\u011b soci\u00e1ln\u00edho zabezpe\u010den\u00ed<\/a> zp\u011btn\u011b.<\/p>\n<p>Co se t\u00fd\u010de zdravotn\u00edho poji\u0161t\u011bn\u00ed, neplat\u00ed pro v\u00e1s minim\u00e1ln\u00ed vym\u011b\u0159ovac\u00ed z\u00e1klad, respektive minim\u00e1ln\u00ed z\u00e1lohy, kter\u00e9 v\u00a0roce 2016 d\u011blaj\u00ed 1823 korun. Z\u00e1lohy na pojistn\u00e9 odv\u00e1d\u00edte na z\u00e1klad\u011b skute\u010dn\u011b dosa\u017een\u00e9ho zisku.<\/p>\n<p>U soci\u00e1ln\u00edho poji\u0161t\u011bn\u00ed se na v\u00e1s vztahuje minim\u00e1ln\u00ed m\u011bs\u00ed\u010dn\u00ed z\u00e1loha ve sn\u00ed\u017een\u00e9 v\u00fd\u0161i, kter\u00e1 v\u00a0roce 2016 dosahuje \u010d\u00e1stky 789 korun.<\/p>\n","protected":false},"excerpt":{"rendered":"<div class=\"mh-excerpt\"><p>D\u00edt\u011b nebo v\u00e1\u017en\u011b nemocn\u00fd partner. Rodi\u010de, kte\u0159\u00ed se o sebe nezvl\u00e1daj\u00ed starat. St\u00e1t pom\u016f\u017ee prost\u0159ednictv\u00edm p\u0159\u00edsp\u011bvku na p\u00e9\u010di, ze kter\u00e9ho m\u00e1 nemocn\u00fd pokr\u00fdt n\u00e1klady na <a class=\"mh-excerpt-more\" href=\"https:\/\/www.invarena.cz\/?p=25432\" title=\"Kon\u010d\u00edm v pr\u00e1ci kv\u016fli p\u00e9\u010di o bl\u00edzk\u00e9ho. M\u00e1m platit zdravotn\u00ed a soci\u00e1ln\u00ed poji\u0161t\u011bn\u00ed?\">[&#8230;]<\/a><\/p>\n<\/div>","protected":false},"author":1,"featured_media":24121,"comment_status":"open","ping_status":"closed","sticky":false,"template":"","format":"standard","meta":{"footnotes":""},"categories":[9],"tags":[],"class_list":["post-25432","post","type-post","status-publish","format-standard","has-post-thumbnail","hentry","category-zpravy"],"_links":{"self":[{"href":"https:\/\/www.invarena.cz\/index.php?rest_route=\/wp\/v2\/posts\/25432","targetHints":{"allow":["GET"]}}],"collection":[{"href":"https:\/\/www.invarena.cz\/index.php?rest_route=\/wp\/v2\/posts"}],"about":[{"href":"https:\/\/www.invarena.cz\/index.php?rest_route=\/wp\/v2\/types\/post"}],"author":[{"embeddable":true,"href":"https:\/\/www.invarena.cz\/index.php?rest_route=\/wp\/v2\/users\/1"}],"replies":[{"embeddable":true,"href":"https:\/\/www.invarena.cz\/index.php?rest_route=%2Fwp%2Fv2%2Fcomments&post=25432"}],"version-history":[{"count":0,"href":"https:\/\/www.invarena.cz\/index.php?rest_route=\/wp\/v2\/posts\/25432\/revisions"}],"wp:featuredmedia":[{"embeddable":true,"href":"https:\/\/www.invarena.cz\/index.php?rest_route=\/wp\/v2\/media\/24121"}],"wp:attachment":[{"href":"https:\/\/www.invarena.cz\/index.php?rest_route=%2Fwp%2Fv2%2Fmedia&parent=25432"}],"wp:term":[{"taxonomy":"category","embeddable":true,"href":"https:\/\/www.invarena.cz\/index.php?rest_route=%2Fwp%2Fv2%2Fcategories&post=25432"},{"taxonomy":"post_tag","embeddable":true,"href":"https:\/\/www.invarena.cz\/index.php?rest_route=%2Fwp%2Fv2%2Ftags&post=25432"}],"curies":[{"name":"wp","href":"https:\/\/api.w.org\/{rel}","templated":true}]}}