{"id":25435,"date":"2016-05-04T09:42:19","date_gmt":"2016-05-04T07:42:19","guid":{"rendered":"http:\/\/www.invarena.cz\/?p=25435"},"modified":"2016-05-04T09:42:19","modified_gmt":"2016-05-04T07:42:19","slug":"na-emoce-nebyl-cas-shoduji-se-oceneni-za-tragedii-ve-studence","status":"publish","type":"post","link":"https:\/\/www.invarena.cz\/?p=25435","title":{"rendered":"Na emoce nebyl \u010das, shoduj\u00ed se ocen\u011bn\u00ed za trag\u00e9dii ve Stud\u00e9nce"},"content":{"rendered":"<p><strong>Z\u00e1stupci bezpe\u010dnostn\u00edch slo\u017eek v Ostrav\u011b p\u0159evzali ocen\u011bn\u00ed Zlat\u00fd z\u00e1chran\u00e1\u0159sk\u00fd k\u0159\u00ed\u017e za lo\u0148sk\u00fd z\u00e1sah u nehody kamionu a pendolina ve Stud\u00e9nce na Novoji\u010d\u00ednsku.<\/strong><!--more--><\/p>\n<p> Vlak tam tehdy narazil do kamionu, jeho\u017e \u0159idi\u010d vjel na p\u0159ejezd v dob\u011b, kdy u\u017e sv\u00edtila \u010derven\u00e1 sv\u011btla. T\u0159i lid\u00e9 nehodu nep\u0159e\u017eili, 17 jich bylo zran\u011bno. Zasahuj\u00edc\u00ed z\u00e1chran\u00e1\u0159i se dnes shodli, \u017ee na emoce nebyl na m\u00edst\u011b \u010das. Mnoz\u00ed ani p\u016fvodn\u011b netu\u0161ili, k jak velk\u00e9 trag\u00e9dii byli vysl\u00e1ni.<\/p>\n<p>&#8222;My jsme m\u011bli nahl\u00e1\u0161enou \u00fapln\u011b jinou ud\u00e1lost, bylo to nahl\u00e1\u0161eno jako sra\u017een\u00e9 auto vlakem, co\u017e v mnoha p\u0159\u00edpadech kon\u010d\u00ed smrt\u00ed toho \u0159idi\u010de, ale opravdu jsme netu\u0161ili, jak velk\u00e9 to ne\u0161t\u011bst\u00ed bude,&#8220; \u0159ekl novin\u00e1\u0159\u016fm vedouc\u00ed l\u00e9ka\u0159 leteck\u00e9 z\u00e1chrann\u00e9 slu\u017eby David Koudelka. Podle n\u011bj se z\u00e1chran\u00e1\u0159i sice sna\u017e\u00ed obdobn\u00e9 ud\u00e1losti nacvi\u010dit, p\u0159esto pak samotn\u00fd z\u00e1krok nen\u00ed jednoduch\u00fd. Na m\u00edst\u011b p\u0159i rozd\u011blov\u00e1n\u00ed pacient\u016f postupuj\u00ed podle pravidel medic\u00edny katastrof.<\/p>\n<p>&#8222;Ani pro n\u00e1s nen\u00ed jednoduch\u00e9 rozhodnout o zdrav\u00ed nebo \u017eivot\u011b pacienta, kter\u00fd ale v tu chv\u00edli nem\u00e1 \u0161anci na p\u0159e\u017eit\u00ed,&#8220; \u0159ekl Koudelka. \u010cas na emoce \u010di p\u0159em\u00fd\u0161len\u00ed nad rozsahem trag\u00e9die ale z\u00e1chran\u00e1\u0159i na m\u00edst\u011b nemaj\u00ed. &#8222;\u010cas na to nen\u00ed, jinak bychom se nehnuli d\u00e1l. Je pot\u0159eba m\u00edt takov\u00e9 n\u011bjak\u00e9 trubicov\u00e9 vid\u011bn\u00ed. Samoz\u0159ejm\u011b posl\u00e9ze, kdy\u017e si to \u010dlov\u011bk rozeb\u00edr\u00e1, tak ty my\u0161lenky vytanou,&#8220; \u0159ekl Koudelka.<\/p>\n<p>Podobn\u011b situaci vn\u00edm\u00e1 velitel z\u00e1sahu hasi\u010d\u016f Jakub Koz\u00e1k, hasi\u010dsk\u00e1 jednotka z B\u00edlovce na m\u00edsto dorazila jako prvn\u00ed. &#8222;Provedli jsme rychl\u00fd pr\u016fzkum, rozd\u011blili si m\u00edsto na n\u011bkolik \u00fasek\u016f a v podstat\u011b okam\u017eit\u011b jsme zah\u00e1jili vypro\u0161\u0165ov\u00e1n\u00ed t\u011bch zakl\u00edn\u011bn\u00fdch osob a ha\u0161en\u00ed po\u017e\u00e1ru, kter\u00fd po n\u00e1razu vzniknul. Z na\u0161eho pohledu nemaj\u00ed u z\u00e1sahu emoce m\u00edsto, kdy\u017e p\u0159ijdou, tak p\u0159ich\u00e1z\u00ed a\u017e potom. My fungujeme automaticky, jak m\u00e1me nacvi\u010deno,&#8220; uvedl Koz\u00e1k. Nejt\u011b\u017e\u0161\u00ed na z\u00e1sahu byla podle n\u011bj jeho rozs\u00e1hlost, proto\u017ee samotn\u00e9 m\u00edsto z\u00e1sahu m\u011blo p\u0159es p\u016fl kilometru. V\u00fdjime\u010dn\u00fd byl z\u00e1sah i proto, \u017ee \u0161lo o pendolino, tedy vlak, na n\u011bm\u017e se \u017e\u00e1dn\u00fd z \u010desk\u00fdch hasi\u010d\u016f nem\u011bl mo\u017enost cvi\u010dit.<\/p>\n<p>Ocen\u011bn\u00ed p\u0159evzali i policist\u00e9, kte\u0159\u00ed zadr\u017eeli polsk\u00e9ho \u0159idi\u010de kamionu, kter\u00fd nehodu zavinil a nakonec byl odsouzen na 8,5 roku v\u011bzen\u00ed. &#8222;On si neuv\u011bdomoval v\u016fbec nic, v\u00edcem\u00e9n\u011b nec\u00edtil \u017e\u00e1dnou vinu, po\u0159\u00e1d opakoval, \u017ee se ni\u010deho nedopustil, \u017ee z\u00e1vory \u0161ly dol\u016f a on s t\u00edm nemohl nic d\u011blat,&#8220; uvedl ocen\u011bn\u00fd policista Martin Schiller.<\/p>\n<p>Odznaky Zlat\u00e9ho z\u00e1chran\u00e1\u0159sk\u00e9ho k\u0159\u00ed\u017ee ud\u011bluje ka\u017edoro\u010dn\u011b \u010cesko-slovensk\u00fd z\u00e1chran\u00e1\u0159sk\u00fd \u010dasopis Rescue report. Posl\u00e1n\u00edm Zlat\u00e9ho z\u00e1chran\u00e1\u0159sk\u00e9ho k\u0159\u00ed\u017ee je ocen\u011bn\u00ed v\u00fdjime\u010dn\u00fdch, profesion\u00e1ln\u011b zvl\u00e1dnut\u00fdch z\u00e1sah\u016f.<\/p>\n","protected":false},"excerpt":{"rendered":"<div class=\"mh-excerpt\"><p>Z\u00e1stupci bezpe\u010dnostn\u00edch slo\u017eek v Ostrav\u011b p\u0159evzali ocen\u011bn\u00ed Zlat\u00fd z\u00e1chran\u00e1\u0159sk\u00fd k\u0159\u00ed\u017e za lo\u0148sk\u00fd z\u00e1sah u nehody kamionu a pendolina ve Stud\u00e9nce na Novoji\u010d\u00ednsku.<\/p>\n<\/div>","protected":false},"author":1,"featured_media":14648,"comment_status":"open","ping_status":"closed","sticky":false,"template":"","format":"standard","meta":{"footnotes":""},"categories":[7],"tags":[],"class_list":["post-25435","post","type-post","status-publish","format-standard","has-post-thumbnail","hentry","category-spolecnost"],"_links":{"self":[{"href":"https:\/\/www.invarena.cz\/index.php?rest_route=\/wp\/v2\/posts\/25435","targetHints":{"allow":["GET"]}}],"collection":[{"href":"https:\/\/www.invarena.cz\/index.php?rest_route=\/wp\/v2\/posts"}],"about":[{"href":"https:\/\/www.invarena.cz\/index.php?rest_route=\/wp\/v2\/types\/post"}],"author":[{"embeddable":true,"href":"https:\/\/www.invarena.cz\/index.php?rest_route=\/wp\/v2\/users\/1"}],"replies":[{"embeddable":true,"href":"https:\/\/www.invarena.cz\/index.php?rest_route=%2Fwp%2Fv2%2Fcomments&post=25435"}],"version-history":[{"count":0,"href":"https:\/\/www.invarena.cz\/index.php?rest_route=\/wp\/v2\/posts\/25435\/revisions"}],"wp:featuredmedia":[{"embeddable":true,"href":"https:\/\/www.invarena.cz\/index.php?rest_route=\/wp\/v2\/media\/14648"}],"wp:attachment":[{"href":"https:\/\/www.invarena.cz\/index.php?rest_route=%2Fwp%2Fv2%2Fmedia&parent=25435"}],"wp:term":[{"taxonomy":"category","embeddable":true,"href":"https:\/\/www.invarena.cz\/index.php?rest_route=%2Fwp%2Fv2%2Fcategories&post=25435"},{"taxonomy":"post_tag","embeddable":true,"href":"https:\/\/www.invarena.cz\/index.php?rest_route=%2Fwp%2Fv2%2Ftags&post=25435"}],"curies":[{"name":"wp","href":"https:\/\/api.w.org\/{rel}","templated":true}]}}