{"id":25438,"date":"2016-05-04T10:37:46","date_gmt":"2016-05-04T08:37:46","guid":{"rendered":"http:\/\/www.invarena.cz\/?p=25438"},"modified":"2016-05-04T10:37:46","modified_gmt":"2016-05-04T08:37:46","slug":"nevidoma-kumstyrka-vystavuje-mezi-knihami","status":"publish","type":"post","link":"https:\/\/www.invarena.cz\/?p=25438","title":{"rendered":"Nevidom\u00e1 kum\u0161t\u00fd\u0159ka vystavuje mezi knihami"},"content":{"rendered":"<p><strong>Obrazy berl\u00ednsk\u00e9 roda\u010dky Silji Korn, kter\u00e1 b\u011bhem kampan\u011b Rovn\u00e9 p\u0159\u00edle\u017eitosti pro v\u0161echny byla jmenov\u00e1na tv\u00e1\u0159\u00ed roku, jsou k vid\u011bn\u00ed v Olomouci.<\/strong> <!--more--><\/p>\n<p>Olomouc \u2013 Vis\u00ed v knihovn\u011b v Brn\u011bnsk\u00e9 ulici. &#8222;Tato \u00fasp\u011b\u0161n\u00e1 \u017eena p\u0159i\u0161la ve dvan\u00e1cti letech p\u0159i autonehod\u011b o zrak. P\u0159esto vystudovala obor vychovatelstv\u00ed a stala se prvn\u00ed diplomovanou nevidomou vychovatelkou.<\/p>\n<p>S l\u00e1skou se v\u011bnuje malov\u00e1n\u00ed, fotografov\u00e1n\u00ed, divadlu, stoln\u00edmu tenisu. Ob\u010das p\u00ed\u0161e pov\u00eddky, publikuje na internetu,&#8220; p\u0159edstavila autorku \u0159editelka Knihovny m\u011bsta Olomouce Lenka Pruckov\u00e1.<\/p>\n<p>V\u00fdstava n\u011bmeck\u00e9 autorky s n\u00e1zvem Naslouchej nejen ostatn\u00edm, ale tak\u00e9 sob\u011b potrv\u00e1 do 27. kv\u011btna.<\/p>\n<p>04.05.2016<br \/>\nOlomouck\u00fd den\u00edk<br \/>\n<a href=\"http:\/\/www.olomoucky.denik.cz\/\">http:\/\/www.olomoucky.denik.cz\/<\/a><\/p>\n","protected":false},"excerpt":{"rendered":"<div class=\"mh-excerpt\"><p>Obrazy berl\u00ednsk\u00e9 roda\u010dky Silji Korn, kter\u00e1 b\u011bhem kampan\u011b Rovn\u00e9 p\u0159\u00edle\u017eitosti pro v\u0161echny byla jmenov\u00e1na tv\u00e1\u0159\u00ed roku, jsou k vid\u011bn\u00ed v Olomouci.<\/p>\n<\/div>","protected":false},"author":1,"featured_media":21567,"comment_status":"open","ping_status":"closed","sticky":false,"template":"","format":"standard","meta":{"footnotes":""},"categories":[9],"tags":[],"class_list":["post-25438","post","type-post","status-publish","format-standard","has-post-thumbnail","hentry","category-zpravy"],"_links":{"self":[{"href":"https:\/\/www.invarena.cz\/index.php?rest_route=\/wp\/v2\/posts\/25438","targetHints":{"allow":["GET"]}}],"collection":[{"href":"https:\/\/www.invarena.cz\/index.php?rest_route=\/wp\/v2\/posts"}],"about":[{"href":"https:\/\/www.invarena.cz\/index.php?rest_route=\/wp\/v2\/types\/post"}],"author":[{"embeddable":true,"href":"https:\/\/www.invarena.cz\/index.php?rest_route=\/wp\/v2\/users\/1"}],"replies":[{"embeddable":true,"href":"https:\/\/www.invarena.cz\/index.php?rest_route=%2Fwp%2Fv2%2Fcomments&post=25438"}],"version-history":[{"count":0,"href":"https:\/\/www.invarena.cz\/index.php?rest_route=\/wp\/v2\/posts\/25438\/revisions"}],"wp:featuredmedia":[{"embeddable":true,"href":"https:\/\/www.invarena.cz\/index.php?rest_route=\/wp\/v2\/media\/21567"}],"wp:attachment":[{"href":"https:\/\/www.invarena.cz\/index.php?rest_route=%2Fwp%2Fv2%2Fmedia&parent=25438"}],"wp:term":[{"taxonomy":"category","embeddable":true,"href":"https:\/\/www.invarena.cz\/index.php?rest_route=%2Fwp%2Fv2%2Fcategories&post=25438"},{"taxonomy":"post_tag","embeddable":true,"href":"https:\/\/www.invarena.cz\/index.php?rest_route=%2Fwp%2Fv2%2Ftags&post=25438"}],"curies":[{"name":"wp","href":"https:\/\/api.w.org\/{rel}","templated":true}]}}