{"id":25447,"date":"2016-05-05T07:13:14","date_gmt":"2016-05-05T05:13:14","guid":{"rendered":"http:\/\/www.invarena.cz\/?p=25447"},"modified":"2016-05-06T07:14:27","modified_gmt":"2016-05-06T05:14:27","slug":"socialni-pracovnice-si-zatim-nevyzadala-lekarske-zpravy-od-lekaru-jak-dlouho-jeste-budu-cekat","status":"publish","type":"post","link":"https:\/\/www.invarena.cz\/?p=25447","title":{"rendered":"Soci\u00e1ln\u00ed pracovnice si zat\u00edm nevy\u017e\u00e1dala l\u00e9ka\u0159sk\u00e9 zpr\u00e1vy od l\u00e9ka\u0159\u016f. Jak dlouho je\u0161t\u011b budu \u010dekat?"},"content":{"rendered":"<p><strong>Dotaz:<br \/>\nOd 3.2.2016, M\u00c1M ZA\u017d\u00c1D\u00c1NO O P\u0158\u00cdSP\u011aVEK NA P\u00c9\u010cI. M\u00c1M BECHT\u011aREVA OD SV\u00ddCH 13 LET, NYN\u00cd MI BYLA ZJI\u0160T\u011aNA SCLEROSIDS MULTIPLEX S POSTI\u017dEN\u00cdM DK A HK-PAR\u00c9ZA ,O\u010c\u00cd-PO OPERAC\u00cdCH \u0160ED\u00c9HO Z\u00c1KALU, Z\u00c1VRAT\u00cd, BOLESTI P\u00c1TE\u0158E, AJ. OD SOC. PRAC., KTER\u00c1 PROVEDLA JI\u017d \u0160ET\u0158EN\u00cd, MI BYLO SD\u011aLENO, \u017dE M\u00c1M DODAT VE\u0160KER\u00c9 V\u00ddSLEDKY. TYTO V\u00ddSLEDKY SI ALE MUS\u00cd VY\u017d\u00c1DAT SAMA OD L\u00c9KA\u0158\u016e, KTER\u00c9 JE MAJ\u00cd. V\u0160E JSEM J\u00cd NAPSALA. JAK JE\u0160T\u011a BUDU \u010cEKAT DLOUHO. M\u00cd L\u00c9KA\u0158I NIC NEOBDR\u017dELI.<\/strong><br \/>\n<!--more--><br \/>\nilustra\u010dn\u00ed foto: photoXpress <\/p>\n<p><strong>Odpov\u011b\u010f:<\/strong><br \/>\nNejsp\u00ed\u0161e do\u0161lo k nedorozum\u011bn\u00ed mezi V\u00e1mi a soci\u00e1ln\u00ed pracovnic\u00ed. Ta toti\u017e nem\u00e1 pr\u00e1vo na to, aby po V\u00e1s nebo Va\u0161ich l\u00e9ka\u0159\u00edch po\u017eadovala Va\u0161\u00ed zdravotn\u00ed dokumentaci. Va\u0161e l\u00e9ka\u0159sk\u00e9 zpr\u00e1vy si od l\u00e9ka\u0159\u016f vy\u017e\u00e1d\u00e1 L\u00e9ka\u0159sk\u00e1 posudkov\u00e1 slu\u017eba \u010cSSZ, V\u00e1m pouze p\u0159ijde v\u00fdzva, abyste se ke sv\u00e9mu o\u0161et\u0159uj\u00edc\u00edmu l\u00e9ka\u0159i dostavila na vy\u0161et\u0159en\u00ed.<br \/>\nPravdou ale je, \u017ee u\u017e by tak LPS \u010cSSZ m\u011bla d\u00e1vno u\u010dinit. B\u011b\u017en\u00e1 lh\u016fta na rozhodnut\u00ed o p\u0159izn\u00e1n\u00ed \u010di zam\u00edtnut\u00ed p\u0159\u00edsp\u011bvku na p\u00e9\u010di toti\u017e b\u00fdv\u00e1 n\u011bkde v rozmez\u00ed t\u0159\u00ed a\u017e \u010dty\u0159 m\u011bs\u00edc\u016f, co\u017e pokud po t\u0159ech m\u011bs\u00edc\u00edch  je\u0161t\u011b ani LPS nem\u00e1 Va\u0161e l\u00e9ka\u0159sk\u00e9 zpr\u00e1vy, se u V\u00e1s jist\u011b nestihne.<br \/>\nDoporu\u010duji V\u00e1m, abyste si zavolala na \u00da\u0159ad pr\u00e1ce a cht\u011bla vysv\u011btlen\u00ed, kde se cel\u00fd proces pozdr\u017eel a jak to s n\u00edm vypad\u00e1.<br \/>\nO sv\u016fj p\u0159\u00edsp\u011bvek na p\u00e9\u010di, kter\u00fd V\u00e1m bude p\u0159izn\u00e1n, se ale ob\u00e1vat nemus\u00edte. Bude V\u00e1m vyplacen zp\u011btn\u011b, ve Va\u0161em p\u0159\u00edpad\u011b tedy od 3.2.2016.<\/p>\n<p>Ji\u0159\u00ed Marek<br \/>\ninvArena<\/p>\n","protected":false},"excerpt":{"rendered":"<div class=\"mh-excerpt\"><p>Dotaz: Od 3.2.2016, M\u00c1M ZA\u017d\u00c1D\u00c1NO O P\u0158\u00cdSP\u011aVEK NA P\u00c9\u010cI. M\u00c1M BECHT\u011aREVA OD SV\u00ddCH 13 LET, NYN\u00cd MI BYLA ZJI\u0160T\u011aNA SCLEROSIDS MULTIPLEX S POSTI\u017dEN\u00cdM DK A <a class=\"mh-excerpt-more\" href=\"https:\/\/www.invarena.cz\/?p=25447\" title=\"Soci\u00e1ln\u00ed pracovnice si zat\u00edm nevy\u017e\u00e1dala l\u00e9ka\u0159sk\u00e9 zpr\u00e1vy od l\u00e9ka\u0159\u016f. Jak dlouho je\u0161t\u011b budu \u010dekat?\">[&#8230;]<\/a><\/p>\n<\/div>","protected":false},"author":3,"featured_media":16393,"comment_status":"open","ping_status":"closed","sticky":false,"template":"","format":"standard","meta":{"footnotes":""},"categories":[18],"tags":[],"class_list":["post-25447","post","type-post","status-publish","format-standard","has-post-thumbnail","hentry","category-poradna"],"_links":{"self":[{"href":"https:\/\/www.invarena.cz\/index.php?rest_route=\/wp\/v2\/posts\/25447","targetHints":{"allow":["GET"]}}],"collection":[{"href":"https:\/\/www.invarena.cz\/index.php?rest_route=\/wp\/v2\/posts"}],"about":[{"href":"https:\/\/www.invarena.cz\/index.php?rest_route=\/wp\/v2\/types\/post"}],"author":[{"embeddable":true,"href":"https:\/\/www.invarena.cz\/index.php?rest_route=\/wp\/v2\/users\/3"}],"replies":[{"embeddable":true,"href":"https:\/\/www.invarena.cz\/index.php?rest_route=%2Fwp%2Fv2%2Fcomments&post=25447"}],"version-history":[{"count":0,"href":"https:\/\/www.invarena.cz\/index.php?rest_route=\/wp\/v2\/posts\/25447\/revisions"}],"wp:featuredmedia":[{"embeddable":true,"href":"https:\/\/www.invarena.cz\/index.php?rest_route=\/wp\/v2\/media\/16393"}],"wp:attachment":[{"href":"https:\/\/www.invarena.cz\/index.php?rest_route=%2Fwp%2Fv2%2Fmedia&parent=25447"}],"wp:term":[{"taxonomy":"category","embeddable":true,"href":"https:\/\/www.invarena.cz\/index.php?rest_route=%2Fwp%2Fv2%2Fcategories&post=25447"},{"taxonomy":"post_tag","embeddable":true,"href":"https:\/\/www.invarena.cz\/index.php?rest_route=%2Fwp%2Fv2%2Ftags&post=25447"}],"curies":[{"name":"wp","href":"https:\/\/api.w.org\/{rel}","templated":true}]}}