{"id":25460,"date":"2016-05-05T15:50:12","date_gmt":"2016-05-05T13:50:12","guid":{"rendered":"http:\/\/www.invarena.cz\/?p=25460"},"modified":"2016-05-06T05:51:56","modified_gmt":"2016-05-06T03:51:56","slug":"ve-zbozi-chteji-pecovat-o-autisty","status":"publish","type":"post","link":"https:\/\/www.invarena.cz\/?p=25460","title":{"rendered":"Ve Zbo\u017e\u00ed cht\u011bj\u00ed pe\u010dovat o autisty"},"content":{"rendered":"<p><strong>Odborn\u00edci nyn\u00ed hledaj\u00ed optim\u00e1ln\u00ed typ slu\u017eby pro posti\u017een\u00e9 lidi. Lep\u0161\u00edch podm\u00ednek pro \u017eivot se mohou do\u010dkat lid\u00e9 s poruchou autistick\u00e9ho spektra. Do t\u0159\u00ed let by m\u011blo na Vyso\u010din\u011b vyr\u016fst za\u0159\u00edzen\u00ed specializuj\u00edc\u00ed se na tuto diagn\u00f3zu u d\u011bt\u00ed a dosp\u011bl\u00fdch.<\/strong><!--more--><\/p>\n<p>Vyso\u010dina \u2013 Provozovat ho bude Domov ve Zbo\u017e\u00ed u Habr\u016f na Havl\u00ed\u010dkobrodsku.<\/p>\n<p>&#8222;V sou\u010dasnosti diskutujeme o jeho podob\u011b a kapacitn\u00edch mo\u017enostech. D\u016fvodem na\u0161eho rozhodnut\u00ed je fakt, \u017ee p\u0159\u00edpad\u016f d\u011bt\u00ed s autismem p\u0159ib\u00fdv\u00e1. Mimo jin\u00e9 proto, \u017ee se klade v\u011bt\u0161\u00ed d\u016fraz na preventivn\u00ed prohl\u00eddky zam\u011b\u0159en\u00e9 pr\u00e1v\u011b na tuto nemoc,&#8220; vysv\u011btlil krajsk\u00fd radn\u00ed pro oblast soci\u00e1ln\u00edch v\u011bc\u00ed a prorodinn\u00e9 politiky Petr Kr\u010d\u00e1l. Z\u00e1m\u011br by mohla podpo\u0159it i dotace Ministerstva pro m\u00edstn\u00ed rozvoj, kter\u00e9 v nejbli\u017e\u0161\u00edch dnech vyhl\u00e1s\u00ed p\u0159\u00edslu\u0161n\u00fd tendr.<\/p>\n<p>Doposud se na Vyso\u010din\u011b p\u00e9\u010d\u00ed o lidi s poruchou autistick\u00e9ho spektra zab\u00fdvala organizace Apla. Jej\u00ed kapacity ale u\u017e del\u0161\u00ed dobu nedosta\u010duj\u00ed. Vyu\u017e\u00edv\u00e1 p\u0159itom procesu transformace soci\u00e1ln\u00edch slu\u017eeb a n\u011bkter\u00e9 z nov\u011b postaven\u00fdch dom\u00e1cnost\u00ed vy\u010dlenil pro d\u011bti a mlad\u00e9 lidi s touto poruchou.<\/p>\n<p>To v\u0161ak nesta\u010d\u00ed a chyb\u011bj\u00edc\u00ed kapacity by m\u011bly vzniknout p\u0159i Domov\u011b ve Zbo\u017e\u00ed, kter\u00fd pe\u010duje o ment\u00e1ln\u011b a zdravotn\u011b posti\u017een\u00e9. &#8222;Po\u010d\u00edt\u00e1 se s vybudov\u00e1n\u00edm t\u0159iceti l\u016f\u017eek a chr\u00e1n\u011bn\u00e9 d\u00edlny, kde by klienti na\u0161li pracovn\u00ed uplatn\u011bn\u00ed,&#8220; p\u0159ibl\u00ed\u017eil Kr\u010d\u00e1l.<\/p>\n<p>V p\u0159\u00edpad\u011b Domova ve Zbo\u017e\u00ed pokra\u010duj\u00ed p\u0159\u00edpravy na \u010d\u00e1ste\u010dnou transformaci, a to takovou, kterou nejprve projdou soci\u00e1ln\u00ed za\u0159\u00edzen\u00ed v H\u00e1ji u Led\u010de nad S\u00e1zavou a tak\u00e9 v K\u0159i\u017eanov\u011b na \u017d\u010f\u00e1rsku. &#8222;Domov ve Zbo\u017e\u00ed poskytuje pobytov\u00e9 slu\u017eby osob\u00e1m, kter\u00e9 maj\u00ed sn\u00ed\u017eenou sob\u011bsta\u010dnost z d\u016fvodu zdravotn\u00edho posti\u017een\u00ed, jejich\u017e situace vy\u017eaduje pravidelnou pomoc jin\u00e9 fyzick\u00e9 osoby,&#8220; sd\u011blil \u0159editel Domova ve Zbo\u017e\u00ed Josef Proch\u00e1zka.<\/p>\n<p>&#8222;Do c\u00edlov\u00e9 skupiny pat\u0159\u00ed osoby od 19 let s ment\u00e1ln\u00edm nebo kombinovan\u00fdm posti\u017een\u00edm, kte\u0159\u00ed pot\u0159ebuj\u00ed pobytovou slu\u017ebu, nikoli v\u0161ak l\u00e9\u010debnou p\u00e9\u010di ve zdravotnick\u00e9m za\u0159\u00edzen\u00ed. Lid\u00e9 s poruchou autistick\u00e9ho spektra a ment\u00e1ln\u00edm posti\u017een\u00edm jsou ji\u017e nyn\u00ed u\u017eivateli poskytovan\u00e9 slu\u017eby. V sou\u010dasnosti jsme schopni p\u0159ijmout i do na\u0161eho domova klienta s autismem,&#8220; podotkl Proch\u00e1zka.<\/p>\n<p>Projekt transformace Domova ve Zbo\u017e\u00ed je nyn\u00ed ve f\u00e1zi v\u00fdb\u011bru vhodn\u00e9ho typu slu\u017eby. &#8222;Z p\u0159edb\u011b\u017en\u00e9ho \u0161et\u0159en\u00ed a demografick\u00fdch ukazatel\u016f je z\u0159ejm\u00e9, \u017ee slu\u017eba pro osoby s poruchou autistick\u00e9ho spektra je pot\u0159ebn\u00e1, a nyn\u00ed se \u0159e\u0161\u00ed, jak\u00fd typ slu\u017eby by ve\u0159ejnosti nejv\u00edce vyhovoval. Denn\u00ed nebo t\u00fddenn\u00ed stacion\u00e1\u0159, odleh\u010dovac\u00ed slu\u017eba, chr\u00e1n\u011bn\u00e9 bydlen\u00ed, pobytov\u00e1 slu\u017eba a podobn\u011b,&#8220; up\u0159esnil \u0159editel.<\/p>\n<p>Co se t\u00fd\u010de mo\u017en\u00e9ho zvy\u0161ov\u00e1n\u00ed po\u010dtu person\u00e1lu, to bude podle \u0159editele Proch\u00e1zky \u0159e\u0161eno sou\u010dasn\u011b v p\u0159\u00edpravn\u00e9 \u010d\u00e1sti v z\u00e1vislosti na vybran\u00e9 slu\u017eb\u011b. &#8222;Nav\u00fd\u0161en\u00ed se ale p\u0159edpokl\u00e1d\u00e1,&#8220; dodal.<\/p>\n<p>Domov ve Zbo\u017e\u00ed se, coby za\u0159\u00edzen\u00ed z\u0159izovan\u00e9 Krajem Vyso\u010dina, p\u0159ihl\u00e1sil do v\u00fdzvy nazvan\u00e9 Podpora procesu transformace pobytov\u00fdch slu\u017eeb a podpora slu\u017eeb komunitn\u00edho typu vznikl\u00fdch po transformaci. &#8222;N\u00e1\u0161 projekt je ve f\u00e1zi hodnocen\u00ed a schvalov\u00e1n\u00ed,&#8220; podotkl \u0159editel s t\u00edm, \u017ee v\u00fdzvu vyhl\u00e1sil Evropsk\u00fd soci\u00e1ln\u00ed fond.<\/p>\n<p>C\u00edlem podpory autist\u016f je podle Kr\u010d\u00e1la zajistit rovn\u00e9 podm\u00ednky ve vzd\u011bl\u00e1v\u00e1n\u00ed, aby se v dosp\u011blosti mohli l\u00e9pe uplatnit a byli sob\u011bsta\u010dn\u00ed.<\/p>\n<p>&#8222;Vy\u0159e\u0161it by se m\u011blo placen\u00ed osobn\u00edch asistent\u016f i asistent\u016f pedagog\u016f. Zlep\u0161it by se m\u011bla tak\u00e9 pr\u00e1ce \u0161kolsk\u00fdch poraden a na dosp\u011bl\u00e9 by se m\u011bl zam\u011b\u0159it \u00fa\u0159ad pr\u00e1ce. Kraj tak\u00e9 p\u0159em\u00fd\u0161l\u00ed o projektu, kter\u00fd by m\u011bl pomoci se zam\u011bstn\u00e1v\u00e1n\u00edm lid\u00ed s touto poruchou,&#8220; zd\u016fraznil Kr\u010d\u00e1l. Zlep\u0161it by se m\u011bla nejen n\u00e1sledn\u00e1 p\u00e9\u010de, ale nav\u00fd\u0161en\u00fd m\u00e1 b\u00fdt i p\u0159\u00edsp\u011bvek, kter\u00fd st\u00e1t na tuto diagn\u00f3zu vypl\u00e1c\u00ed.<\/p>\n<p>\u0160T\u011aP\u00c1NKA SAADOUNI<br \/>\nHavl\u00ed\u010dkobrodsk\u00fd den\u00edk<br \/>\n<a href=\"http:\/\/havlickobrodsky.denik.cz\/\">http:\/\/havlickobrodsky.denik.cz\/<\/a><\/p>\n","protected":false},"excerpt":{"rendered":"<div class=\"mh-excerpt\"><p>Odborn\u00edci nyn\u00ed hledaj\u00ed optim\u00e1ln\u00ed typ slu\u017eby pro posti\u017een\u00e9 lidi. Lep\u0161\u00edch podm\u00ednek pro \u017eivot se mohou do\u010dkat lid\u00e9 s poruchou autistick\u00e9ho spektra. Do t\u0159\u00ed let by <a class=\"mh-excerpt-more\" href=\"https:\/\/www.invarena.cz\/?p=25460\" title=\"Ve Zbo\u017e\u00ed cht\u011bj\u00ed pe\u010dovat o autisty\">[&#8230;]<\/a><\/p>\n<\/div>","protected":false},"author":1,"featured_media":0,"comment_status":"open","ping_status":"closed","sticky":false,"template":"","format":"standard","meta":{"footnotes":""},"categories":[9],"tags":[],"class_list":["post-25460","post","type-post","status-publish","format-standard","hentry","category-zpravy"],"_links":{"self":[{"href":"https:\/\/www.invarena.cz\/index.php?rest_route=\/wp\/v2\/posts\/25460","targetHints":{"allow":["GET"]}}],"collection":[{"href":"https:\/\/www.invarena.cz\/index.php?rest_route=\/wp\/v2\/posts"}],"about":[{"href":"https:\/\/www.invarena.cz\/index.php?rest_route=\/wp\/v2\/types\/post"}],"author":[{"embeddable":true,"href":"https:\/\/www.invarena.cz\/index.php?rest_route=\/wp\/v2\/users\/1"}],"replies":[{"embeddable":true,"href":"https:\/\/www.invarena.cz\/index.php?rest_route=%2Fwp%2Fv2%2Fcomments&post=25460"}],"version-history":[{"count":0,"href":"https:\/\/www.invarena.cz\/index.php?rest_route=\/wp\/v2\/posts\/25460\/revisions"}],"wp:attachment":[{"href":"https:\/\/www.invarena.cz\/index.php?rest_route=%2Fwp%2Fv2%2Fmedia&parent=25460"}],"wp:term":[{"taxonomy":"category","embeddable":true,"href":"https:\/\/www.invarena.cz\/index.php?rest_route=%2Fwp%2Fv2%2Fcategories&post=25460"},{"taxonomy":"post_tag","embeddable":true,"href":"https:\/\/www.invarena.cz\/index.php?rest_route=%2Fwp%2Fv2%2Ftags&post=25460"}],"curies":[{"name":"wp","href":"https:\/\/api.w.org\/{rel}","templated":true}]}}