{"id":25519,"date":"2016-05-16T09:38:41","date_gmt":"2016-05-16T07:38:41","guid":{"rendered":"http:\/\/www.invarena.cz\/?p=25519"},"modified":"2016-05-16T09:38:41","modified_gmt":"2016-05-16T07:38:41","slug":"mohu-si-o-id-zazadat-jeste-pred-ukoncenim-pracovni-neschopnosti","status":"publish","type":"post","link":"https:\/\/www.invarena.cz\/?p=25519","title":{"rendered":"Mohu si o ID za\u017e\u00e1dat je\u0161t\u011b p\u0159ed ukon\u010den\u00edm pracovn\u00ed neschopnosti?"},"content":{"rendered":"<p><strong>Dotaz:<br \/>\nOd \u010dervence 2015 jsem na neschopence, byla mi diagn. spondylartroza a osteochondroza. Bolesti jsou st\u00e1le v\u011bt\u0161\u00ed a \u017e\u00e1dn\u00e1 l\u00e9\u010dba nezab\u00edr\u00e1. Pros\u00edm o radu, kdybych cht\u011bla za\u017e\u00e1dat o \u010cID,jak m\u00e1m postupovat? A mohu o n\u011bj za\u017e\u00e1dat ji\u017e p\u0159ed ukon\u010den\u00edm neschopenky nebo a\u017e po? Vlastn\u011b v \u010dervenci budu rok v PN.<\/strong><br \/>\n<!--more--><br \/>\nilustra\u010dn\u00ed foto: PhotoRack<br \/>\n<strong><br \/>\nOdpov\u011b\u010f:<\/strong><br \/>\nDoporu\u010duji V\u00e1m, abyste si za\u017e\u00e1dala o invalidn\u00ed d\u016fchod co nejd\u0159\u00edve, m\u016f\u017eete tak u\u010dinit je\u0161t\u011b p\u0159ed skon\u010den\u00edm pracovn\u00ed neschopnosti a vzhledem k tomu, \u017ee cel\u00fd proces posuzov\u00e1n\u00ed n\u00e1roku na ID mnohdy trv\u00e1 n\u011bkolik m\u011bs\u00edc\u016f, je pravd\u011bpodobn\u00e9, \u017ee u\u017e te\u010f V\u00e1m do \u010dervence nebude p\u0159izn\u00e1n.<\/p>\n<p>O invalidn\u00ed d\u016fchod si m\u016f\u017eete za\u017e\u00e1dat na Okresn\u00ed spr\u00e1v\u011b soci\u00e1ln\u00edho zabezpe\u010den\u00ed.<\/p>\n<p>Je d\u016fle\u017eit\u00e9, abyste si nechala ud\u011blat aktu\u00e1ln\u00ed vy\u0161et\u0159en\u00ed Va\u0161eho zdravotn\u00edho stavu od odborn\u00fdch l\u00e9ka\u0159\u016f, proto\u017ee L\u00e9ka\u0159sk\u00e1 posudkov\u00e1 slu\u017eba \u010cSSZ si od Va\u0161eho o\u0161et\u0159uj\u00edc\u00edho l\u00e9ka\u0159e vy\u017e\u00e1d\u00e1 Va\u0161\u00ed zdravotn\u00ed dokumentaci, na z\u00e1klad\u011b kter\u00e9 n\u00e1sledn\u011b rozhodne.<\/p>\n<p>Ji\u0159\u00ed Marek<br \/>\ninvArena<\/p>\n","protected":false},"excerpt":{"rendered":"<div class=\"mh-excerpt\"><p>Dotaz: Od \u010dervence 2015 jsem na neschopence, byla mi diagn. spondylartroza a osteochondroza. Bolesti jsou st\u00e1le v\u011bt\u0161\u00ed a \u017e\u00e1dn\u00e1 l\u00e9\u010dba nezab\u00edr\u00e1. Pros\u00edm o radu, kdybych <a class=\"mh-excerpt-more\" href=\"https:\/\/www.invarena.cz\/?p=25519\" title=\"Mohu si o ID za\u017e\u00e1dat je\u0161t\u011b p\u0159ed ukon\u010den\u00edm pracovn\u00ed neschopnosti?\">[&#8230;]<\/a><\/p>\n<\/div>","protected":false},"author":3,"featured_media":14066,"comment_status":"open","ping_status":"closed","sticky":false,"template":"","format":"standard","meta":{"footnotes":""},"categories":[18],"tags":[],"class_list":["post-25519","post","type-post","status-publish","format-standard","has-post-thumbnail","hentry","category-poradna"],"_links":{"self":[{"href":"https:\/\/www.invarena.cz\/index.php?rest_route=\/wp\/v2\/posts\/25519","targetHints":{"allow":["GET"]}}],"collection":[{"href":"https:\/\/www.invarena.cz\/index.php?rest_route=\/wp\/v2\/posts"}],"about":[{"href":"https:\/\/www.invarena.cz\/index.php?rest_route=\/wp\/v2\/types\/post"}],"author":[{"embeddable":true,"href":"https:\/\/www.invarena.cz\/index.php?rest_route=\/wp\/v2\/users\/3"}],"replies":[{"embeddable":true,"href":"https:\/\/www.invarena.cz\/index.php?rest_route=%2Fwp%2Fv2%2Fcomments&post=25519"}],"version-history":[{"count":0,"href":"https:\/\/www.invarena.cz\/index.php?rest_route=\/wp\/v2\/posts\/25519\/revisions"}],"wp:featuredmedia":[{"embeddable":true,"href":"https:\/\/www.invarena.cz\/index.php?rest_route=\/wp\/v2\/media\/14066"}],"wp:attachment":[{"href":"https:\/\/www.invarena.cz\/index.php?rest_route=%2Fwp%2Fv2%2Fmedia&parent=25519"}],"wp:term":[{"taxonomy":"category","embeddable":true,"href":"https:\/\/www.invarena.cz\/index.php?rest_route=%2Fwp%2Fv2%2Fcategories&post=25519"},{"taxonomy":"post_tag","embeddable":true,"href":"https:\/\/www.invarena.cz\/index.php?rest_route=%2Fwp%2Fv2%2Ftags&post=25519"}],"curies":[{"name":"wp","href":"https:\/\/api.w.org\/{rel}","templated":true}]}}