{"id":25530,"date":"2016-05-16T09:33:42","date_gmt":"2016-05-16T07:33:42","guid":{"rendered":"http:\/\/www.invarena.cz\/?p=25530"},"modified":"2016-05-16T09:33:42","modified_gmt":"2016-05-16T07:33:42","slug":"pochod-proti-rakovine-prsu-poprve-projde-centrem-zlina","status":"publish","type":"post","link":"https:\/\/www.invarena.cz\/?p=25530","title":{"rendered":"Pochod proti rakovin\u011b prsu poprv\u00e9 projde centrem Zl\u00edna"},"content":{"rendered":"<p><strong>Centrem Zl\u00edna za t\u00fdden projde pochod proti rakovin\u011b prsu. Akce se ve Zl\u00ednsk\u00e9m kraji uskute\u010dn\u00ed t\u0159et\u00edm rokem, p\u0159i prvn\u00edch dvou ro\u010dn\u00edc\u00edch vedla trasa pochodu v okol\u00ed luha\u010dovick\u00e9 p\u0159ehrady a z\u00fa\u010dastnily se stovky lid\u00ed.<\/strong><!--more--><\/p>\n<p> Uplynul\u00e9 dva ro\u010dn\u00edky p\u0159esv\u011bd\u010dily, \u017ee m\u00e1 smysl akci nab\u00eddnout \u0161ir\u0161\u00edmu publiku, sd\u011blila z\u00e1stupkyn\u011b po\u0159adatel\u016f Radka B\u0159ez\u00edkov\u00e1.<\/p>\n<p>Rakovina prsu \u017een a mu\u017e\u016f je nej\u010dast\u011bj\u0161\u00edm zhoubn\u00fdm n\u00e1dorem v evropsk\u00e9 populaci. Diagn\u00f3za p\u0159edstavuje v \u010cesk\u00e9 republice 26 procent v\u0161ech n\u00e1dorov\u00fdch onemocn\u011bn\u00ed a je p\u0159\u00ed\u010dinou 14 procent \u00famrt\u00ed. Ro\u010dn\u011b se zjist\u00ed u 7000 \u017een, mu\u017ei tvo\u0159\u00ed jedno procento pacient\u016f.<\/p>\n<p>Pochod centrem Zl\u00edna projde 21. kv\u011btna. P\u0159edch\u00e1zet mu bude popoledn\u00ed z\u00e1bavn\u00ed program na n\u00e1m\u011bst\u00ed M\u00edru, lid\u00e9 se na trasu vydaj\u00ed ve 14:00. P\u016fjdou \u0160koln\u00ed ulic\u00ed, parkem Komensk\u00e9ho, Sadem Svobody, p\u0159es Soudn\u00ed ulici zp\u011bt na centr\u00e1ln\u00ed zl\u00ednsk\u00e9 n\u00e1m\u011bst\u00ed. &#8222;Pot\u00e9 op\u011bt prob\u011bhne program, kter\u00fd bude v 16:00 zakon\u010den spole\u010dn\u00fdm vypou\u0161t\u011bn\u00edm r\u016f\u017eov\u00fdch bal\u00f3nk\u016f, tradi\u010dn\u00edm aktem nad\u011bje a podpory nemocn\u00fdm rakovinou prsu,&#8220; uvedla B\u0159ez\u00edkov\u00e1. Prod\u00e1vat se budou charitativn\u00ed p\u0159edm\u011bty. &#8222;N\u00e1v\u0161t\u011bvn\u00edci zde budou m\u00edt mo\u017enost z\u00edskat ve\u0161ker\u00e9 pot\u0159ebn\u00e9 informace o prevenci rakoviny prsu,&#8220; dodala B\u0159ez\u00edkov\u00e1.<\/p>\n<p>Vstupenkou na pochod je zakoupen\u00ed r\u016f\u017eov\u00e9ho tri\u010dka nebo p\u0159edm\u011btu s r\u016f\u017eovou stu\u017ekou. Zaplacen\u00edm \u00fa\u010dastn\u00edci p\u0159isp\u011bj\u00ed na konto boje proti rakovinov\u00e9mu onemocn\u011bn\u00ed prsu.<\/p>\n<p>Zl\u00ednsk\u00fd pochod je z\u00e1rove\u0148 pozv\u00e1nkou na ji\u017e 16. pochod v Praze, kter\u00fd se uskute\u010dn\u00ed 11. \u010dervna. Loni se do pochodu v hlavn\u00edm m\u011bst\u011b zapojilo 23.000 lid\u00ed.<\/p>\n","protected":false},"excerpt":{"rendered":"<div class=\"mh-excerpt\"><p>Centrem Zl\u00edna za t\u00fdden projde pochod proti rakovin\u011b prsu. Akce se ve Zl\u00ednsk\u00e9m kraji uskute\u010dn\u00ed t\u0159et\u00edm rokem, p\u0159i prvn\u00edch dvou ro\u010dn\u00edc\u00edch vedla trasa pochodu v <a class=\"mh-excerpt-more\" href=\"https:\/\/www.invarena.cz\/?p=25530\" title=\"Pochod proti rakovin\u011b prsu poprv\u00e9 projde centrem Zl\u00edna\">[&#8230;]<\/a><\/p>\n<\/div>","protected":false},"author":1,"featured_media":12418,"comment_status":"open","ping_status":"closed","sticky":false,"template":"","format":"standard","meta":{"footnotes":""},"categories":[7],"tags":[],"class_list":["post-25530","post","type-post","status-publish","format-standard","has-post-thumbnail","hentry","category-spolecnost"],"_links":{"self":[{"href":"https:\/\/www.invarena.cz\/index.php?rest_route=\/wp\/v2\/posts\/25530","targetHints":{"allow":["GET"]}}],"collection":[{"href":"https:\/\/www.invarena.cz\/index.php?rest_route=\/wp\/v2\/posts"}],"about":[{"href":"https:\/\/www.invarena.cz\/index.php?rest_route=\/wp\/v2\/types\/post"}],"author":[{"embeddable":true,"href":"https:\/\/www.invarena.cz\/index.php?rest_route=\/wp\/v2\/users\/1"}],"replies":[{"embeddable":true,"href":"https:\/\/www.invarena.cz\/index.php?rest_route=%2Fwp%2Fv2%2Fcomments&post=25530"}],"version-history":[{"count":0,"href":"https:\/\/www.invarena.cz\/index.php?rest_route=\/wp\/v2\/posts\/25530\/revisions"}],"wp:featuredmedia":[{"embeddable":true,"href":"https:\/\/www.invarena.cz\/index.php?rest_route=\/wp\/v2\/media\/12418"}],"wp:attachment":[{"href":"https:\/\/www.invarena.cz\/index.php?rest_route=%2Fwp%2Fv2%2Fmedia&parent=25530"}],"wp:term":[{"taxonomy":"category","embeddable":true,"href":"https:\/\/www.invarena.cz\/index.php?rest_route=%2Fwp%2Fv2%2Fcategories&post=25530"},{"taxonomy":"post_tag","embeddable":true,"href":"https:\/\/www.invarena.cz\/index.php?rest_route=%2Fwp%2Fv2%2Ftags&post=25530"}],"curies":[{"name":"wp","href":"https:\/\/api.w.org\/{rel}","templated":true}]}}