{"id":25536,"date":"2016-05-16T15:48:13","date_gmt":"2016-05-16T13:48:13","guid":{"rendered":"http:\/\/www.invarena.cz\/?p=25536"},"modified":"2016-05-16T15:48:13","modified_gmt":"2016-05-16T13:48:13","slug":"lide-se-boji-poskytovat-prvni-pomoc-mysli-si-ze-druhym-ublizi","status":"publish","type":"post","link":"https:\/\/www.invarena.cz\/?p=25536","title":{"rendered":"Lid\u00e9 se boj\u00ed poskytovat prvn\u00ed pomoc. Mysl\u00ed si, \u017ee druh\u00fdm ubl\u00ed\u017e\u00ed"},"content":{"rendered":"<p><strong>Zdravotnice DANA POL\u00c1\u0160KOV\u00c1 pro Den\u00edk: V posledn\u00ed dob\u011b roste z\u00e1jem o kurzy prvn\u00ed pomoci. Nejv\u011bt\u0161\u00ed popt\u00e1vka je v zim\u011b a p\u0159ed letn\u00edmi pr\u00e1zdninami.<\/strong> <!--more--><\/p>\n<p>Dana Pol\u00e1\u0161kov\u00e1 m\u00e1 ve Zdravotnick\u00e9 z\u00e1chrann\u00e9 slu\u017eb\u011b Zl\u00ednsk\u00e9ho kraje na starosti vzd\u011bl\u00e1v\u00e1n\u00ed. Poskytov\u00e1n\u00ed prvn\u00ed pomoci je pro ni doslova denn\u00ed chl\u00e9b, pro\u0161koluje v prvn\u00ed pomoci nejen zam\u011bstnance velk\u00fdch firem a organizac\u00ed, \u010dasto p\u0159edn\u00e1\u0161\u00ed ve \u0161kol\u00e1ch, ale i v soci\u00e1ln\u00edch za\u0159\u00edzen\u00edch.<\/p>\n<p>&#8211; Kdy\u017e poskytnou lid\u00e9 v regionu prvn\u00ed pomoc, da\u0159\u00ed se jim?<\/p>\n<p>Co se t\u00fdk\u00e1 \u00fakon\u016f jako zpr\u016fchodn\u011bn\u00ed d\u00fdchac\u00edch cest z\u00e1klonem hlavy, o\u0161et\u0159en\u00ed a stav\u011bn\u00ed krv\u00e1cen\u00ed, tepeln\u00fd komfort pacienta p\u0159i \u0161okov\u00e9m stavu nebo ulo\u017een\u00ed posti\u017een\u00e9ho do polohy na bok, tak se laick\u00fdm zachr\u00e1nc\u016fm da\u0159\u00ed. Probl\u00e9m v\u0161eobecn\u011b jako z\u00e1chran\u00e1\u0159i vid\u00edme v technice p\u0159i prov\u00e1d\u011bn\u00ed srde\u010dn\u00ed mas\u00e1\u017ee a ve v\u010dasn\u00e9m rozhodnut\u00ed srde\u010dn\u00ed mas\u00e1\u017e zah\u00e1jit.<\/p>\n<p>&#8211; Tak\u017ee co p\u0159i z\u00e1chran\u011b \u017eivota d\u011bl\u00e1 lidem nejv\u011bt\u0161\u00ed probl\u00e9my?<\/p>\n<p>Jedn\u00e1 se o bari\u00e9ry sp\u00ed\u0161e psychologick\u00e9ho r\u00e1zu \u2013 strach, \u017ee nev\u00edm, jak spr\u00e1vn\u011b prvn\u00ed pomoc poskytnout a \u017ee zran\u011bn\u00e9mu je\u0161t\u011b v\u00edce ubl\u00ed\u017e\u00edm.<\/p>\n<p>&#8211; Maj\u00ed lid\u00e9 (v\u011bt\u0161inou dosp\u011bl\u00ed) alespo\u0148 pov\u011bdom\u00ed \u2013 znaj\u00ed z\u00e1klady prvn\u00ed pomoci?<\/p>\n<p>Schopnost laick\u00e9 ve\u0159ejnosti adekv\u00e1tn\u011b a \u00fa\u010dinn\u011b zas\u00e1hnout v re\u00e1ln\u00e9 situaci ohro\u017een\u00ed \u017eivota zran\u011bn\u00e9ho nen\u00ed \u00fapln\u011b uspokojiv\u00e1. Li\u0161\u00ed se to typem poran\u011bn\u00ed \u010di onemocn\u011bn\u00ed. Celkov\u011b je znalost prvn\u00ed pomoci lep\u0161\u00ed v ot\u00e1zk\u00e1ch \u00farazov\u00fdch stav\u016f. V\u011bt\u0161\u00ed neznalost ve\u0159ejnost vykazuje v rozpozn\u00e1n\u00ed c\u00e9vn\u00edch mozkov\u00fdch p\u0159\u00edhod, infarkt\u016f, cukrovky.<\/p>\n<p>&#8211; A jak by se m\u011bli zachovat, jestli\u017ee se dostanou do situace, kdy neodkladn\u011b mus\u00ed poskytnout prvn\u00ed pomoc?<\/p>\n<p>Z\u00e1kladem je vlastn\u00ed bezpe\u010dnost a zv\u00e1\u017een\u00ed rizik p\u0159i poskytov\u00e1n\u00ed prvn\u00ed pomoci na m\u00edst\u011b ud\u00e1losti (\u00fanik chemick\u00fdch l\u00e1tek, dal\u0161\u00ed v\u00fdbuch\u2026). Je pot\u0159eba zjistit, zda m\u00e1 posti\u017een\u00fd zachovan\u00e9 \u017eivotn\u011b d\u016fle\u017eit\u00e9 funkce. Zkontrolujte v\u011bdom\u00ed, zpr\u016fchodn\u011bte d\u00fdchac\u00ed cesty z\u00e1klonem hlavy, ov\u011b\u0159te pohledem a poslechem, zda posti\u017een\u00fd norm\u00e1ln\u011b d\u00fdch\u00e1. Volejte 155, a pokud nereaguje a ned\u00fdch\u00e1 norm\u00e1ln\u011b, zahajte srde\u010dn\u00ed mas\u00e1\u017e.<\/p>\n<p>&#8211; Je u n\u00e1s z\u00e1jem o kurzy prvn\u00ed pomoci?<\/p>\n<p>Z\u00e1jem o kurzy prvn\u00ed pomoci roste, zejm\u00e9na v dob\u011b p\u0159ed letn\u00edmi a zimn\u00edmi pr\u00e1zdninami.<\/p>\n<p>&#8211; Jak\u00e9 m\u00e1te zku\u0161enosti nap\u0159\u00edklad se \u0161kolami i jin\u00fdmi institucemi?<\/p>\n<p>Po\u017eadavky o pro\u0161kolen\u00ed zam\u011bstnanc\u016f pracuj\u00edc\u00edch ve \u0161kolstv\u00ed jsou velk\u00e9. \u0160kol\u00edme nejen pedagogick\u00e9 pracovn\u00edky, ale i ve\u0161ker\u00fd person\u00e1l ze \u0161kol z\u00e1kladn\u00edch a mate\u0159sk\u00fdch. Jen od za\u010d\u00e1tku roku byli pro\u0161koleni zam\u011bstnanci krajsk\u00e9ho \u00fa\u0159adu, pracovn\u00edci Mate\u0159sk\u00e9 \u0161koly M. Knesla, Z\u00e1kladn\u00ed \u0161koly Komensk\u00e9ho I, Jesle M. Knesla, Z\u00e1kladn\u00ed \u0161kola Zl\u00edn \u0160t\u00edpa. V dubnu prob\u011bhlo \u0161kolen\u00ed pracovn\u00edk\u016f pro poskytovatele soci\u00e1ln\u00edch slu\u017eeb, v\u00fduka a n\u00e1cvik resuscitace a u\u017eit\u00ed AED p\u0159\u00edstroje P\u010cR.<\/p>\n<p>JANA ZAVADILOV\u00c1<br \/>\nKrom\u011b\u0159\u00ed\u017esk\u00fd den\u00edk<br \/>\n<a href=\"http:\/\/kromerizsky.denik.cz\/\">http:\/\/kromerizsky.denik.cz\/<\/a><\/p>\n","protected":false},"excerpt":{"rendered":"<div class=\"mh-excerpt\"><p>Zdravotnice DANA POL\u00c1\u0160KOV\u00c1 pro Den\u00edk: V posledn\u00ed dob\u011b roste z\u00e1jem o kurzy prvn\u00ed pomoci. Nejv\u011bt\u0161\u00ed popt\u00e1vka je v zim\u011b a p\u0159ed letn\u00edmi pr\u00e1zdninami.<\/p>\n<\/div>","protected":false},"author":1,"featured_media":14098,"comment_status":"open","ping_status":"closed","sticky":false,"template":"","format":"standard","meta":{"footnotes":""},"categories":[9],"tags":[],"class_list":["post-25536","post","type-post","status-publish","format-standard","has-post-thumbnail","hentry","category-zpravy"],"_links":{"self":[{"href":"https:\/\/www.invarena.cz\/index.php?rest_route=\/wp\/v2\/posts\/25536","targetHints":{"allow":["GET"]}}],"collection":[{"href":"https:\/\/www.invarena.cz\/index.php?rest_route=\/wp\/v2\/posts"}],"about":[{"href":"https:\/\/www.invarena.cz\/index.php?rest_route=\/wp\/v2\/types\/post"}],"author":[{"embeddable":true,"href":"https:\/\/www.invarena.cz\/index.php?rest_route=\/wp\/v2\/users\/1"}],"replies":[{"embeddable":true,"href":"https:\/\/www.invarena.cz\/index.php?rest_route=%2Fwp%2Fv2%2Fcomments&post=25536"}],"version-history":[{"count":0,"href":"https:\/\/www.invarena.cz\/index.php?rest_route=\/wp\/v2\/posts\/25536\/revisions"}],"wp:featuredmedia":[{"embeddable":true,"href":"https:\/\/www.invarena.cz\/index.php?rest_route=\/wp\/v2\/media\/14098"}],"wp:attachment":[{"href":"https:\/\/www.invarena.cz\/index.php?rest_route=%2Fwp%2Fv2%2Fmedia&parent=25536"}],"wp:term":[{"taxonomy":"category","embeddable":true,"href":"https:\/\/www.invarena.cz\/index.php?rest_route=%2Fwp%2Fv2%2Fcategories&post=25536"},{"taxonomy":"post_tag","embeddable":true,"href":"https:\/\/www.invarena.cz\/index.php?rest_route=%2Fwp%2Fv2%2Ftags&post=25536"}],"curies":[{"name":"wp","href":"https:\/\/api.w.org\/{rel}","templated":true}]}}