{"id":25548,"date":"2016-05-17T11:28:07","date_gmt":"2016-05-17T09:28:07","guid":{"rendered":"http:\/\/www.invarena.cz\/?p=25548"},"modified":"2016-05-17T11:28:07","modified_gmt":"2016-05-17T09:28:07","slug":"narodni-muzeum-a-narodni-rada-osob-se-zdravotnim-postizenim-cr-podepsaly-memorandum-o-spolupraci","status":"publish","type":"post","link":"https:\/\/www.invarena.cz\/?p=25548","title":{"rendered":"N\u00e1rodn\u00ed muzeum a N\u00e1rodn\u00ed rada osob se zdravotn\u00edm posti\u017een\u00edm \u010cR podepsaly memorandum o spolupr\u00e1ci"},"content":{"rendered":"<p><strong>N\u00e1rodn\u00ed muzeum a N\u00e1rodn\u00ed rada osob se zdravotn\u00edm posti\u017een\u00edm \u010cR, z. s., podepsaly 16. kv\u011btna 2016 memorandum o spolupr\u00e1ci, kter\u00e9 je zam\u011b\u0159eno na co nejv\u011bt\u0161\u00ed zp\u0159\u00edstupn\u011bn\u00ed objekt\u016f a expozic N\u00e1rodn\u00edho muzea pro n\u00e1v\u0161t\u011bvn\u00edky s omezenou schopnost\u00ed pohybu a orientace.<\/strong> <!--more--><\/p>\n<p>Nejbli\u017e\u0161\u00ed spole\u010dn\u00e9 aktivity se budou t\u00fdkat zejm\u00e9na konzultac\u00ed p\u0159i tvorb\u011b komplexu nov\u00fdch expozic N\u00e1rodn\u00edho muzea, kter\u00e9 budou otev\u0159en\u00e9 pro n\u00e1v\u0161t\u011bvn\u00edky po celkov\u00e9 rekonstrukci Historick\u00e9 budovy N\u00e1rodn\u00edho muzea a jej\u00edm propojen\u00ed s vedlej\u0161\u00ed Novou budovou N\u00e1rodn\u00edho muzea.<\/p>\n<p>Memorandum o spolupr\u00e1ci podepsali gener\u00e1ln\u00ed \u0159editel N\u00e1rodn\u00edho muzea Michal Luke\u0161 a p\u0159edseda N\u00e1rodn\u00ed rady osob se zdravotn\u00edm posti\u017een\u00edm \u010cR (NRZP \u010cR) V\u00e1clav Kr\u00e1sa. N\u00e1rodn\u00ed rada osob se zdravotn\u00edm posti\u017een\u00edm \u010cR je organizac\u00ed s celost\u00e1tn\u00ed p\u016fsobnost\u00ed, kter\u00e1 od roku 2000 zastupuje z\u00e1jmy a integraci osob se zdravotn\u00edm posti\u017een\u00edm v r\u016fzn\u00fdch oblastech ve\u0159ejn\u00e9ho \u017eivota prost\u0159ednictv\u00edm sv\u00fdch projekt\u016f a intervenc\u00ed. Je hlavn\u00edm poradn\u00edm org\u00e1nem Vl\u00e1dn\u00edho v\u00fdboru pro zdravotn\u011b posti\u017een\u00e9 ob\u010dany a d\u00e1le \u010dlenem n\u011bkolika mezin\u00e1rodn\u00edch organizac\u00ed obhajuj\u00edc\u00edch z\u00e1jmy osob se zdravotn\u00edm posti\u017een\u00edm, jako nap\u0159\u00edklad European Disability Forum nebo Disabled Peoples\u2019 International.<\/p>\n<p>N\u00e1rodn\u00ed muzeum bude prost\u0159ednictv\u00edm spolupr\u00e1ce d\u00e1le rozv\u00edjet svou dosavadn\u00ed \u010dinnost a projekty ur\u010den\u00e9 pro n\u00e1v\u0161t\u011bvn\u00edky se speci\u00e1ln\u00edmi pot\u0159ebami, mezi kter\u00e9 pat\u0159\u00ed nap\u0159\u00edklad osoby s poruchami zraku a sluchu, ale rovn\u011b\u017e senio\u0159i nebo rodiny s mal\u00fdmi d\u011btmi. V objektech instituce jsou organizov\u00e1ny r\u016fzn\u00e9 akce pro n\u00e1v\u0161t\u011bvn\u00edky se speci\u00e1ln\u00edmi pot\u0159ebami, jako jsou pravideln\u00e9 komentovan\u00e9 prohl\u00eddky pro n\u00e1v\u0161t\u011bvn\u00edky s poruchami sluchu, ka\u017edoro\u010dn\u00ed organizace Pra\u017esk\u00e9 muzejn\u00ed noci pro nesly\u0161\u00edc\u00ed, nebo t\u0159i v\u00fdstavy s dotykov\u00fdmi expon\u00e1ty a s katalogy v Braillov\u011b p\u00edsmu pro osoby s poruchami zraku konan\u00e9 za posledn\u00ed \u010dty\u0159i roky.<\/p>\n<p>Bezbari\u00e9rov\u00e9 prost\u0159ed\u00ed v Historick\u00e9 budov\u011b N\u00e1rodn\u00edho muzea po rekonstrukci<\/p>\n<p>Projekt rekonstrukce se sna\u017e\u00ed v maxim\u00e1ln\u00ed mo\u017en\u00e9 m\u00ed\u0159e zp\u0159\u00edstupnit prostor pro osoby se sn\u00ed\u017eenou schopnost\u00ed pohybu a orientace. Ur\u010dit\u00e9 limity byly d\u00e1ny vlastn\u00ed podobou interi\u00e9r\u016f a vstup\u016f do budovy, ale tak\u00e9 z d\u016fvodu omezen\u00ed mo\u017en\u00fdch z\u00e1sah\u016f z hlediska pam\u00e1tkov\u00e9 p\u00e9\u010de. Jedn\u00edm z t\u011bchto omezen\u00ed je nap\u0159\u00edklad fakt, \u017ee pro n\u00e1v\u0161t\u011bvn\u00edky s pohybov\u00fdm omezen\u00edm, pou\u017e\u00edvaj\u00edc\u00ed mechanick\u00fd nebo elektrick\u00fd voz\u00edk, nebude s ohledem na st\u00e1vaj\u00edc\u00ed konstruk\u010dn\u00ed vztahy a po\u017e\u00e1rn\u00ed bezpe\u010dnostn\u00ed p\u0159edpisy dostupn\u00e1 vyhl\u00eddkov\u00e1 v\u011b\u017e v hlavn\u00ed v\u011b\u017ei budovy.<\/p>\n<p>Bezbari\u00e9rov\u00e9 \u0159e\u0161en\u00ed komplexu Historick\u00e9 budovy N\u00e1rodn\u00edho muzea po rekonstrukci po\u010d\u00edt\u00e1 se vstupem pro n\u00e1v\u0161t\u011bvn\u00edky s omezenou schopnost\u00ed pohybu a orientace p\u0159es n\u00e1v\u0161t\u011bvnick\u00fd vchod Nov\u00e9 budovy N\u00e1rodn\u00edho muzea. Zde bude um\u00edst\u011bno i jedno centrum slu\u017eeb pro n\u00e1v\u0161t\u011bvn\u00edky s informa\u010dn\u00edm servisem, \u0161atnou, mo\u017enost\u00ed vyzvednut\u00ed si pl\u00e1nu budov a expozic s vyzna\u010den\u00fdmi trasami a bezbari\u00e9rov\u00fdmi za\u0159\u00edzen\u00edmi a zap\u016fj\u010den\u00ed speci\u00e1ln\u00edch a kompenza\u010dn\u00edch pom\u016fcek. N\u00e1v\u0161t\u011bvnick\u00e1 trasa bude d\u00e1le v\u00e9st po expozic\u00edch Nov\u00e9 budovy a n\u00e1sledn\u011b p\u0159es spojovac\u00ed chodbu v \u00farovni 2. suter\u00e9nu a\u017e do \u00farovn\u011b 3. patra Historick\u00e9 budovy N\u00e1rodn\u00edho muzea. Dal\u0161\u00ed mo\u017enost\u00ed bude p\u0159\u00edstup z chodn\u00edku p\u0159es person\u00e1ln\u00ed vstup z ulice Vinohradsk\u00e1 a tak\u00e9 p\u0159\u00edjezd do Historick\u00e9 budovy z ulice Vinohradsk\u00e1 bo\u010dn\u00edm vjezdem do dopravn\u011b obslu\u017en\u00e9ho prostoru, kde budou um\u00edst\u011bna dv\u011b parkovac\u00ed m\u00edsta pro osoby s omezenou schopnost\u00ed pohybu a orientace. Z tohoto podla\u017e\u00ed se n\u00e1v\u0161t\u011bvn\u00edci dostanou dv\u011bma v\u00fdtahy do p\u0159\u00edzem\u00ed a prostor expozic v p\u0159\u00edzem\u00ed a patrech, kde budou situov\u00e1na dal\u0161\u00ed p\u0159izp\u016fsoben\u00e1 soci\u00e1ln\u00ed za\u0159\u00edzen\u00ed.<\/p>\n<p>\u00dapravy ve v\u011bci zna\u010den\u00ed budou provedeny nejenom v budov\u011b, ale tak\u00e9 v exteri\u00e9ru v bl\u00edzkosti obou budov po domluv\u011b s p\u0159\u00edslu\u0161n\u00fdmi organizacemi. Vlastn\u00ed podoba nov\u011b budovan\u00fdch expozic po\u010d\u00edt\u00e1 s pln\u011b bezbari\u00e9rov\u00fdm prost\u0159ed\u00edm pro v\u0161echny n\u00e1v\u0161t\u011bvn\u00edky bez rozd\u00edlu. Konzultace a spolupr\u00e1ce s N\u00e1rodn\u00ed radou osob se zdravotn\u00edm posti\u017een\u00edm \u010cR pom\u016f\u017ee k vytvo\u0159en\u00ed nov\u00e9 Historick\u00e9 budovy N\u00e1rodn\u00edho muzea, prostoru vst\u0159\u00edcn\u00e9ho ke v\u0161em n\u00e1v\u0161t\u011bvn\u00edk\u016fm.<\/p>\n<p>Parlamentn\u00ed Listy<\/p>\n","protected":false},"excerpt":{"rendered":"<div class=\"mh-excerpt\"><p>N\u00e1rodn\u00ed muzeum a N\u00e1rodn\u00ed rada osob se zdravotn\u00edm posti\u017een\u00edm \u010cR, z. s., podepsaly 16. kv\u011btna 2016 memorandum o spolupr\u00e1ci, kter\u00e9 je zam\u011b\u0159eno na co nejv\u011bt\u0161\u00ed <a class=\"mh-excerpt-more\" href=\"https:\/\/www.invarena.cz\/?p=25548\" title=\"N\u00e1rodn\u00ed muzeum a N\u00e1rodn\u00ed rada osob se zdravotn\u00edm posti\u017een\u00edm \u010cR podepsaly memorandum o spolupr\u00e1ci\">[&#8230;]<\/a><\/p>\n<\/div>","protected":false},"author":1,"featured_media":12328,"comment_status":"open","ping_status":"closed","sticky":false,"template":"","format":"standard","meta":{"footnotes":""},"categories":[9],"tags":[],"class_list":["post-25548","post","type-post","status-publish","format-standard","has-post-thumbnail","hentry","category-zpravy"],"_links":{"self":[{"href":"https:\/\/www.invarena.cz\/index.php?rest_route=\/wp\/v2\/posts\/25548","targetHints":{"allow":["GET"]}}],"collection":[{"href":"https:\/\/www.invarena.cz\/index.php?rest_route=\/wp\/v2\/posts"}],"about":[{"href":"https:\/\/www.invarena.cz\/index.php?rest_route=\/wp\/v2\/types\/post"}],"author":[{"embeddable":true,"href":"https:\/\/www.invarena.cz\/index.php?rest_route=\/wp\/v2\/users\/1"}],"replies":[{"embeddable":true,"href":"https:\/\/www.invarena.cz\/index.php?rest_route=%2Fwp%2Fv2%2Fcomments&post=25548"}],"version-history":[{"count":0,"href":"https:\/\/www.invarena.cz\/index.php?rest_route=\/wp\/v2\/posts\/25548\/revisions"}],"wp:featuredmedia":[{"embeddable":true,"href":"https:\/\/www.invarena.cz\/index.php?rest_route=\/wp\/v2\/media\/12328"}],"wp:attachment":[{"href":"https:\/\/www.invarena.cz\/index.php?rest_route=%2Fwp%2Fv2%2Fmedia&parent=25548"}],"wp:term":[{"taxonomy":"category","embeddable":true,"href":"https:\/\/www.invarena.cz\/index.php?rest_route=%2Fwp%2Fv2%2Fcategories&post=25548"},{"taxonomy":"post_tag","embeddable":true,"href":"https:\/\/www.invarena.cz\/index.php?rest_route=%2Fwp%2Fv2%2Ftags&post=25548"}],"curies":[{"name":"wp","href":"https:\/\/api.w.org\/{rel}","templated":true}]}}