{"id":25550,"date":"2016-05-17T11:39:58","date_gmt":"2016-05-17T09:39:58","guid":{"rendered":"http:\/\/www.invarena.cz\/?p=25550"},"modified":"2016-05-17T11:39:58","modified_gmt":"2016-05-17T09:39:58","slug":"na-ceste-za-snem-pomaha-divce-kun","status":"publish","type":"post","link":"https:\/\/www.invarena.cz\/?p=25550","title":{"rendered":"Na cest\u011b za snem pom\u00e1h\u00e1 d\u00edvce k\u016f\u0148"},"content":{"rendered":"<p><strong>Tereza s Apertov\u00fdm syndromem se p\u0159ipravuje na srpnov\u00e9 mistrovstv\u00ed \u010cR v paradrezu\u0159e kon\u00ed<\/strong><!--more--><\/p>\n<p>KOL\u00cdN Lev\u00e1, prav\u00e1. Pe\u010dliv\u011b vysed\u00e1vat, jinak jezdec snadno ztrat\u00ed na klusaj\u00edc\u00edm koni balanc. Desetilet\u00e1 Tereza Dubcov\u00e1 zvl\u00e1d\u00e1 tuhle nesnadnou discipl\u00ednu bravurn\u011b. Je to pro ni p\u0159itom mnohem n\u00e1ro\u010dn\u011bj\u0161\u00ed ne\u017e pro jej\u00ed vrstevn\u00edky.<\/p>\n<p>Tereza se narodila s Apertov\u00fdm syndromem, co\u017e je sr\u016fst prst\u016f na rukou i nohou a tak\u00e9 \u0161patn\u00e9 sr\u016fsty lebe\u010dn\u00edch \u0161v\u016f. P\u0159i narozen\u00ed nem\u011bla jednotliv\u00e9 prsty, ale jen shluk kost\u00ed a svalov\u00e9 hmoty. Do sv\u00fdch sedmi let prod\u011blala na 45 operac\u00ed rukou a nohou, k tomu n\u00e1ro\u010dnou operaci hlavy a o\u010d\u00ed. D\u00edky skv\u011bl\u00e9 pr\u00e1ci l\u00e9ka\u0159\u016f m\u00e1 dnes na rukou v\u0161ech deset prst\u016f, by\u0165 jen minim\u00e1ln\u011b pohybliv\u00fdch, a \u00fasp\u011b\u0161n\u011b nav\u0161t\u011bvuje t\u0159et\u00ed t\u0159\u00eddu v norm\u00e1ln\u00ed \u0161kole, kde j\u00ed pom\u00e1h\u00e1 jej\u00ed asistentka.<\/p>\n<p>V\u00fdznamnou roli sehr\u00e1la v l\u00e9\u010db\u011b Terezky hipoterapie, l\u00e9\u010debn\u00e1 j\u00edzda na koni, je\u017e j\u00ed pomohla ke zlep\u0161en\u00ed jemn\u00e9 i hrub\u00e9 motoriky, rovnov\u00e1hy, k lep\u0161\u00ed orientaci v prostoru a celkov\u00e9 koordinaci pohybu. Brzy se kon\u011b stali jej\u00ed l\u00e1skou a cht\u011bla s nimi tr\u00e1vit v\u00edce \u010dasu ne\u017e jen p\u0159i l\u00e9\u010debn\u00fdch hodin\u00e1ch. Jej\u00ed chu\u0165, ale i talent pro opravdovou j\u00edzdu na koni z\u00e1hy poznala i tren\u00e9rka Zuzana Fialov\u00e1. &#8222;Terezka ke mn\u011b chodila od \u010dty\u0159 let na hipoterapii a potom i na je\u017ed\u011bn\u00ed a zvykla si na m\u011b. Kdy\u017e jsem se s man\u017eelem a d\u011btmi odst\u011bhovala z Kutn\u00e9 Hory do Sloupna u Nov\u00e9ho Byd\u017eova, kde man\u017eel zd\u011bdil d\u016fm, Terezka \u0159ekla, \u017ee nechce nikoho jin\u00e9ho ne\u017e m\u011b, a za\u010dala za mnou jezdit,&#8220; \u0159\u00edk\u00e1 s \u00fasm\u011bvem Fialov\u00e1.<\/p>\n<p>Jej\u00ed cesta k pr\u00e1ci s ko\u0148mi nebyla jednoduch\u00e1. &#8222;Jezdit na koni jsem si p\u0159\u00e1la odmali\u010dka, ale proto\u017ee m\u00e1m velmi t\u011b\u017ekou zrakovou vadu, \u010dekala m\u011b ke kon\u00edm dlouh\u00e1 a nesnadn\u00e1 cesta. Proto jsem se p\u0159ed \u0161estn\u00e1cti lety &#8211; u\u017e jako dosp\u011bl\u00e1 \u017eena a matka \u010dty\u0159 d\u011bt\u00ed &#8211; rozhodla, \u017ee budu pom\u00e1hat handicapovan\u00fdm d\u011btem plnit jejich sen jezdit na koni. Zab\u00fdvala jsem se hipoterapi\u00ed a paradrezurou, tedy sportovn\u00edm je\u017ed\u011bn\u00edm handicapovan\u00fdch. Dnes tr\u00e9nuji Terezku, kter\u00e1 je velmi nad\u011bjnou jezdkyn\u00ed a ve sv\u00fdch deseti letech m\u00e1 dobr\u00e9 p\u0159edpoklady pro z\u00e1vody v paradrezu\u0159e,&#8220; dod\u00e1v\u00e1 Fialov\u00e1.<\/p>\n<p>Terezka se postupn\u011b v je\u017ed\u011bn\u00ed natolik zlep\u0161ila, \u017ee s n\u00ed Fialov\u00e1 za\u010dala tr\u00e9novat na paradrezurn\u00ed z\u00e1vody. S pon\u00edkem Rar\u00e1\u0161kem, kter\u00e9ho j\u00ed zap\u016fj\u010dila tren\u00e9r\u010dina dcera Bar\u010da, se loni z\u00fa\u010dastnila dvou paradrezurn\u00edch z\u00e1vod\u016f, kde obsadila 3. a 1. m\u00edsto. Uk\u00e1zalo se, \u017ee tato dvojice, Terezka a Rar\u00e1\u0161ek, je nalad\u011bn\u00e1 na stejnou vlnu a b\u00e1je\u010dn\u011b jim to spolu jde. &#8222;Proto bych r\u00e1da Terezku p\u0159ipravila na \u00fa\u010dast na srpnov\u00e9m mistrovstv\u00ed \u010cR v paradrezu\u0159e a na z\u00e1\u0159ijov\u00e9 fin\u00e1le paradrezurn\u00edho poh\u00e1ru,&#8220; \u0159\u00edk\u00e1 Fialov\u00e1.<\/p>\n<p>Terez\u010dina matka Lenka Dubcov\u00e1 voz\u00ed dcerku do Sloupna t\u0159ikr\u00e1t t\u00fddn\u011b. &#8222;Terezka nesm\u00ed kv\u016fli kon\u00edm zanedb\u00e1vat \u0161kolu, naopak jsou pro ni motivac\u00ed. A\u017e kdy\u017e se nau\u010d\u00ed, m\u016f\u017ee jet na tr\u00e9nink,&#8220; \u0159\u00edk\u00e1 pan\u00ed Dubcov\u00e1. Potvrzuje to i Zuzana Fialov\u00e1, podle n\u00ed\u017e je v\u00fdhodn\u00e9, \u017ee si ve Sloupn\u011b mohou pronaj\u00edmat krytou halu m\u00edstn\u00edho jezdeck\u00e9ho odd\u00edlu i ve\u010der, kdy\u017e u\u017e m\u00e1 Terezka v\u0161e do \u0161koly hotov\u00e9.<\/p>\n<p>Podle pan\u00ed Dubcov\u00e9 je pro Terezku povzbuzen\u00edm i to, \u017ee j\u00ed cel\u00e1 \u0161kola v \u010cerven\u00fdch Pe\u010dk\u00e1ch, kam chod\u00ed, velmi fand\u00ed: &#8222;Kdy\u017e jsou n\u011bjak\u00e9 z\u00e1vody nebo soust\u0159ed\u011bn\u00ed, tak m\u011b pan\u00ed u\u010ditelka \u017e\u00e1d\u00e1 o fotky a vyv\u011b\u0161uje je na \u0161koln\u00ed webov\u00e9 str\u00e1nky a tak trochu se s nimi chlub\u00ed.&#8220; Dubcov\u00e1 podot\u00fdk\u00e1, \u017ee jde o norm\u00e1ln\u00ed \u0161kolu, kter\u00e1 integruje i dal\u0161\u00ed handicapovan\u00e9 d\u011bti. &#8222;Do vy\u0161\u0161\u00edho ro\u010dn\u00edku chod\u00ed dva kluci a ti jsou, mysl\u00edm, lehce autisti\u010dt\u00ed,&#8220; dod\u00e1v\u00e1 Dubcov\u00e1.<\/p>\n<p>Terezku ke koni pro\u010detly d\u011bti<\/p>\n<p>Cel\u00fd tr\u00e9nink vyjde na des\u00edtky tis\u00edc korun. P\u0159i p\u0159\u00edprav\u011b na samotn\u00e9 z\u00e1vody pot\u0159ebuje Zuzana Fialov\u00e1 kv\u016fli probl\u00e9m\u016fm se zrakem pomoc zdrav\u00e9ho profesion\u00e1ln\u00edho tren\u00e9ra. Dal\u0161\u00ed v\u00fddaje jdou na pron\u00e1jem haly t\u0159ikr\u00e1t t\u00fddn\u011b, aby se dalo tr\u00e9novat za ka\u017ed\u00e9ho po\u010das\u00ed. Ned\u00edlnou sou\u010d\u00e1st\u00ed p\u0159\u00edprav, a tedy i n\u00e1klad\u016f je pron\u00e1jem p\u0159\u00edv\u011bsu a profesion\u00e1ln\u00ed p\u0159epravy kon\u00ed na z\u00e1vody. Nakonec je nutn\u00e9 zaplatit startovn\u00e9, ust\u00e1jen\u00ed kon\u011b a pomoc asistenta. To v\u0161e je nutn\u00e9 k tomu, aby se Tereza mohla z\u00fa\u010dastnit v\u0161ech paradrezurn\u00edch z\u00e1vod\u016f v \u010cesku a aby se mohla kvalifikovat na mistrovstv\u00ed \u010cR 2016.<\/p>\n<p>&#8222;N\u00e1klady jsme spo\u010d\u00edtali na 95 tis\u00edc korun a po\u017e\u00e1dali o pomoc projekt \u010cten\u00ed pom\u00e1h\u00e1 a byli jsme r\u00e1di, \u017ee na\u0161e \u017e\u00e1dost byla za\u0159azena loni koncem roku a ji\u017e letos 18. ledna pot\u0159ebnou \u010d\u00e1stku d\u011bti na\u010detly,&#8220; \u0159\u00edk\u00e1 pan\u00ed Fialov\u00e1. V r\u00e1mci projektu \u010dtou d\u011bti z\u00e1kladn\u00edch i st\u0159edn\u00edch \u0161kol v\u00fdznamn\u00e1 d\u00edla \u010desk\u00e9 i sv\u011btov\u00e9 literatury a z\u00edsk\u00e1vaj\u00ed za to virtu\u00e1ln\u00ed finan\u010dn\u00ed odm\u011bny, je\u017e mohou v\u011bnovat na podobn\u00e9 c\u00edle, jako je Terez\u010dina \u00fa\u010dast na mistrovstv\u00ed \u010cR.<\/p>\n<p>&#8222;Tu \u010d\u00e1stku jsem dostala j\u00e1 a mus\u00edm v\u0161e p\u0159esn\u011b vy\u00fa\u010dtovat, v\u010detn\u011b krmen\u00ed pro kon\u011b a dal\u0161\u00edch polo\u017eek,&#8220; zd\u016fraz\u0148uje Fialov\u00e1. Dod\u00e1v\u00e1, \u017ee Terezka v posledn\u00edch m\u011bs\u00edc\u00edch dost vyrostla, v dubnu j\u00ed u\u017e bylo deset let a pon\u00edk Rar\u00e1\u0161ek pro ni za\u010d\u00edn\u00e1 b\u00fdt mal\u00fd. &#8222;Proto t\u0159eba posledn\u00ed z\u00e1vody absolvovala na Finnovi, co\u017e je fjordsk\u00fd k\u016f\u0148. Je trochu v\u011bt\u0161\u00ed a je ji\u017e takovou p\u0159\u00edpravkou na velk\u00e9ho kon\u011b,&#8220; l\u00ed\u010d\u00ed Zuzana. \u0158\u00edk\u00e1, \u017ee je lep\u0161\u00ed, kdy\u017e Terezka jezd\u00ed na v\u00edce kon\u00edch, proto\u017ee ka\u017ed\u00fd k\u016f\u0148 m\u00e1 jin\u00fd rytmus, jinak dlouh\u00fd krok, jin\u00fd pohyb h\u0159betu a podobn\u011b a st\u0159\u00edd\u00e1n\u00edm kon\u00ed se jezdec zdokonaluje. &#8222;\u010casem dojde \u0159ada na velk\u00e9ho kon\u011b, ale to je je\u0161t\u011b dost daleko,&#8220; uzav\u00edr\u00e1 tren\u00e9rka.<\/p>\n<p>&#8212;<\/p>\n<p>Fakta<\/p>\n<p>Kdy\u017e se \u0159ekne<\/p>\n<p>&#8211; Hipoterapie je rehabilitace pro d\u011bti a dosp\u011bl\u00e9 s fyzick\u00fdm posti\u017een\u00edm, jako je nap\u0159\u00edklad d\u011btsk\u00e1 mozkov\u00e1 obrna. Jako stimul a rehabilita\u010dn\u00ed prvek se p\u0159i tom vyu\u017e\u00edv\u00e1 p\u0159irozen\u00fd pohyb kon\u011b v kroku, kter\u00fd se prom\u00edt\u00e1 do trojrozm\u011brn\u00e9ho pohybu ko\u0148sk\u00e9ho h\u0159betu, jen\u017e se st\u00e1v\u00e1 pro terapii skv\u011blou balan\u010dn\u00ed plochou. Dnes je trendem i psychoterapie pomoc\u00ed kon\u00ed. Kon\u011b je toti\u017e mo\u017en\u00e9 zapojit i do terapie lid\u00ed s du\u0161evn\u00edmi poruchami, jako je deprese, poruchy n\u00e1lad, schizofrenie \u010di poruchy p\u0159\u00edjmu potravy. Na terapii se pod\u00edl\u00ed odborn\u011b \u0161kolen\u00fd person\u00e1l v \u010dele s psychoterapeutem, psychologem, psychiatrem apod.<\/p>\n<p>&#8211; Parajezdectv\u00ed je sportovn\u00ed vy\u017eit\u00ed pro jezdce se zdravotn\u00edm znev\u00fdhodn\u011bn\u00edm, kter\u00fd se s ohledem na svoje posti\u017een\u00ed u\u010d\u00ed aktivn\u011b jezdit na koni, volti\u017en\u00edm cvik\u016fm nebo vede kon\u011b v z\u00e1p\u0159e\u017ei, p\u0159\u00edpadn\u011b se \u00fa\u010dastn\u00ed sportovn\u00edch sout\u011b\u017e\u00ed.<\/p>\n<p>Jan Hor\u00e1k, spolupracovn\u00edk MF DNES<\/p>\n<p>Mlad\u00e1 fronta DNES<\/p>\n","protected":false},"excerpt":{"rendered":"<div class=\"mh-excerpt\"><p>Tereza s Apertov\u00fdm syndromem se p\u0159ipravuje na srpnov\u00e9 mistrovstv\u00ed \u010cR v paradrezu\u0159e kon\u00ed<\/p>\n<\/div>","protected":false},"author":1,"featured_media":20410,"comment_status":"open","ping_status":"closed","sticky":false,"template":"","format":"standard","meta":{"footnotes":""},"categories":[9],"tags":[],"class_list":["post-25550","post","type-post","status-publish","format-standard","has-post-thumbnail","hentry","category-zpravy"],"_links":{"self":[{"href":"https:\/\/www.invarena.cz\/index.php?rest_route=\/wp\/v2\/posts\/25550","targetHints":{"allow":["GET"]}}],"collection":[{"href":"https:\/\/www.invarena.cz\/index.php?rest_route=\/wp\/v2\/posts"}],"about":[{"href":"https:\/\/www.invarena.cz\/index.php?rest_route=\/wp\/v2\/types\/post"}],"author":[{"embeddable":true,"href":"https:\/\/www.invarena.cz\/index.php?rest_route=\/wp\/v2\/users\/1"}],"replies":[{"embeddable":true,"href":"https:\/\/www.invarena.cz\/index.php?rest_route=%2Fwp%2Fv2%2Fcomments&post=25550"}],"version-history":[{"count":0,"href":"https:\/\/www.invarena.cz\/index.php?rest_route=\/wp\/v2\/posts\/25550\/revisions"}],"wp:featuredmedia":[{"embeddable":true,"href":"https:\/\/www.invarena.cz\/index.php?rest_route=\/wp\/v2\/media\/20410"}],"wp:attachment":[{"href":"https:\/\/www.invarena.cz\/index.php?rest_route=%2Fwp%2Fv2%2Fmedia&parent=25550"}],"wp:term":[{"taxonomy":"category","embeddable":true,"href":"https:\/\/www.invarena.cz\/index.php?rest_route=%2Fwp%2Fv2%2Fcategories&post=25550"},{"taxonomy":"post_tag","embeddable":true,"href":"https:\/\/www.invarena.cz\/index.php?rest_route=%2Fwp%2Fv2%2Ftags&post=25550"}],"curies":[{"name":"wp","href":"https:\/\/api.w.org\/{rel}","templated":true}]}}