{"id":25576,"date":"2016-05-29T11:19:27","date_gmt":"2016-05-29T09:19:27","guid":{"rendered":"http:\/\/www.invarena.cz\/?p=25576"},"modified":"2016-05-29T11:19:27","modified_gmt":"2016-05-29T09:19:27","slug":"diky-mestu-a-nadaci-prestane-byt-vozickar-vaclav-kolin-veznem","status":"publish","type":"post","link":"https:\/\/www.invarena.cz\/?p=25576","title":{"rendered":"D\u00edky m\u011bstu a nadaci p\u0159estane b\u00fdt voz\u00ed\u010dk\u00e1\u0159 V\u00e1clav Kol\u00edn v\u011bzn\u011bm"},"content":{"rendered":"<p><strong>Voz\u00ed\u010dk\u00e1\u0159 V\u00e1clav Kol\u00edn znal jen okol\u00ed sv\u00e9ho domu, d\u00edky dar\u016fm bude moci po\u0159\u00eddit upraven\u00fd automobil a vyjet i za br\u00e1ny m\u011bsta Ostrov Ostrov<\/strong><!--more--><\/p>\n<p>Hned dvou finan\u010dn\u00edch dar\u016f v jeden den se do\u010dkal V\u00e1clav Kol\u00edn z Ostrova, kter\u00fd je upout\u00e1n na invalidn\u00ed voz\u00edk. &#8222;Kone\u010dn\u011b budeme moci jet d\u00e1l, ne\u017e do vedlej\u0161\u00ed ulice,&#8220; libuje si jeho \u017eena nad \u0161anc\u00ed, kter\u00e1 ob\u011bma zm\u011bn\u00ed \u017eivot. Pl\u00e1nuj\u00ed toti\u017e po\u0159\u00eddit speci\u00e1ln\u011b upraven\u00fd automobil zna\u010dky Dacia, d\u00edky kter\u00e9mu bude moci V\u00e1clav Kol\u00edn cestovat i se sv\u00fdm p\u0159es 100 kilogram\u016f v\u00e1\u017e\u00edc\u00edm elektrick\u00fdm voz\u00edkem. &#8222;Pana Kol\u00edna zn\u00e1me roky, jeho zdravotn\u00ed stav se v posledn\u00ed dob\u011b zhor\u0161il natolik, \u017ee se mo\u017enost p\u0159ev\u00e9zt jej nap\u0159\u00edklad k l\u00e9ka\u0159i stala nezbytnou.<br \/>\nM\u011bsto se proto rozhodlo poskytnout mu finan\u010dn\u00ed dar ve v\u00fd\u0161i 50 000 korun, stejnou \u010d\u00e1stku obdr\u017eel tak\u00e9 od nadace AGEL,&#8220; \u0159ekl starosta Pavel \u010cekan.<br \/>\n&#8222;Vybrali jsme ten nejlevn\u011bj\u0161\u00ed speci\u00e1ln\u00ed automobil, jeho po\u0159\u00edzen\u00ed vyjde p\u0159ibli\u017en\u011b na 220 tis\u00edc korun. \u010c\u00e1st pen\u011bz n\u00e1m je\u0161t\u011b sch\u00e1z\u00ed, ale vezmeme si p\u016fj\u010dku. Byl jsem v\u011bzn\u011bm ve sv\u00e9m byt\u011b a ve m\u011bst\u011b, bez elektrick\u00e9ho voz\u00edku se neobejdu.<br \/>\nVozit m\u011b bude man\u017eelka, m\u016fj stav mi usednout za volant nedovoluje,&#8220; okomentoval radost z dar\u016f s\u00e1m V\u00e1clav Kol\u00edn, kter\u00fd by m\u011bl m\u00edt speci\u00e1ln\u011b upraven\u00fd automobil s n\u00e1jezdn\u00ed rampou do dvou t\u00fddn\u016f.<\/p>\n<p>Karlovarsk\u00fd den\u00edk<br \/>\n<a href=\"http:\/\/karlovarsky.denik.cz\/\">http:\/\/karlovarsky.denik.cz\/<\/a><\/p>\n","protected":false},"excerpt":{"rendered":"<div class=\"mh-excerpt\"><p>Voz\u00ed\u010dk\u00e1\u0159 V\u00e1clav Kol\u00edn znal jen okol\u00ed sv\u00e9ho domu, d\u00edky dar\u016fm bude moci po\u0159\u00eddit upraven\u00fd automobil a vyjet i za br\u00e1ny m\u011bsta Ostrov Ostrov<\/p>\n<\/div>","protected":false},"author":1,"featured_media":14245,"comment_status":"open","ping_status":"closed","sticky":false,"template":"","format":"standard","meta":{"footnotes":""},"categories":[9],"tags":[],"class_list":["post-25576","post","type-post","status-publish","format-standard","has-post-thumbnail","hentry","category-zpravy"],"_links":{"self":[{"href":"https:\/\/www.invarena.cz\/index.php?rest_route=\/wp\/v2\/posts\/25576","targetHints":{"allow":["GET"]}}],"collection":[{"href":"https:\/\/www.invarena.cz\/index.php?rest_route=\/wp\/v2\/posts"}],"about":[{"href":"https:\/\/www.invarena.cz\/index.php?rest_route=\/wp\/v2\/types\/post"}],"author":[{"embeddable":true,"href":"https:\/\/www.invarena.cz\/index.php?rest_route=\/wp\/v2\/users\/1"}],"replies":[{"embeddable":true,"href":"https:\/\/www.invarena.cz\/index.php?rest_route=%2Fwp%2Fv2%2Fcomments&post=25576"}],"version-history":[{"count":0,"href":"https:\/\/www.invarena.cz\/index.php?rest_route=\/wp\/v2\/posts\/25576\/revisions"}],"wp:featuredmedia":[{"embeddable":true,"href":"https:\/\/www.invarena.cz\/index.php?rest_route=\/wp\/v2\/media\/14245"}],"wp:attachment":[{"href":"https:\/\/www.invarena.cz\/index.php?rest_route=%2Fwp%2Fv2%2Fmedia&parent=25576"}],"wp:term":[{"taxonomy":"category","embeddable":true,"href":"https:\/\/www.invarena.cz\/index.php?rest_route=%2Fwp%2Fv2%2Fcategories&post=25576"},{"taxonomy":"post_tag","embeddable":true,"href":"https:\/\/www.invarena.cz\/index.php?rest_route=%2Fwp%2Fv2%2Ftags&post=25576"}],"curies":[{"name":"wp","href":"https:\/\/api.w.org\/{rel}","templated":true}]}}