{"id":25583,"date":"2016-05-26T10:18:30","date_gmt":"2016-05-26T08:18:30","guid":{"rendered":"http:\/\/www.invarena.cz\/?p=25583"},"modified":"2016-05-26T10:19:01","modified_gmt":"2016-05-26T08:19:01","slug":"v-kacove-se-pripravuji-na-dvaadvacaty-beh-nadeje-podpori-vyzkum-rakoviny","status":"publish","type":"post","link":"https:\/\/www.invarena.cz\/?p=25583","title":{"rendered":"V K\u00e1cov\u011b se p\u0159ipravuj\u00ed na B\u011bh nad\u011bje. Podpo\u0159\u00ed v\u00fdzkum rakoviny"},"content":{"rendered":"<p>B\u011bh nad\u011bje se uskute\u010dn\u00ed v p\u00e1tek 27. kv\u011btna v K\u00e1cov\u011b. Start z\u00e1vodn\u00edk\u016f se bude konat od deseti do \u010dtrn\u00e1cti hodin p\u0159ed budovou druh\u00e9ho stupn\u011b Z\u00e1kladn\u00ed \u0161koly K\u00e1cov.<!--more--><\/p>\n<p>B\u011bh nen\u00ed klasick\u00fdm z\u00e1vodem, jedn\u00e1 se o sportovn\u011bspole\u010denskou akci s humanit\u00e1rn\u00edm podtextem, p\u0159i\u010dem\u017e b\u011bh je symbolem boje s rakovinou. Vyty\u010denou trasu b\u011bhu mohou \u00fa\u010dastn\u00edci prob\u011bhnout, ujet na kole, kole\u010dkov\u00fdch brusl\u00edch, proj\u00edt p\u011b\u0161ky nebo t\u0159eba s ko\u010d\u00e1rkem.<br \/>\nZ\u00fa\u010dastnit se mohou ale i handicapovan\u00ed na invalidn\u00edch voz\u00edc\u00edch. Slavnostn\u00ed zah\u00e1jen\u00ed se bude konat ji\u017e v osm hodin r\u00e1no na asfaltov\u00e9m h\u0159i\u0161ti p\u0159ed budovou z\u00e1kladn\u00ed \u0161koly, pro jej\u00ed\u017e \u017e\u00e1ky zde budou p\u0159ipraveny netradi\u010dn\u00ed discipl\u00edny. Na trase b\u011bhu budou na jednotliv\u00fdch stanovi\u0161t\u00edch um\u00edst\u011bn\u00e9 pokladni\u010dky, do nich\u017e mohou \u00fa\u010dastn\u00edci vkl\u00e1dat dobrovoln\u00e9 finan\u010dn\u00ed obnosy.<br \/>\nVe\u0159ejn\u00e1 sb\u00edrka bude ur\u010den\u00e1 na v\u00fdzkum rakoviny. Pokladni\u010dky budou um\u00edst\u011bny u mate\u0159sk\u00e9 \u0161koly, \u0161koln\u00ed j\u00eddelny, u budovy m\u011bstsk\u00e9ho \u00fa\u0159adu, u potravin a u m\u00edstn\u00edho obchodu se suven\u00fdry. B\u011bh nad\u011bje se kon\u00e1 po cel\u00e9 \u010cesk\u00e9 republice.<\/p>\n<p>HANA KRATOCHV\u00cdLOV\u00c1<br \/>\nKutnohorsk\u00fd den\u00edk<br \/>\n<a href=\"http:\/\/www.kutnohorsky.denik.cz\/\">http:\/\/www.kutnohorsky.denik.cz\/<\/a><\/p>\n","protected":false},"excerpt":{"rendered":"<div class=\"mh-excerpt\"><p>B\u011bh nad\u011bje se uskute\u010dn\u00ed v p\u00e1tek 27. kv\u011btna v K\u00e1cov\u011b. Start z\u00e1vodn\u00edk\u016f se bude konat od deseti do \u010dtrn\u00e1cti hodin p\u0159ed budovou druh\u00e9ho stupn\u011b Z\u00e1kladn\u00ed <a class=\"mh-excerpt-more\" href=\"https:\/\/www.invarena.cz\/?p=25583\" title=\"V K\u00e1cov\u011b se p\u0159ipravuj\u00ed na B\u011bh nad\u011bje. Podpo\u0159\u00ed v\u00fdzkum rakoviny\">[&#8230;]<\/a><\/p>\n<\/div>","protected":false},"author":1,"featured_media":0,"comment_status":"open","ping_status":"closed","sticky":false,"template":"","format":"standard","meta":{"footnotes":""},"categories":[9],"tags":[],"class_list":["post-25583","post","type-post","status-publish","format-standard","hentry","category-zpravy"],"_links":{"self":[{"href":"https:\/\/www.invarena.cz\/index.php?rest_route=\/wp\/v2\/posts\/25583","targetHints":{"allow":["GET"]}}],"collection":[{"href":"https:\/\/www.invarena.cz\/index.php?rest_route=\/wp\/v2\/posts"}],"about":[{"href":"https:\/\/www.invarena.cz\/index.php?rest_route=\/wp\/v2\/types\/post"}],"author":[{"embeddable":true,"href":"https:\/\/www.invarena.cz\/index.php?rest_route=\/wp\/v2\/users\/1"}],"replies":[{"embeddable":true,"href":"https:\/\/www.invarena.cz\/index.php?rest_route=%2Fwp%2Fv2%2Fcomments&post=25583"}],"version-history":[{"count":0,"href":"https:\/\/www.invarena.cz\/index.php?rest_route=\/wp\/v2\/posts\/25583\/revisions"}],"wp:attachment":[{"href":"https:\/\/www.invarena.cz\/index.php?rest_route=%2Fwp%2Fv2%2Fmedia&parent=25583"}],"wp:term":[{"taxonomy":"category","embeddable":true,"href":"https:\/\/www.invarena.cz\/index.php?rest_route=%2Fwp%2Fv2%2Fcategories&post=25583"},{"taxonomy":"post_tag","embeddable":true,"href":"https:\/\/www.invarena.cz\/index.php?rest_route=%2Fwp%2Fv2%2Ftags&post=25583"}],"curies":[{"name":"wp","href":"https:\/\/api.w.org\/{rel}","templated":true}]}}