{"id":25584,"date":"2016-05-20T13:00:23","date_gmt":"2016-05-20T11:00:23","guid":{"rendered":"http:\/\/www.invarena.cz\/?p=25584"},"modified":"2016-05-20T13:00:23","modified_gmt":"2016-05-20T11:00:23","slug":"nemocnice-ve-zlinskem-kraji-stale-vice-vyuzivaji-canisterapii","status":"publish","type":"post","link":"https:\/\/www.invarena.cz\/?p=25584","title":{"rendered":"Nemocnice ve Zl\u00ednsk\u00e9m kraji st\u00e1le v\u00edce vyu\u017e\u00edvaj\u00ed canisterapii"},"content":{"rendered":"<p><strong>Pacienti v nemocnic\u00edch ve Zl\u00ednsk\u00e9m kraji st\u00e1le v\u00edce vyu\u017e\u00edvaj\u00ed canisterapii, tedy podp\u016frnou terapii, p\u0159i kter\u00e9 se vyu\u017e\u00edv\u00e1 kontaktu \u010dlov\u011bka se psem.<\/strong><!--more--><\/p>\n<p>foto: Uherskohradi\u0161\u0165sk\u00e1 nemocnice<\/p>\n<p> Speci\u00e1ln\u011b vycvi\u010den\u00ed psi se sv\u00fdmi p\u00e1ny doch\u00e1zej\u00ed t\u00e9m\u011b\u0159 do v\u0161ech nemocnic v kraji, zejm\u00e9na za seniory v l\u00e9\u010debn\u00e1ch dlouhodob\u011b nemocn\u00fdch. N\u011bkter\u00e9 nemocnice v\u0161ak zva\u017euj\u00ed roz\u0161\u00ed\u0159en\u00ed canisterapie i na dal\u0161\u00ed odd\u011blen\u00ed, zjistila dnes \u010cTK.<\/p>\n<p>V Uherskohradi\u0161\u0165sk\u00e9 nemocnici funguje canisterapie od roku 2014, kdy byla zavedena v r\u00e1mci projektu Rok seniora. Do nemocnice doch\u00e1z\u00ed jeden st\u00e1l\u00fd canisterapeut. &#8222;Pejsky st\u0159\u00edd\u00e1, nej\u010dast\u011bji k n\u00e1m doch\u00e1z\u00ed retr\u00edvr Baron. Reakce pacient\u016f jsou natolik v\u00fdborn\u00e9, p\u016fsoben\u00ed na jejich psychiku, na to, \u017ee si vzpomenou na sv\u00e9 pejsky, kter\u00e9 kdy m\u011bli doma. Zlep\u0161\u00ed se jim n\u00e1lada, ale tak\u00e9 se jdou s pejskem proj\u00edt a chce se jim chodit v\u00edc ne\u017e bez pejska, \u017ee jsme se rozhodli nenechat canisterapii pouze v r\u00e1mci Roku seniora, ale napo\u0159\u00e1d,&#8220; uvedla mluv\u010d\u00ed nemocnice Dana Lipovsk\u00e1. Nemocnice podle n\u00ed zva\u017euje, \u017ee zavede canisterapii i na odd\u011blen\u00ed rehabilitace.<\/p>\n<p>Velmi obl\u00edben\u00e1 je canisterapie i ve vset\u00ednsk\u00e9 l\u00e9\u010debn\u011b dlouhodob\u011b nemocn\u00fdch, st\u0159\u00eddav\u011b tam doch\u00e1zej\u00ed fenky Terka a Sally. &#8222;Pacient\u016fm p\u0159in\u00e1\u0161ej\u00ed mnoho radosti, ale tak\u00e9 rozv\u00edjej\u00ed jejich pohybov\u00e9 aktivity, procvi\u010duj\u00ed jemnou motoriku rukou. Mnohdy jsou impulzem k dal\u0161\u00ed rehabilitaci, komunikaci,&#8220; uvedla mluv\u010d\u00ed nemocnice Lenka Pla\u010dkov\u00e1.<\/p>\n<p>Ji\u017e t\u0159et\u00edm rokem doch\u00e1z\u00ed za pacienty odd\u011blen\u00ed n\u00e1sledn\u00e9 p\u00e9\u010de Nemocnice Vala\u0161sk\u00e9 Mezi\u0159\u00ed\u010d\u00ed fenka Aki s canisterapeutkou Blankou Ha\u0161ovou. &#8222;Na odd\u011blen\u00edch m\u00e1me pravideln\u011b p\u0159es 70 pacient\u016f, p\u0159edev\u0161\u00edm se jedn\u00e1 o star\u0161\u00ed lidi, nej\u010dast\u011bji po mozkov\u00fdch p\u0159\u00edhod\u00e1ch nebo zlomenin\u00e1ch kr\u010dku. S pejskem se pravideln\u011b setk\u00e1vaj\u00ed t\u00e9m\u011b\u0159 v\u0161ichni pacienti,&#8220; uvedla stani\u010dn\u00ed sestra odd\u011blen\u00ed Petra \u017d\u00e1kovsk\u00e1. Ha\u0161ov\u00e1 nav\u0161t\u011bvuje pacienty p\u0159\u00edmo u l\u016f\u017eka nebo se kon\u00e1 skupinov\u00e1 terapie. &#8222;Ka\u017ed\u00e1 n\u00e1v\u0161t\u011bva je individu\u00e1ln\u00ed. N\u011bkte\u0159\u00ed pacienti pot\u0159ebuj\u00ed rozveselit, u n\u011bkter\u00fdch pot\u0159ebujeme, aby c\u00edlen\u011b zapojili sv\u016fj pohybov\u00fd apar\u00e1t,&#8220; \u0159ekla canisterapeutka. N\u011bkte\u0159\u00ed pacienti za\u010dali d\u00edky fence po dlouh\u00e9 dob\u011b znovu mluvit nebo jsou mnohem pohybliv\u011bj\u0161\u00ed.<\/p>\n<p>Krom\u011b\u0159\u00ed\u017esk\u00e1 nemocnice zaveden\u00ed canisterapie zva\u017euje. &#8222;Nemocnice z\u00edskala registraci na n\u00e1slednou p\u00e9\u010di, r\u00e1da by tuto slu\u017ebu zrealizovala pr\u00e1v\u011b na t\u011bchto dlouhodob\u00fdch l\u016f\u017ek\u00e1ch,&#8220; uvedla mluv\u010d\u00ed Veronika Kl\u00edmov\u00e1.<\/p>\n<p>Canisterapeuti\u010dt\u00ed psi mus\u00ed slo\u017eit zkou\u0161ku, b\u00fdt trp\u011bliv\u00ed, poslu\u0161n\u00ed a kontaktn\u00ed, bez n\u00e1znak\u016f agrese, boj\u00e1cnosti \u010di lekavosti. Ve sv\u011bt\u011b se canisterapie rozvinula u\u017e v 50. letech minul\u00e9ho stolet\u00ed, v \u010cesk\u00e9 republice a\u017e po roce 1990.<\/p>\n","protected":false},"excerpt":{"rendered":"<div class=\"mh-excerpt\"><p>Pacienti v nemocnic\u00edch ve Zl\u00ednsk\u00e9m kraji st\u00e1le v\u00edce vyu\u017e\u00edvaj\u00ed canisterapii, tedy podp\u016frnou terapii, p\u0159i kter\u00e9 se vyu\u017e\u00edv\u00e1 kontaktu \u010dlov\u011bka se psem.<\/p>\n<\/div>","protected":false},"author":1,"featured_media":25585,"comment_status":"open","ping_status":"closed","sticky":false,"template":"","format":"standard","meta":{"footnotes":""},"categories":[11],"tags":[],"class_list":["post-25584","post","type-post","status-publish","format-standard","has-post-thumbnail","hentry","category-zdravi"],"_links":{"self":[{"href":"https:\/\/www.invarena.cz\/index.php?rest_route=\/wp\/v2\/posts\/25584","targetHints":{"allow":["GET"]}}],"collection":[{"href":"https:\/\/www.invarena.cz\/index.php?rest_route=\/wp\/v2\/posts"}],"about":[{"href":"https:\/\/www.invarena.cz\/index.php?rest_route=\/wp\/v2\/types\/post"}],"author":[{"embeddable":true,"href":"https:\/\/www.invarena.cz\/index.php?rest_route=\/wp\/v2\/users\/1"}],"replies":[{"embeddable":true,"href":"https:\/\/www.invarena.cz\/index.php?rest_route=%2Fwp%2Fv2%2Fcomments&post=25584"}],"version-history":[{"count":0,"href":"https:\/\/www.invarena.cz\/index.php?rest_route=\/wp\/v2\/posts\/25584\/revisions"}],"wp:featuredmedia":[{"embeddable":true,"href":"https:\/\/www.invarena.cz\/index.php?rest_route=\/wp\/v2\/media\/25585"}],"wp:attachment":[{"href":"https:\/\/www.invarena.cz\/index.php?rest_route=%2Fwp%2Fv2%2Fmedia&parent=25584"}],"wp:term":[{"taxonomy":"category","embeddable":true,"href":"https:\/\/www.invarena.cz\/index.php?rest_route=%2Fwp%2Fv2%2Fcategories&post=25584"},{"taxonomy":"post_tag","embeddable":true,"href":"https:\/\/www.invarena.cz\/index.php?rest_route=%2Fwp%2Fv2%2Ftags&post=25584"}],"curies":[{"name":"wp","href":"https:\/\/api.w.org\/{rel}","templated":true}]}}