{"id":25602,"date":"2016-05-24T10:20:36","date_gmt":"2016-05-24T08:20:36","guid":{"rendered":"http:\/\/www.invarena.cz\/?p=25602"},"modified":"2016-05-24T10:20:36","modified_gmt":"2016-05-24T08:20:36","slug":"pri-pondelnim-zasahu-syrske-nemocnice-zahynulo-43-lidi","status":"publish","type":"post","link":"https:\/\/www.invarena.cz\/?p=25602","title":{"rendered":"P\u0159i pond\u011bln\u00edm z\u00e1sahu syrsk\u00e9 nemocnice zahynulo 43 lid\u00ed"},"content":{"rendered":"<p><strong>P\u0159i pond\u011bln\u00edch atent\u00e1tech na m\u011bsta na syrsk\u00e9m pob\u0159e\u017e\u00ed byla zasa\u017eena tak\u00e9 nemocnice a v n\u00ed p\u0159i\u0161lo o \u017eivot 43 lid\u00ed. Ozn\u00e1mila to dnes Sv\u011btov\u00e1 zdravotnick\u00e1 organizace (WHO).<\/strong><!--more--><\/p>\n<p> Atent\u00e1ty si vy\u017e\u00e1daly podle syrsk\u00fdch vl\u00e1dn\u00edch zdroj\u016f 80 mrtv\u00fdch, podle syrsk\u00e9 organizace ochr\u00e1nc\u016f lidsk\u00fdch pr\u00e1v (SOHR) p\u0159es 150.<\/p>\n<p>Zasa\u017eena byla m\u011bsta D\u017eabla a Tart\u00fas. V D\u017eable jeden z v\u00fdbuch\u016f zas\u00e1hl tamn\u00ed nemocnici a WHO ozn\u00e1mila, \u017ee na m\u00edst\u011b p\u0159i\u0161lo o \u017eivot 43 lid\u00ed, hlavn\u011b pacient\u016f a jejich p\u0159\u00edbuzn\u00fdch, kte\u0159\u00ed p\u0159i\u0161li na n\u00e1v\u0161t\u011bvu. Zahynuli tak\u00e9 t\u0159i l\u00e9ka\u0159i a dal\u0161\u00ed \u010dlenov\u00e9 person\u00e1lu. Provoz nemocnice je p\u0159eru\u0161en.<\/p>\n<p>Ke koordinovan\u00fdm \u00fatok\u016fm se p\u0159ihl\u00e1sili radik\u00e1lov\u00e9 z Isl\u00e1msk\u00e9ho st\u00e1tu, kte\u0159\u00ed cht\u011bli zas\u00e1hnout podle sv\u00e9ho prohl\u00e1\u0161en\u00ed al\u00e1vity, tedy \u010dleny men\u0161inov\u00e9 \u0161\u00editsk\u00e9 sekty, k n\u00ed\u017e pat\u0159\u00ed syrsk\u00e9 veden\u00ed v\u010detn\u011b prezidenta Ba\u0161\u00e1ra Asada. Ob\u011b m\u011bsta le\u017e\u00ed v provincii Lat\u00e1k\u00edja, kter\u00e1 je ba\u0161tou al\u00e1vit\u016f.<\/p>\n<p>V S\u00fdrii bylo v \u00fanoru dohodnuto p\u0159\u00edm\u011b\u0159\u00ed, av\u0161ak je poru\u0161ov\u00e1no. Opozice v ned\u011bli pohrozila, \u017ee do 48 hodin obnov\u00ed boje, aby pomstila vl\u00e1dn\u00ed ofenzivu u Dama\u0161ku. Americk\u00fd vyslanec pro S\u00fdrii Michael Ratney na twitteru v pond\u011bl\u00ed ve\u010der opozici vyzval, aby p\u0159\u00edm\u011b\u0159\u00ed nep\u0159eru\u0161ovala.<\/p>\n<p>Asi 30 opozi\u010dn\u00edch skupin v ned\u011bli po\u017e\u00e1dalo Washington a Moskvu o intervenci, kter\u00e1 p\u0159im\u011bje vl\u00e1du ukon\u010dit \u00fatoky syrsk\u00e9 arm\u00e1dy na pozice opozice v bl\u00edzkosti Dama\u0161ku. &#8222;Vyz\u00fdv\u00e1me opozi\u010dn\u00ed skupiny, aby d\u00e1le pos\u00edlaly zpr\u00e1vy o poru\u0161en\u00ed p\u0159\u00edm\u011b\u0159\u00ed Spojen\u00fdm n\u00e1rod\u016fm a aby zd\u016fraznily, \u017ee st\u00e1le dodr\u017euj\u00ed p\u0159\u00edm\u011b\u0159\u00ed,&#8220; napsal Ratney.<\/p>\n<p>Vyslanec p\u0159iznal, \u017ee klid zbran\u00ed je poru\u0161ov\u00e1n, ale &#8222;jeho vypov\u011bzen\u00ed by bylo strategick\u00fdm omylem,&#8220; sd\u011blil.<\/p>\n<p>P\u0159\u00edm\u011b\u0159\u00ed za\u010dalo platit 27. \u00fanora, ale od dubna je ve v\u011bt\u0161\u00ed m\u00ed\u0159e poru\u0161ov\u00e1no v Halabu na severu S\u00fdrie a tak\u00e9 v Gh\u00fat\u011b a Dar\u00e1ji v bl\u00edzkosti Dama\u0161ku.<\/p>\n","protected":false},"excerpt":{"rendered":"<div class=\"mh-excerpt\"><p>P\u0159i pond\u011bln\u00edch atent\u00e1tech na m\u011bsta na syrsk\u00e9m pob\u0159e\u017e\u00ed byla zasa\u017eena tak\u00e9 nemocnice a v n\u00ed p\u0159i\u0161lo o \u017eivot 43 lid\u00ed. Ozn\u00e1mila to dnes Sv\u011btov\u00e1 zdravotnick\u00e1 <a class=\"mh-excerpt-more\" href=\"https:\/\/www.invarena.cz\/?p=25602\" title=\"P\u0159i pond\u011bln\u00edm z\u00e1sahu syrsk\u00e9 nemocnice zahynulo 43 lid\u00ed\">[&#8230;]<\/a><\/p>\n<\/div>","protected":false},"author":1,"featured_media":0,"comment_status":"open","ping_status":"closed","sticky":false,"template":"","format":"standard","meta":{"footnotes":""},"categories":[9],"tags":[],"class_list":["post-25602","post","type-post","status-publish","format-standard","hentry","category-zpravy"],"_links":{"self":[{"href":"https:\/\/www.invarena.cz\/index.php?rest_route=\/wp\/v2\/posts\/25602","targetHints":{"allow":["GET"]}}],"collection":[{"href":"https:\/\/www.invarena.cz\/index.php?rest_route=\/wp\/v2\/posts"}],"about":[{"href":"https:\/\/www.invarena.cz\/index.php?rest_route=\/wp\/v2\/types\/post"}],"author":[{"embeddable":true,"href":"https:\/\/www.invarena.cz\/index.php?rest_route=\/wp\/v2\/users\/1"}],"replies":[{"embeddable":true,"href":"https:\/\/www.invarena.cz\/index.php?rest_route=%2Fwp%2Fv2%2Fcomments&post=25602"}],"version-history":[{"count":0,"href":"https:\/\/www.invarena.cz\/index.php?rest_route=\/wp\/v2\/posts\/25602\/revisions"}],"wp:attachment":[{"href":"https:\/\/www.invarena.cz\/index.php?rest_route=%2Fwp%2Fv2%2Fmedia&parent=25602"}],"wp:term":[{"taxonomy":"category","embeddable":true,"href":"https:\/\/www.invarena.cz\/index.php?rest_route=%2Fwp%2Fv2%2Fcategories&post=25602"},{"taxonomy":"post_tag","embeddable":true,"href":"https:\/\/www.invarena.cz\/index.php?rest_route=%2Fwp%2Fv2%2Ftags&post=25602"}],"curies":[{"name":"wp","href":"https:\/\/api.w.org\/{rel}","templated":true}]}}