{"id":25606,"date":"2016-05-24T14:31:38","date_gmt":"2016-05-24T12:31:38","guid":{"rendered":"http:\/\/www.invarena.cz\/?p=25606"},"modified":"2016-05-24T14:31:38","modified_gmt":"2016-05-24T12:31:38","slug":"fotbaliste-panenka-s-vizkem-prijedou-na-seni-cup-podporit-zdravotne-postizene","status":"publish","type":"post","link":"https:\/\/www.invarena.cz\/?p=25606","title":{"rendered":"Fotbalist\u00e9 Panenka s V\u00edzkem p\u0159ijedou na SENI cup podpo\u0159it zdravotn\u011b posti\u017een\u00e9"},"content":{"rendered":"<p><strong>Tradi\u010dn\u00ed fotbalov\u00fd turnaj zdravotn\u011b posti\u017een\u00fdch v mal\u00e9 kopan\u00e9 SENI cup se bude hr\u00e1t ve st\u0159edu 25. kv\u011btna v Havl\u00ed\u010dkov\u011b Brod\u011b. Na h\u0159i\u0161ti m\u00edstn\u00edho Slovanu se p\u0159edstav\u00ed 16 t\u00fdm\u016f z domov\u016f soci\u00e1ln\u00ed p\u00e9\u010de cel\u00e9 republiky a jako patroni turnaje se p\u0159edstav\u00ed zn\u00e1m\u00ed fotbalov\u00ed internacion\u00e1lov\u00e9 Panenka a V\u00edzek.<\/strong> <!--more--><\/p>\n<p>Havl\u00ed\u010dk\u016fv Brod \u2013 Pr\u00e1v\u011b tito dva hra\u010di\u010dkov\u00e9 a dlouholet\u00ed soupe\u0159i ve v\u0161emo\u017en\u00fdch sportovn\u00edch i nesportovn\u00edch discipl\u00edn\u00e1ch slibuj\u00ed velkou div\u00e1ckou z\u00e1bavu, nebo\u0165 si oba p\u0159ivezou i kopa\u010dky a chystaj\u00ed se vyb\u011bhnout na zelen\u00fd tr\u00e1vn\u00edk v exhibi\u010dn\u00edm z\u00e1pase po skon\u010den\u00ed turnaje.<\/p>\n<p>Exekutorovi a vyn\u00e1lezci nejslavn\u011bj\u0161\u00ed fotbalov\u00e9 penalty v d\u011bjin\u00e1ch \u010desk\u00e9ho fotbalu Anton\u00ednu Panenkovi je v t\u011bchto dnech p\u0159ipom\u00edn\u00e1na je\u0161t\u011b \u010dast\u011bji ne\u017e obvykle \u2013 je to toti\u017e u\u017e \u010dty\u0159icet let, co ji prom\u011bnil ve v\u00edt\u011bzstv\u00ed v b\u011blehradsk\u00e9m fin\u00e1le proti NSR na ME Evropy.<\/p>\n<p>&#8222;P\u0159ed dvaceti lety jsme byli v Anglii zase druz\u00ed, tak\u017ee letos by nebylo \u0161patn\u00e9, kdybychom skon\u010dili alespo\u0148 t\u0159et\u00ed,&#8220; usm\u00edv\u00e1 se Panenka.<\/p>\n<p>Ladislav V\u00edzek, dodnes aktivn\u00ed fotbalista, v\u0161ak na\u0161emu t\u00fdmu p\u0159\u00edli\u0161 velk\u00e9 nad\u011bje ned\u00e1v\u00e1: &#8222;Nev\u00edm, nev\u00edm, kdy\u017e si prom\u00edtnu, s k\u00fdm v\u0161\u00edm jsme prohr\u00e1li&#8230; A ani na jednoho soupe\u0159e ve skupin\u011b neum\u00edme zahr\u00e1t.&#8220; Na SENI cup, kde bude v roli patrona poprv\u00e9, se t\u011b\u0161\u00ed.<\/p>\n<p>&#8222;M\u00e1m p\u0159ed posti\u017een\u00fdmi velkou \u00factu, proto\u017ee i j\u00e1 u\u017e po operaci \u017elu\u010dn\u00edku v\u00edm, jak\u00e9 to je c\u00edtit bezmoc. Mo\u017en\u00e1 v\u0161ak, \u017ee nakonec vyl\u00e9\u010d\u00ed sv\u00fdm p\u0159\u00edstupem k \u017eivotu oni m\u011b.&#8220;<\/p>\n<p>Turnaj za\u010d\u00edn\u00e1 dopoledne, fin\u00e1le p\u0159ijde na \u0159adu po poledni. Z turnaje p\u0159inese zpravodajstv\u00ed i \u010cesk\u00e1 televize, kter\u00e1 v\u011bnovala v\u00edt\u011bz\u016fm hlavn\u00ed cenu \u2013 n\u00e1v\u0161t\u011bvu studia \u010cT na Kav\u010d\u00edch hor\u00e1ch.<\/p>\n<p>Na sv\u016fj stadion a setk\u00e1n\u00ed s hr\u00e1\u010di pozve finalistu turnaje Bohemians Praha 1905, p\u0159ipraveny jsou i dal\u0161\u00ed zaj\u00edmav\u00e9 ceny. V pr\u016fb\u011bhu turnaje zahraje Martin Maxa a skupiny Lucarino Dance z Domova Na Svobod\u011b \u010c\u00ed\u017ekovice a AJETO z pra\u017esk\u00e9ho DOZP Sulick\u00e1. Z\u00e1\u0161titu nad turnajem p\u0159evzala ministryn\u011b pr\u00e1ce a soci\u00e1ln\u00edch v\u011bc\u00ed Michaela Marksov\u00e1 a Kraj Vyso\u010dina.<\/p>\n<p>Havl\u00ed\u010dkobrodsk\u00fd den\u00edk<br \/>\n<a href=\"http:\/\/havlickobrodsky.denik.cz\/\">http:\/\/havlickobrodsky.denik.cz\/<\/a><\/p>\n","protected":false},"excerpt":{"rendered":"<div class=\"mh-excerpt\"><p>Tradi\u010dn\u00ed fotbalov\u00fd turnaj zdravotn\u011b posti\u017een\u00fdch v mal\u00e9 kopan\u00e9 SENI cup se bude hr\u00e1t ve st\u0159edu 25. kv\u011btna v Havl\u00ed\u010dkov\u011b Brod\u011b. Na h\u0159i\u0161ti m\u00edstn\u00edho Slovanu se <a class=\"mh-excerpt-more\" href=\"https:\/\/www.invarena.cz\/?p=25606\" title=\"Fotbalist\u00e9 Panenka s V\u00edzkem p\u0159ijedou na SENI cup podpo\u0159it zdravotn\u011b posti\u017een\u00e9\">[&#8230;]<\/a><\/p>\n<\/div>","protected":false},"author":1,"featured_media":15337,"comment_status":"open","ping_status":"closed","sticky":false,"template":"","format":"standard","meta":{"footnotes":""},"categories":[9],"tags":[],"class_list":["post-25606","post","type-post","status-publish","format-standard","has-post-thumbnail","hentry","category-zpravy"],"_links":{"self":[{"href":"https:\/\/www.invarena.cz\/index.php?rest_route=\/wp\/v2\/posts\/25606","targetHints":{"allow":["GET"]}}],"collection":[{"href":"https:\/\/www.invarena.cz\/index.php?rest_route=\/wp\/v2\/posts"}],"about":[{"href":"https:\/\/www.invarena.cz\/index.php?rest_route=\/wp\/v2\/types\/post"}],"author":[{"embeddable":true,"href":"https:\/\/www.invarena.cz\/index.php?rest_route=\/wp\/v2\/users\/1"}],"replies":[{"embeddable":true,"href":"https:\/\/www.invarena.cz\/index.php?rest_route=%2Fwp%2Fv2%2Fcomments&post=25606"}],"version-history":[{"count":0,"href":"https:\/\/www.invarena.cz\/index.php?rest_route=\/wp\/v2\/posts\/25606\/revisions"}],"wp:featuredmedia":[{"embeddable":true,"href":"https:\/\/www.invarena.cz\/index.php?rest_route=\/wp\/v2\/media\/15337"}],"wp:attachment":[{"href":"https:\/\/www.invarena.cz\/index.php?rest_route=%2Fwp%2Fv2%2Fmedia&parent=25606"}],"wp:term":[{"taxonomy":"category","embeddable":true,"href":"https:\/\/www.invarena.cz\/index.php?rest_route=%2Fwp%2Fv2%2Fcategories&post=25606"},{"taxonomy":"post_tag","embeddable":true,"href":"https:\/\/www.invarena.cz\/index.php?rest_route=%2Fwp%2Fv2%2Ftags&post=25606"}],"curies":[{"name":"wp","href":"https:\/\/api.w.org\/{rel}","templated":true}]}}