{"id":25607,"date":"2016-05-24T14:45:51","date_gmt":"2016-05-24T12:45:51","guid":{"rendered":"http:\/\/www.invarena.cz\/?p=25607"},"modified":"2016-05-24T14:45:51","modified_gmt":"2016-05-24T12:45:51","slug":"rekl-jsem-si-ze-budu-samostatny-a-ze-kdyz-to-dokazi-ostatni-tak-ja-taky","status":"publish","type":"post","link":"https:\/\/www.invarena.cz\/?p=25607","title":{"rendered":"\u0158ekl jsem si, \u017ee budu samostatn\u00fd, a \u017ee kdy\u017e to dok\u00e1\u017e\u00ed ostatn\u00ed, tak j\u00e1 taky"},"content":{"rendered":"<p><strong>Zpov\u011b\u010f \u010dlov\u011bka, kter\u00fd navzdory nep\u0159\u00edzni osudu se rozhodl, \u017ee bude za ka\u017edou cenu samostatn\u00fd. A poda\u0159ilo se mu to. Mstislav Schweiner, kter\u00e9mu nikdo ne\u0159ekne jinak ne\u017e Sl\u00e1vek, je jedn\u00edm z t\u011bch, jejich\u017e zrak po\u0161kodila neodborn\u00e1 p\u00e9\u010de zdravotn\u00edk\u016f za dob socialismu.<\/strong><!--more--><\/p>\n<p>Karlovarsk\u00fd kraj \u2013 &#8222;T\u0159icet let u\u017e nevid\u00edm. Probl\u00e9my jsem m\u011bl u\u017e od narozen\u00ed. Narodil jsem se o dva m\u011bs\u00edce d\u0159\u00edve a tam jsem musel do inkub\u00e1toru,&#8220; vysv\u011btluje Sl\u00e1vek.<\/p>\n<p>&#8222;D\u0159\u00edve se hodn\u011b po\u0161kozoval zrak pr\u00e1v\u011b v inkub\u00e1torech, kdy miminku sp\u00e1lili s\u00edtnici,&#8220; objasnila vedouc\u00ed Tyfloservisu Petra Markov\u00e1.<\/p>\n<p>&#8222;Do sv\u00fdch patn\u00e1cti let jsem vid\u011bl. Pak jsem se ale musel nau\u010dit a nau\u010dil Braillovo p\u00edsmo, ps\u00e1t na Pichtov\u011b psac\u00edm stroji v\u0161ema deseti. A tak\u00e9 chodit s b\u00edlou hol\u00ed,&#8220; popisuje za\u010d\u00e1tky bez zraku Sl\u00e1vek.<\/p>\n<p>&#8222;Nejhor\u0161\u00ed je le\u0161en\u00ed a pak taky eskal\u00e1tory v Praze,&#8220; popisuje nesn\u00e1ze ch\u016fze s b\u00edlou hol\u00ed Sl\u00e1vek.<\/p>\n<p>Dnes Sl\u00e1vkovi pom\u00e1h\u00e1 a d\u011bl\u00e1 spole\u010dnost jeho vodic\u00ed pes. &#8222;Vodic\u00edho psa m\u00e1m u\u017e dvacet let. V sou\u010dasnosti m\u00e1m ji\u017e \u010dtvrt\u00e9ho. Laya je fena labradora a je to m\u016fj prvn\u00ed \u010dern\u00fd pes. Ti p\u0159edchoz\u00ed byli v\u0161ichni sv\u011btl\u00ed. Layu jsem dostal loni v prosinci, tak se spolu te\u010f s\u017e\u00edv\u00e1me. V\u011bt\u0161inou to trv\u00e1 tak rok, ne\u017e se slad\u00edme a zjist\u00edme, co jeden od druh\u00e9ho chceme,&#8220; sm\u011bje se Sl\u00e1vek.<\/p>\n<p>&#8222;Vodic\u00ed pes hodn\u011b pom\u016f\u017ee. Vyt\u00e1hne v\u00e1s ven. J\u00e1 zast\u00e1v\u00e1m ten n\u00e1zor, \u017ee \u010d\u00edm v\u00edc je pes venku, t\u00edm l\u00edp pro n\u011bho. Nav\u00edc m\u00e1m ho jako sv\u00e9 o\u010di, tak ho tak\u00e9 vyu\u017e\u00edv\u00e1m. Pes se vyh\u00fdb\u00e1 p\u0159ek\u00e1\u017ek\u00e1m, najde vchod do obchodu. Um\u00ed povely jako vp\u0159ed, vpravo, doleva nebo hledej doleva dve\u0159e,&#8220; vysv\u011btluje Sl\u00e1vek.<\/p>\n<p>&#8222;Dokonce v\u00e1s navede na spr\u00e1vn\u00fd eskal\u00e1tor. Cesta s n\u00edm je rychlej\u0161\u00ed a bezpe\u010dn\u011bj\u0161\u00ed. Chv\u00edli jsem hledal d\u016fv\u011bru v toho psa, ale on to pozn\u00e1, \u017ee mu nev\u011b\u0159\u00edte. Pak to ale nem\u00e1 smysl, tak\u017ee jsem mu za\u010dal v\u011b\u0159it. Kdy\u017e m\u00e1te psa, tak nejste sami. Je to dobr\u00fd spole\u010dn\u00edk,&#8220; \u0159\u00edk\u00e1 Sl\u00e1vek.<\/p>\n<p>A co bylo nejhor\u0161\u00ed ve chv\u00edli, kdy jste \u00fapln\u011b p\u0159i\u0161el o zrak?<\/p>\n<p>&#8222;Nejhor\u0161\u00ed bylo se s t\u00edm vyrovnat. A nenad\u00e1vat,&#8220; popisuje. &#8222;Naj\u00edt zp\u016fsob, co mi slepota d\u00e1. Rok jsem chodil do Loretansk\u00e9 ulice na Mal\u00e9 Stran\u011b do \u0161koly pro nevidom\u00e9. Tam m\u011b m\u016fj vychovatel vyt\u00e1hl z deprese,&#8220; popisuje Sl\u00e1vek. &#8222;Od sv\u00fdch \u0161esti let jsem byl v r\u016fzn\u00fdch intern\u00e1tech. A najednou tu byl on s \u00fapln\u011b jin\u00fdm p\u0159\u00edstupem. Bylo to hodn\u011b kamar\u00e1dsk\u00e9 a ch\u00e1paj\u00edc\u00ed. Pomohl mi a vr\u00e1til m\u011b do \u017eivota. Hlavn\u011b psychicky mi pomohl,&#8220; vypr\u00e1v\u00ed Sl\u00e1vek. &#8222;Z\u00e1le\u017eelo, jestli j\u00e1 chci. A j\u00e1 cht\u011bl b\u00fdt samostatn\u00fd. Chodil jsem do Deylova \u00fastavu. Tam bylo p\u00e1r nevidom\u00fdch a ti mi byli vzorem, kdy\u017e mohli oni sami chodit po Praze, mohl jsem i j\u00e1,&#8220; objas\u0148uje svou motivaci Sl\u00e1vek.<\/p>\n<p>&#8222;D\u016fle\u017eit\u00e9 je m\u00edt lidi kolem sebe, kte\u0159\u00ed to ch\u00e1pou a pom\u00e1haj\u00ed v\u00e1m,&#8220; vysv\u011btluje Sl\u00e1vek. &#8222;V Praze jsem byl mezi sv\u00fdmi. A lid\u00e9 tam byli zvykl\u00ed na zrakov\u011b posti\u017een\u00e9. Ale v\u0161eobecn\u011b si na lidi nem\u016f\u017eu st\u011b\u017eovat. Jsou kolem m\u011b ti dob\u0159\u00ed,&#8220; pochvaluje si Sl\u00e1vek.<\/p>\n<p>Co je nejt\u011b\u017e\u0161\u00ed na ch\u016fzi s b\u00edlou hol\u00ed?<\/p>\n<p>&#8222;\u010clov\u011bk si mus\u00ed zmapovat trasy. J\u00e1 m\u00e1m jedno sv\u00e9 \u017eivotn\u00ed kr\u00e9do. Pomoc\u00ed klacku a huby dojdu v\u0161ude,&#8220; sm\u011bje se Sl\u00e1vek. &#8222;Holky z Tyfloservisu mi pomohly trasy proj\u00edt a popsaly mi je. B\u011b\u017en\u011b tak\u00e9 pou\u017e\u00edv\u00e1m kompenza\u010dn\u00ed pom\u016fcky, jako mluv\u00edc\u00ed hodinky, mluv\u00edc\u00ed bud\u00edk nebo mluv\u00edc\u00ed telefon a po\u010d\u00edta\u010d. V sou\u010dasnosti opakujeme va\u0159en\u00ed. Minule jsme d\u011blali brambor\u00e1ky,&#8220; objas\u0148uje.<\/p>\n<p>A co vlastn\u011b d\u011bl\u00e1te za povol\u00e1n\u00ed?<\/p>\n<p>&#8222;D\u011bl\u00e1m mas\u00e9ra v hotelu. A v Karlov\u00fdch Varech \u017eiju u\u017e patn\u00e1ct let. Moc se mi tu l\u00edb\u00ed. Do Prahy bych se u\u017e nevracel,&#8220; \u0159\u00edk\u00e1 Sl\u00e1vek.<\/p>\n<p>Co va\u0161e z\u00e1liby?<\/p>\n<p>&#8222;R\u00e1d \u010dtu, ale m\u00e1lokdy v Braillov\u011b p\u00edsmu. Kn\u00ed\u017eky dnes \u010dtu u\u017e jen ve zvukov\u00e9 podob\u011b,&#8220; sm\u011bje se Sl\u00e1vek. &#8222;Hraju na klav\u00edr a u\u010d\u00edm se skladby psan\u00e9 v Braillov\u011b p\u00edsmu. M\u00e1m tak\u00e9 r\u00e1d sporty. D\u0159\u00edv kdy\u017e jsem vid\u011bl, tak jsem d\u011blal atletiku a te\u010f hraju goalball s ozvu\u010den\u00fdm bal\u00f3nem. R\u00e1d bych za\u010dal b\u011bhat, ale k tomu pot\u0159ebuju je\u0161t\u011b n\u011bkoho dal\u0161\u00edho. B\u011bh m\u011b v\u017edycky bavil. Zkusil jsem i box, ale to m\u011b n\u011bjak nechytlo. A taky r\u00e1d skl\u00e1d\u00e1m hlavolamy. Nejde o to, ho slo\u017eit, ale cvi\u010dit mozek, aby nezleniv\u011bl,&#8220; sm\u011bje se Sl\u00e1vek.<\/p>\n<p>Posledn\u00ed v\u011bc, kterou byste cht\u011bl sd\u011blit na\u0161im \u010dten\u00e1\u0159\u016fm?<\/p>\n<p>&#8222;Pokud znaj\u00ed n\u011bkoho nevidom\u00e9ho, kdo nem\u00e1 vodic\u00edho psa, tak \u017ee ho doporu\u010duji v\u0161ema deseti,&#8220; zakon\u010dil Sl\u00e1vek.<\/p>\n<p>BARBORA \u0160MUDLOV\u00c1<br \/>\nSokolovsk\u00fd den\u00edk<br \/>\n<a href=\"http:\/\/sokolovsky.denik.cz\/\">http:\/\/sokolovsky.denik.cz\/<\/a><\/p>\n","protected":false},"excerpt":{"rendered":"<div class=\"mh-excerpt\"><p>Zpov\u011b\u010f \u010dlov\u011bka, kter\u00fd navzdory nep\u0159\u00edzni osudu se rozhodl, \u017ee bude za ka\u017edou cenu samostatn\u00fd. A poda\u0159ilo se mu to. Mstislav Schweiner, kter\u00e9mu nikdo ne\u0159ekne jinak <a class=\"mh-excerpt-more\" href=\"https:\/\/www.invarena.cz\/?p=25607\" title=\"\u0158ekl jsem si, \u017ee budu samostatn\u00fd, a \u017ee kdy\u017e to dok\u00e1\u017e\u00ed ostatn\u00ed, tak j\u00e1 taky\">[&#8230;]<\/a><\/p>\n<\/div>","protected":false},"author":1,"featured_media":783,"comment_status":"open","ping_status":"closed","sticky":false,"template":"","format":"standard","meta":{"footnotes":""},"categories":[9],"tags":[],"class_list":["post-25607","post","type-post","status-publish","format-standard","has-post-thumbnail","hentry","category-zpravy"],"_links":{"self":[{"href":"https:\/\/www.invarena.cz\/index.php?rest_route=\/wp\/v2\/posts\/25607","targetHints":{"allow":["GET"]}}],"collection":[{"href":"https:\/\/www.invarena.cz\/index.php?rest_route=\/wp\/v2\/posts"}],"about":[{"href":"https:\/\/www.invarena.cz\/index.php?rest_route=\/wp\/v2\/types\/post"}],"author":[{"embeddable":true,"href":"https:\/\/www.invarena.cz\/index.php?rest_route=\/wp\/v2\/users\/1"}],"replies":[{"embeddable":true,"href":"https:\/\/www.invarena.cz\/index.php?rest_route=%2Fwp%2Fv2%2Fcomments&post=25607"}],"version-history":[{"count":0,"href":"https:\/\/www.invarena.cz\/index.php?rest_route=\/wp\/v2\/posts\/25607\/revisions"}],"wp:featuredmedia":[{"embeddable":true,"href":"https:\/\/www.invarena.cz\/index.php?rest_route=\/wp\/v2\/media\/783"}],"wp:attachment":[{"href":"https:\/\/www.invarena.cz\/index.php?rest_route=%2Fwp%2Fv2%2Fmedia&parent=25607"}],"wp:term":[{"taxonomy":"category","embeddable":true,"href":"https:\/\/www.invarena.cz\/index.php?rest_route=%2Fwp%2Fv2%2Fcategories&post=25607"},{"taxonomy":"post_tag","embeddable":true,"href":"https:\/\/www.invarena.cz\/index.php?rest_route=%2Fwp%2Fv2%2Ftags&post=25607"}],"curies":[{"name":"wp","href":"https:\/\/api.w.org\/{rel}","templated":true}]}}