{"id":25609,"date":"2016-05-25T19:46:14","date_gmt":"2016-05-25T17:46:14","guid":{"rendered":"http:\/\/www.invarena.cz\/?p=25609"},"modified":"2016-05-25T19:46:14","modified_gmt":"2016-05-25T17:46:14","slug":"nevidomy-cech-ubehl-maraton-na-velke-cinske-zdi","status":"publish","type":"post","link":"https:\/\/www.invarena.cz\/?p=25609","title":{"rendered":"Nevidom\u00fd \u010cech ub\u011bhl marat\u00f3n na Velk\u00e9 \u010d\u00ednsk\u00e9 zdi"},"content":{"rendered":"<p><strong>Jan Bauer se jako prvn\u00ed nevidom\u00fd \u010dlov\u011bk na sv\u011bt\u011b odhodlal ub\u011bhnout marat\u00f3n na Velk\u00e9 \u010d\u00ednsk\u00e9 zdi. Uplynulou sobotu skon\u010dil na 21. m\u00edst\u011b.<br \/>\n<\/strong><!--more--><\/p>\n<p>&#8222;Ten pocit byl euforick\u00fd. V\u017edy kdy\u017e n\u011bkter\u00fd z 2,5 tis\u00edce b\u011b\u017ec\u016f prob\u011bhl c\u00edlovou rovinku, tak hl\u00e1sili jeho jm\u00e9no a zemi, ze kter\u00e9 je \u2013 celkem byli maratonci ze 111 zem\u00ed sv\u011bta. A kdy\u017e jsem dob\u00edhal j\u00e1, hl\u00e1sili, \u017ee dob\u00edh\u00e1 prvn\u00ed nevidom\u00fd b\u011b\u017eec v historii a je z \u010cesk\u00e9 republiky. Najednou se ozval obrovsk\u00fd j\u00e1sot, potlesk, bur\u00e1civ\u00e9 fand\u011bn\u00ed. Bylo to prost\u011b neuv\u011b\u0159iteln\u011b emotivn\u00ed,&#8220; popsal den\u00edku Pr\u00e1vo c\u00edl, kter\u00e9ho Jan Bauer dos\u00e1hl po ro\u010dn\u00ed p\u0159\u00edprav\u011b.<\/p>\n<p>Nejhor\u0161\u00ed nebylo nakonec podneb\u00ed, ale v\u00edce ne\u017e p\u011bt tis\u00edc schod\u016f. &#8222;Tady v \u010cesku jsem se p\u0159ipravoval b\u011bh\u00e1n\u00edm do kopc\u016f i schod\u016f ve v\u00fd\u0161kov\u00fdch budov\u00e1ch. Jen\u017ee na \u010d\u00ednsk\u00e9 zdi je ka\u017ed\u00fd schod jin\u00fd. Jinak naklon\u011bn\u00fd, \u0161ikm\u00fd, m\u00e1 jin\u00e9 hrany. Nikdy nev\u00edte, co p\u0159ijde. Ale svaly to zvl\u00e1dly. Um\u00edstil jsem se na 21. m\u00edst\u011b ve sv\u00e9 kategorii, tedy mezi mu\u017ei mezi 30\u201339 lety a celkov\u011b 138.,&#8220; \u0159ekl Pr\u00e1vu b\u011b\u017eec po p\u0159\u00edletu do Prahy. <\/p>\n<p>Dom\u016f k rodin\u011b se vr\u00e1til pln\u00fd dojm\u016f. &#8222;Stra\u0161n\u011b tam d\u00fdchala ta historie. Proti tomu z Pekingu jsem m\u011bl \u00fapln\u011b jin\u00e9 dojmy, ne\u017e jsem \u010dekal. Je to ob\u0159\u00ed, modern\u00ed a \u010dist\u00e9 m\u011bsto s fantastickou kuchyn\u00ed a i vcelku mil\u00fdmi lidmi,&#8220; popsal metropoli \u010c\u00edny Bauer. <\/p>\n<p>Zhruba p\u016fl hodiny za n\u00edm prob\u011bhl c\u00edlovou rovinkou dal\u0161\u00ed nevidom\u00fd b\u011b\u017eec, rovn\u011b\u017e z \u010ceska, Ond\u0159ej Zme\u0161kal. &#8222;Ondra je mlad\u00fd kluk, kter\u00e9mu se l\u00edbil m\u016fj n\u00e1pad, tak\u017ee jsme nakonec vypravovali dva t\u00fdmy do \u010c\u00edny,&#8220; radoval se z \u00fasp\u011bchu sv\u00e9ho kolegy Bauer. <\/p>\n<p>Bauer se nenechal srazit na kolena ani oslepnut\u00edm ve t\u0159iceti letech, ani roztrou\u0161enou skler\u00f3zou. Dojel nap\u0159\u00edklad na tandemov\u00e9m kole z Prahy do It\u00e1lie, do m\u00edst, kde se jezd\u00ed jedna z etap Giro d\u2019Italia, vy\u0161plhal na Gerlachovsk\u00fd \u0161t\u00edt, z\u0159\u00eddil si mas\u00e1\u017en\u00ed sal\u00f3n U Slepej\u0161e a star\u00e1 se se svou \u017eenou o dv\u011b d\u011bti<\/p>\n","protected":false},"excerpt":{"rendered":"<div class=\"mh-excerpt\"><p>Jan Bauer se jako prvn\u00ed nevidom\u00fd \u010dlov\u011bk na sv\u011bt\u011b odhodlal ub\u011bhnout marat\u00f3n na Velk\u00e9 \u010d\u00ednsk\u00e9 zdi. Uplynulou sobotu skon\u010dil na 21. m\u00edst\u011b.<\/p>\n<\/div>","protected":false},"author":1,"featured_media":0,"comment_status":"open","ping_status":"closed","sticky":false,"template":"","format":"standard","meta":{"footnotes":""},"categories":[9],"tags":[],"class_list":["post-25609","post","type-post","status-publish","format-standard","hentry","category-zpravy"],"_links":{"self":[{"href":"https:\/\/www.invarena.cz\/index.php?rest_route=\/wp\/v2\/posts\/25609","targetHints":{"allow":["GET"]}}],"collection":[{"href":"https:\/\/www.invarena.cz\/index.php?rest_route=\/wp\/v2\/posts"}],"about":[{"href":"https:\/\/www.invarena.cz\/index.php?rest_route=\/wp\/v2\/types\/post"}],"author":[{"embeddable":true,"href":"https:\/\/www.invarena.cz\/index.php?rest_route=\/wp\/v2\/users\/1"}],"replies":[{"embeddable":true,"href":"https:\/\/www.invarena.cz\/index.php?rest_route=%2Fwp%2Fv2%2Fcomments&post=25609"}],"version-history":[{"count":0,"href":"https:\/\/www.invarena.cz\/index.php?rest_route=\/wp\/v2\/posts\/25609\/revisions"}],"wp:attachment":[{"href":"https:\/\/www.invarena.cz\/index.php?rest_route=%2Fwp%2Fv2%2Fmedia&parent=25609"}],"wp:term":[{"taxonomy":"category","embeddable":true,"href":"https:\/\/www.invarena.cz\/index.php?rest_route=%2Fwp%2Fv2%2Fcategories&post=25609"},{"taxonomy":"post_tag","embeddable":true,"href":"https:\/\/www.invarena.cz\/index.php?rest_route=%2Fwp%2Fv2%2Ftags&post=25609"}],"curies":[{"name":"wp","href":"https:\/\/api.w.org\/{rel}","templated":true}]}}