{"id":25645,"date":"2016-05-27T12:53:00","date_gmt":"2016-05-27T10:53:00","guid":{"rendered":"http:\/\/www.invarena.cz\/?p=25645"},"modified":"2016-05-27T12:53:00","modified_gmt":"2016-05-27T10:53:00","slug":"prerovska-mestska-galerie-vystavi-snimky-deti-z-detske-kliniky","status":"publish","type":"post","link":"https:\/\/www.invarena.cz\/?p=25645","title":{"rendered":"P\u0159erovsk\u00e1 m\u011bstsk\u00e1 galerie vystav\u00ed sn\u00edmky d\u011bt\u00ed z d\u011btsk\u00e9 kliniky"},"content":{"rendered":"<p><strong>P\u0159erovsk\u00e1 m\u011bstsk\u00e1 galerie otev\u0159e p\u0159\u00ed\u0161t\u00ed t\u00fdden v\u00fdstavu t\u0159\u00ed des\u00edtek velkoform\u00e1tov\u00fdch fotografi\u00ed zachycuj\u00edc\u00edch onkologicky nemocn\u00e9 d\u011bti. Projekt m\u00e1 n\u00e1zev V\u011bt\u0161\u00ed ne\u017e velk\u00e1 v\u00fdzva, navazovat na n\u011bj bude charitativn\u00ed koncert zp\u011bv\u00e1ka Pavla Nov\u00e1ka na podporu d\u011btsk\u00fdch pacient\u016f.<\/strong><!--more--><\/p>\n<p>\u0159ekla vedouc\u00ed galerie Lada Galov\u00e1. V\u00fdstava bude otev\u0159ena ve \u010dtvrtek 2. \u010dervna.<\/p>\n<p>T\u0159i des\u00edtky sn\u00edmk\u016f fotografky Aleny Sk\u0159ipsk\u00e9, kter\u00e9 zachycuj\u00ed mal\u00e9 pacienty b\u011bhem jejich l\u00e9\u010dby na nemocni\u010dn\u00edm odd\u011blen\u00ed p\u0159i oby\u010dejn\u00fdch hr\u00e1ch \u010di b\u011b\u017en\u00e9 z\u00e1bav\u011b, do Galerie m\u011bsta P\u0159erova p\u0159iveze olomouck\u00e9 Sdru\u017een\u00ed \u0160ance. &#8222;Fotografie maj\u00ed vyb\u00eddnout ke zti\u0161en\u00ed, zamy\u0161len\u00ed a pomoci. Rakovina, zvl\u00e1\u0161\u0165 rakovina d\u011bt\u00ed, je v\u011bt\u0161\u00ed ne\u017e jen velkou v\u00fdzvou pro l\u00e9ka\u0159e i pro celou spole\u010dnost. Na sn\u00edmc\u00edch vid\u00edme osobn\u00ed a rodinn\u00e9 p\u0159\u00edb\u011bhy, kter\u00e9 nepot\u0159ebuj\u00ed koment\u00e1\u0159e,&#8220; uvedla Herta Mih\u00e1lov\u00e1, \u0159editelka olomouck\u00e9ho sdru\u017een\u00ed \u0160ance, kter\u00e9 rodin\u00e1m t\u011bchto d\u011bt\u00ed dlouhodob\u011b pom\u00e1h\u00e1.<\/p>\n<p>Emo\u010dn\u011b siln\u00e9 sn\u00edmky podle organiz\u00e1tor\u016f v\u00fdstavy zachycuj\u00ed kr\u00e1sn\u00e9 i t\u011b\u017ek\u00e9 okam\u017eiky, v\u00fdjime\u010dn\u00e9 jsou svou bezprost\u0159ednost\u00ed. &#8222;M\u00eds\u00ed se tu bolest fyzick\u00e1 i bolest du\u0161e s nad\u011bj\u00ed a mnohdy i beznad\u011bj\u00ed, n\u011bkdy zoufalstv\u00edm, jindy odhodl\u00e1n\u00edm. P\u0159esn\u011b tak to u n\u00e1s na odd\u011blen\u00ed chod\u00ed,&#8220; \u0159ekla Mih\u00e1lov\u00e1. Um\u011bleck\u00fdm gestorem vystaven\u00fdch sn\u00edmk\u016f je fotograf Jind\u0159ich \u0160treit.<\/p>\n<p>Inici\u00e1torem projektu je p\u0159erovsk\u00fd zp\u011bv\u00e1k Pavel Nov\u00e1k, kter\u00fd po vernis\u00e1\u017ei chyst\u00e1 akustick\u00fd koncert pod \u0161ir\u00fdm nebem na Letn\u00ed divadeln\u00ed sc\u00e9n\u011b mezi hradbami vedle m\u011bstsk\u00e9 galerie. Jeho v\u00fdt\u011b\u017eek bude v\u011bnov\u00e1n D\u011btsk\u00e9 klinice Fakultn\u00ed nemocnice v Olomouci, se kterou zp\u011bv\u00e1k dlouhodob\u011b spolupracuje.<\/p>\n<p>V\u00fdstavn\u00ed projekt V\u011bt\u0161\u00ed ne\u017e velk\u00e1 v\u00fdzva bude v p\u0159erovsk\u00e9 m\u011bstsk\u00e9 galerii do 25. \u010dervna. O t\u0159i dny pozd\u011bji ho v galerii vyst\u0159\u00edd\u00e1 fotografick\u00fd cyklus Pavla Ondr\u016fje \u010cas na kolej\u00edch, mapuj\u00edc\u00ed re\u00e1lie \u017eelezni\u010dn\u00edho prost\u0159ed\u00ed.<\/p>\n","protected":false},"excerpt":{"rendered":"<div class=\"mh-excerpt\"><p>P\u0159erovsk\u00e1 m\u011bstsk\u00e1 galerie otev\u0159e p\u0159\u00ed\u0161t\u00ed t\u00fdden v\u00fdstavu t\u0159\u00ed des\u00edtek velkoform\u00e1tov\u00fdch fotografi\u00ed zachycuj\u00edc\u00edch onkologicky nemocn\u00e9 d\u011bti. Projekt m\u00e1 n\u00e1zev V\u011bt\u0161\u00ed ne\u017e velk\u00e1 v\u00fdzva, navazovat na n\u011bj <a class=\"mh-excerpt-more\" href=\"https:\/\/www.invarena.cz\/?p=25645\" title=\"P\u0159erovsk\u00e1 m\u011bstsk\u00e1 galerie vystav\u00ed sn\u00edmky d\u011bt\u00ed z d\u011btsk\u00e9 kliniky\">[&#8230;]<\/a><\/p>\n<\/div>","protected":false},"author":1,"featured_media":21892,"comment_status":"open","ping_status":"closed","sticky":false,"template":"","format":"standard","meta":{"footnotes":""},"categories":[7],"tags":[],"class_list":["post-25645","post","type-post","status-publish","format-standard","has-post-thumbnail","hentry","category-spolecnost"],"_links":{"self":[{"href":"https:\/\/www.invarena.cz\/index.php?rest_route=\/wp\/v2\/posts\/25645","targetHints":{"allow":["GET"]}}],"collection":[{"href":"https:\/\/www.invarena.cz\/index.php?rest_route=\/wp\/v2\/posts"}],"about":[{"href":"https:\/\/www.invarena.cz\/index.php?rest_route=\/wp\/v2\/types\/post"}],"author":[{"embeddable":true,"href":"https:\/\/www.invarena.cz\/index.php?rest_route=\/wp\/v2\/users\/1"}],"replies":[{"embeddable":true,"href":"https:\/\/www.invarena.cz\/index.php?rest_route=%2Fwp%2Fv2%2Fcomments&post=25645"}],"version-history":[{"count":0,"href":"https:\/\/www.invarena.cz\/index.php?rest_route=\/wp\/v2\/posts\/25645\/revisions"}],"wp:featuredmedia":[{"embeddable":true,"href":"https:\/\/www.invarena.cz\/index.php?rest_route=\/wp\/v2\/media\/21892"}],"wp:attachment":[{"href":"https:\/\/www.invarena.cz\/index.php?rest_route=%2Fwp%2Fv2%2Fmedia&parent=25645"}],"wp:term":[{"taxonomy":"category","embeddable":true,"href":"https:\/\/www.invarena.cz\/index.php?rest_route=%2Fwp%2Fv2%2Fcategories&post=25645"},{"taxonomy":"post_tag","embeddable":true,"href":"https:\/\/www.invarena.cz\/index.php?rest_route=%2Fwp%2Fv2%2Ftags&post=25645"}],"curies":[{"name":"wp","href":"https:\/\/api.w.org\/{rel}","templated":true}]}}