{"id":25658,"date":"2016-05-30T12:58:55","date_gmt":"2016-05-30T10:58:55","guid":{"rendered":"http:\/\/www.invarena.cz\/?p=25658"},"modified":"2016-05-30T12:58:55","modified_gmt":"2016-05-30T10:58:55","slug":"navzdory-obcasnemu-desti-se-na-mezi-plotech-bavily-tisice-lidi","status":"publish","type":"post","link":"https:\/\/www.invarena.cz\/?p=25658","title":{"rendered":"Navzdory ob\u010dasn\u00e9mu de\u0161ti se na Mezi plotech bavily tis\u00edce lid\u00ed"},"content":{"rendered":"<p><strong>Navzdory hrozb\u011b de\u0161t\u011b a pozd\u011bji odpoledne i jej\u00edmu napln\u011bn\u00ed se na festivalu Mezi ploty v pra\u017esk\u00e9 psychiatrick\u00e9 l\u00e9\u010debn\u011b v Bohnic\u00edch bavily tis\u00edce lid\u00ed. Hr\u00e1li pro n\u011b Divokej Bill nebo M\u0148\u00e1ga a \u017d\u010forp, ve\u010der tak\u00e9 Krucip\u00fcsk \u010di Michal Prokop.<\/strong><!--more--><\/p>\n<p> Festival na 14 sc\u00e9n\u00e1ch, kde je krom\u011b hudby tak\u00e9 divadlo nebo vystoupen\u00ed pro d\u011bti, pokra\u010duje i v ned\u011bli.<\/p>\n<p>&#8222;Odhadujeme, \u017ee p\u0159i\u0161lo na 10.000 n\u00e1v\u0161t\u011bvn\u00edk\u016f,&#8220; \u0159ekl \u010cTK \u0159editel festivalu Robert Kozler. Hudebn\u00edci si neodpustili nar\u00e1\u017eky na netradi\u010dn\u00ed m\u00edsto, kde se festival Mezi ploty u\u017e od roku 1992 odehr\u00e1v\u00e1. &#8222;Vid\u00edm tady kolem zvl\u00e1\u0161tn\u00ed postavy. N\u011bkter\u00e9 i pod p\u00f3diem,&#8220; volal nap\u0159\u00edklad z p\u00f3dia frontman kapely M\u0148\u00e1ga a \u017d\u010forp Petr Fiala, kter\u00e1 m\u00e1 dokonce jednu p\u00edse\u0148 o &#8222;uzav\u0159en\u00e9m odd\u011blen\u00ed 17B&#8220;.<\/p>\n<p>Ot\u00e1zka &#8222;Jste norm\u00e1ln\u00ed?&#8220; je z\u00e1rove\u0148 pomysln\u00fdm heslem festivalu. Norm\u00e1ln\u00ed je podle po\u0159adatel\u016f b\u00fdt v pohod\u011b, ale tak\u00e9 m\u00edt probl\u00e9my. Krom\u011b hudebn\u00edch a divadeln\u00edch p\u0159edstaven\u00ed festival proto nab\u00edz\u00ed tak\u00e9 takzvan\u00e1 &#8222;srdce&#8220; &#8211; m\u00edsta pro setk\u00e1v\u00e1n\u00ed lid\u00ed s psychology, kde lze diskutovat o mezilidsk\u00fdch vztaz\u00edch, \u00fa\u010dinc\u00edch drog, hlubinn\u00e9 psychologii nebo podstat\u011b r\u016fzn\u00fdch du\u0161evn\u00edch chorob.<\/p>\n<p>Na hlavn\u00ed sc\u00e9n\u011b p\u0159ed kostelem l\u00e9\u010debny dnes vystoupili \u010di je\u0161t\u011b vystoup\u00ed kapely Lake Malawi, Divokej Bill, M\u0148\u00e1ga a \u017d\u010forp, Fast Food Orchestra, Eddie Stoilow, Krucip\u00fcsk a Pipes and Pints. Na dal\u0161\u00edch sc\u00e9n\u00e1ch pak nap\u0159\u00edklad Michal Prokop, Tam Tam Batucada \u010di Never Sol. V bohnick\u00e9m Divadle za plotem zahraje Divadlo Bolka Pol\u00edvky.<\/p>\n<p>Po dopoledn\u00edm dusnu nad bohnickou l\u00e9\u010debnu odpoledne dorazil d\u00e9\u0161\u0165. P\u0159\u00e1n\u00ed n\u00e1v\u0161t\u011bvn\u00edk\u016f tak nebyla vysly\u0161ena. &#8222;De\u0161\u0165ov\u00e9 mraky jsou zat\u00edm nad Kladnem, vis\u00ed tam u\u017e t\u0159i hodiny. Tak doufejme, \u017ee tam z\u016fstanou,&#8220; \u0159ekla p\u0159ed koncertem kapely Fast Food Orchestra na hlavn\u00ed sc\u00e9n\u011b jej\u00ed moder\u00e1torka Tereza Tobi\u00e1\u0161ov\u00e1. D\u00e9\u0161\u0165 ale nakonec nad Bohnice dorazil.<\/p>\n<p>Ned\u011bln\u00ed program nab\u00edz\u00ed vystoupen\u00ed Tonyi Graves zn\u00e1m\u00e9 z kapely Monkey Business, Rybi\u010dky 48, Jaroslav Uhl\u00ed\u0159, Vladim\u00edr Mi\u0161\u00edk, Sto zv\u00ed\u0159at, Michal Hr\u016fza. Na alternativn\u00ed sc\u00e9n\u011b pak Kapit\u00e1n Demo, Kv\u011bty, Pleas The Trees, The Chancers \u010di Lenka Dusilov\u00e1.<\/p>\n","protected":false},"excerpt":{"rendered":"<div class=\"mh-excerpt\"><p>Navzdory hrozb\u011b de\u0161t\u011b a pozd\u011bji odpoledne i jej\u00edmu napln\u011bn\u00ed se na festivalu Mezi ploty v pra\u017esk\u00e9 psychiatrick\u00e9 l\u00e9\u010debn\u011b v Bohnic\u00edch bavily tis\u00edce lid\u00ed. Hr\u00e1li pro <a class=\"mh-excerpt-more\" href=\"https:\/\/www.invarena.cz\/?p=25658\" title=\"Navzdory ob\u010dasn\u00e9mu de\u0161ti se na Mezi plotech bavily tis\u00edce lid\u00ed\">[&#8230;]<\/a><\/p>\n<\/div>","protected":false},"author":1,"featured_media":21562,"comment_status":"open","ping_status":"closed","sticky":false,"template":"","format":"standard","meta":{"footnotes":""},"categories":[17],"tags":[],"class_list":["post-25658","post","type-post","status-publish","format-standard","has-post-thumbnail","hentry","category-kultura"],"_links":{"self":[{"href":"https:\/\/www.invarena.cz\/index.php?rest_route=\/wp\/v2\/posts\/25658","targetHints":{"allow":["GET"]}}],"collection":[{"href":"https:\/\/www.invarena.cz\/index.php?rest_route=\/wp\/v2\/posts"}],"about":[{"href":"https:\/\/www.invarena.cz\/index.php?rest_route=\/wp\/v2\/types\/post"}],"author":[{"embeddable":true,"href":"https:\/\/www.invarena.cz\/index.php?rest_route=\/wp\/v2\/users\/1"}],"replies":[{"embeddable":true,"href":"https:\/\/www.invarena.cz\/index.php?rest_route=%2Fwp%2Fv2%2Fcomments&post=25658"}],"version-history":[{"count":0,"href":"https:\/\/www.invarena.cz\/index.php?rest_route=\/wp\/v2\/posts\/25658\/revisions"}],"wp:featuredmedia":[{"embeddable":true,"href":"https:\/\/www.invarena.cz\/index.php?rest_route=\/wp\/v2\/media\/21562"}],"wp:attachment":[{"href":"https:\/\/www.invarena.cz\/index.php?rest_route=%2Fwp%2Fv2%2Fmedia&parent=25658"}],"wp:term":[{"taxonomy":"category","embeddable":true,"href":"https:\/\/www.invarena.cz\/index.php?rest_route=%2Fwp%2Fv2%2Fcategories&post=25658"},{"taxonomy":"post_tag","embeddable":true,"href":"https:\/\/www.invarena.cz\/index.php?rest_route=%2Fwp%2Fv2%2Ftags&post=25658"}],"curies":[{"name":"wp","href":"https:\/\/api.w.org\/{rel}","templated":true}]}}