{"id":25659,"date":"2016-05-31T09:47:33","date_gmt":"2016-05-31T07:47:33","guid":{"rendered":"http:\/\/www.invarena.cz\/?p=25659"},"modified":"2016-05-31T09:47:33","modified_gmt":"2016-05-31T07:47:33","slug":"v-praze-se-predstavi-bila-holubice","status":"publish","type":"post","link":"https:\/\/www.invarena.cz\/?p=25659","title":{"rendered":"V Praze se p\u0159edstav\u00ed B\u00edl\u00e1 holubice"},"content":{"rendered":"<p><strong>Unik\u00e1tn\u00ed pohybov\u011b \u010dinohern\u00ed p\u0159edstaven\u00ed s n\u00e1zvem Cirkus p\u0159iveze v p\u00e1tek 3. \u010dervna do Prahy B\u00edl\u00e1 holubice. Tane\u010dn\u00ed soubor, kter\u00fd spojuje profesion\u00e1ln\u00ed i amat\u00e9rsk\u00e9 a zdrav\u00e9 i posti\u017een\u00e9 tane\u010dn\u00edky a herce, se p\u0159edstav\u00ed se sv\u00fdm u\u017e \u010dtvrt\u00fdm celove\u010dern\u00edm p\u0159edstaven\u00edm na pra\u017esk\u00e9 tane\u010dn\u00ed sc\u00e9n\u011b Studio Alta v Hole\u0161ovic\u00edch.<\/strong><!--more--><\/p>\n<p>\u201eCirkus je jin\u00e9 p\u0159edstaven\u00ed, ne\u017e byla na\u0161e dosavadn\u00ed produkce, kter\u00e1 hodn\u011b doj\u00edmala. Je lehk\u00e9, sv\u011b\u017e\u00ed, vesel\u00e9, dokonce i st\u0159edo\u0161kol\u00e1ci se na n\u011bm dob\u0159e bav\u00ed. Je ur\u010den\u00e9 pro cel\u00e9 rodiny,\u201c \u0159ekla p\u0159edsedkyn\u011b spolku B\u00edl\u00e1 holubice a producentka p\u0159edstaven\u00ed Ivana Mart\u00e1kov\u00e1.<\/p>\n<p>Cirkus m\u011bl premi\u00e9ru v z\u00e1\u0159\u00ed 2015 v Ostrav\u011b. Tane\u010dn\u00ed p\u0159edstaven\u00ed vypr\u00e1v\u00ed p\u0159\u00edb\u011bh poj\u00edzdn\u00e9ho cirkusu, kter\u00fd se vyd\u00e1v\u00e1 na svou \u0161taci se v\u0161\u00edm, co k tomu pat\u0159\u00ed, tedy span\u00edm venku, de\u0161t\u011bm i spory mezi princip\u00e1lem a artisty. V\u0161e nakonec dob\u0159e dopadne a v man\u00e9\u017ei se div\u00e1k\u016fm p\u0159edvede vrha\u010d no\u017e\u016f i provazochodkyn\u011b, sil\u00e1k, klauni, tane\u010dnice na \u0161\u00e1le i krotitelka much. Ztv\u00e1r\u0148uj\u00ed je jeden profesion\u00e1ln\u00ed herec, \u0161est tane\u010dn\u00edk\u016f s fyzick\u00fdm handicapem, vesm\u011bs s d\u011btskou mozkovou obrnou, a \u010dty\u0159i profesion\u00e1ln\u00ed tane\u010dn\u00edci a tak\u00e9 jedno d\u00edtko.<\/p>\n<p>Spojen\u00ed baletu s \u010dinohrou v cirkusov\u00e9m prost\u0159ed\u00ed umo\u017en\u00ed tv\u016frc\u016fm vyu\u017e\u00edt v\u0161ech mo\u017enost\u00ed souboru, p\u0159edv\u00e9st jejich tane\u010dn\u00ed, ale i hereck\u00fd talent. V t\u00fdmu, kter\u00fd inscenaci chystal, je mlad\u00e1 brn\u011bnsk\u00e1 re\u017eis\u00e9rka Gabriela Kre\u010dmerov\u00e1, choreografka Jana Ry\u0161lav\u00e1, jinak tak\u00e9 pedago\u017eka Jan\u00e1\u010dkovy konzervato\u0159e Ostrava, a autor hudby Tom\u00e1\u0161 Rossi.<\/p>\n<p>Soubor nebude v hlavn\u00edm m\u011bst\u011b hostovat poprv\u00e9, p\u0159edstavil tam u\u017e i sv\u00e9 p\u0159edchoz\u00ed inscenace v r\u00e1mci projektu B\u00edl\u00e1 holubice tan\u010d\u00ed Praze. Chystan\u00e9 vystoupen\u00ed ov\u0161em bude mimo\u0159\u00e1dn\u00e9, proto\u017ee neobvykl\u00e9 uskupen\u00ed p\u0159isp\u00edvaj\u00edc\u00ed k integraci zdravotn\u011b posti\u017een\u00fdch letos slav\u00ed sv\u00e9 des\u00e1t\u00e9 narozeniny.<\/p>\n<p>\u201eU\u017e je to v\u00edce ne\u017e deset let, kdy jsem poprv\u00e9 vid\u011bla tane\u010dn\u00ed duet tehdej\u0161\u00edho \u0161\u00e9fa baletu N\u00e1rodn\u00edho divadla moravskoslezsk\u00e9ho Igora Vejsady, dnes \u0161\u00e9fa Komorn\u00edho baletu Praha, a voz\u00ed\u010dk\u00e1\u0159ky Katky Kapicov\u00e9. Byl to pro m\u011b hlubok\u00fd z\u00e1\u017eitek a mysl\u00edm, \u017ee to byl tak\u00e9 prvotn\u00ed impuls pro zrozen\u00ed B\u00edl\u00e9 holubice. J\u00e1 jsem se k projektu p\u0159idala a\u017e o n\u011bkolik let pozd\u011bji,\u201cvzpom\u00edn\u00e1 Ivana Mart\u00e1kov\u00e1.<\/p>\n<p>P\u0159esto\u017ee se na p\u0159edstaven\u00ed pod\u00edlej\u00ed amat\u00e9\u0159i i lid\u00e9 s r\u016fzn\u00fdmi omezen\u00edmi, v\u00fdsledn\u00fd tvar mus\u00ed kvalitou zpracov\u00e1n\u00ed obst\u00e1t v konkurenci profesion\u00e1ln\u00edch p\u0159edstaven\u00ed. Proto je o n\u011bj v Praze v\u017edy velk\u00fd z\u00e1jem a jeho akt\u00e9\u0159i v\u011b\u0159\u00ed, \u017ee tomu tak bude i letos.<\/p>\n","protected":false},"excerpt":{"rendered":"<div class=\"mh-excerpt\"><p>Unik\u00e1tn\u00ed pohybov\u011b \u010dinohern\u00ed p\u0159edstaven\u00ed s n\u00e1zvem Cirkus p\u0159iveze v p\u00e1tek 3. \u010dervna do Prahy B\u00edl\u00e1 holubice. Tane\u010dn\u00ed soubor, kter\u00fd spojuje profesion\u00e1ln\u00ed i amat\u00e9rsk\u00e9 a zdrav\u00e9 <a class=\"mh-excerpt-more\" href=\"https:\/\/www.invarena.cz\/?p=25659\" title=\"V Praze se p\u0159edstav\u00ed B\u00edl\u00e1 holubice\">[&#8230;]<\/a><\/p>\n<\/div>","protected":false},"author":1,"featured_media":25660,"comment_status":"open","ping_status":"closed","sticky":false,"template":"","format":"standard","meta":{"footnotes":""},"categories":[17],"tags":[],"class_list":["post-25659","post","type-post","status-publish","format-standard","has-post-thumbnail","hentry","category-kultura"],"_links":{"self":[{"href":"https:\/\/www.invarena.cz\/index.php?rest_route=\/wp\/v2\/posts\/25659","targetHints":{"allow":["GET"]}}],"collection":[{"href":"https:\/\/www.invarena.cz\/index.php?rest_route=\/wp\/v2\/posts"}],"about":[{"href":"https:\/\/www.invarena.cz\/index.php?rest_route=\/wp\/v2\/types\/post"}],"author":[{"embeddable":true,"href":"https:\/\/www.invarena.cz\/index.php?rest_route=\/wp\/v2\/users\/1"}],"replies":[{"embeddable":true,"href":"https:\/\/www.invarena.cz\/index.php?rest_route=%2Fwp%2Fv2%2Fcomments&post=25659"}],"version-history":[{"count":0,"href":"https:\/\/www.invarena.cz\/index.php?rest_route=\/wp\/v2\/posts\/25659\/revisions"}],"wp:featuredmedia":[{"embeddable":true,"href":"https:\/\/www.invarena.cz\/index.php?rest_route=\/wp\/v2\/media\/25660"}],"wp:attachment":[{"href":"https:\/\/www.invarena.cz\/index.php?rest_route=%2Fwp%2Fv2%2Fmedia&parent=25659"}],"wp:term":[{"taxonomy":"category","embeddable":true,"href":"https:\/\/www.invarena.cz\/index.php?rest_route=%2Fwp%2Fv2%2Fcategories&post=25659"},{"taxonomy":"post_tag","embeddable":true,"href":"https:\/\/www.invarena.cz\/index.php?rest_route=%2Fwp%2Fv2%2Ftags&post=25659"}],"curies":[{"name":"wp","href":"https:\/\/api.w.org\/{rel}","templated":true}]}}