{"id":25691,"date":"2016-06-01T16:29:38","date_gmt":"2016-06-01T14:29:38","guid":{"rendered":"http:\/\/www.invarena.cz\/?p=25691"},"modified":"2016-06-01T16:29:38","modified_gmt":"2016-06-01T14:29:38","slug":"nocni-beh-pro-svetlusku-vedl-ctyricet-nadsencu-k-vratenskemu-vetrniku","status":"publish","type":"post","link":"https:\/\/www.invarena.cz\/?p=25691","title":{"rendered":"No\u010dn\u00ed b\u011bh pro Sv\u011btlu\u0161ku vedl \u010dty\u0159icet nad\u0161enc\u016f k vr\u00e1tensk\u00e9mu v\u011btrn\u00edku"},"content":{"rendered":"<p><strong>No\u010dn\u00ed b\u011bh pro Sv\u011btlu\u0161ku letos vedle Prahy, Brna a Jihlavy rozz\u00e1\u0159il i okol\u00ed Lob\u010de. Pr\u00e1v\u011b tam se toti\u017e dohodla parta p\u0159\u00e1tel a p\u0159ipojili se k charitativn\u00edmu b\u011bhu, kter\u00fd se kon\u00e1 jen ve t\u0159ech velk\u00fdch m\u011bstech. \u00da\u010dastn\u00edci No\u010dn\u00edho b\u011bhu pro Sv\u011btlu\u0161ku si vyb\u00edrali ze dvou tras.<\/strong> <!--more--><\/p>\n<p>Lobe\u010d, Vr\u00e1tno \u2013 &#8222;Nen\u00ed bohu\u017eel v na\u0161ich mo\u017enostech \u00fa\u010dastnit se t\u011bchto akc\u00ed ve velk\u00fdch m\u011bstech, tak n\u00e1s napadlo, \u017ee bychom mohli n\u011bco prosp\u011b\u0161n\u00e9ho zorganizovat i u n\u00e1s,&#8220; \u0159ekla Alena Va\u0161\u00ed\u010dkov\u00e1 z Lob\u010de, kter\u00e1 do organizace akce zapojila celou rodinu.<\/p>\n<p>Lobe\u010dt\u00ed nad\u0161enci se p\u0159ed \u010dasem spojili s Nadac\u00ed \u010cesk\u00e9ho rozhlasu, kter\u00e1 organizuje sb\u00edrku Sv\u011btlu\u0161ka pro pomoc nevidom\u00fdm, aby jim ve prosp\u011bch sb\u00edrky povolila po\u0159\u00e1dat no\u010dn\u00ed b\u011bh. &#8222;Je mnoho r\u016fzn\u00fdch charitativn\u00edch b\u011bh\u016f, ale n\u00e1s nejv\u00edce oslovila Sv\u011btlu\u0161ka. Smyslem b\u011bhu je b\u011b\u017eet potm\u011b. Nevidom\u00ed tak\u00e9 nevid\u00ed nic jin\u00e9ho ne\u017e tmu. \u010cekali jsme proto na setm\u011bn\u00ed a na cestu jsme si sv\u00edtili \u010delovkami od Sv\u011btlu\u0161ky. Prvn\u00edch dvacet p\u0159ihl\u00e1\u0161en\u00fdch je dostalo zdarma, ostatn\u00ed si je mohli koupit nebo si mohli p\u0159in\u00e9st vlastn\u00ed z domova,&#8220; p\u0159ipomn\u011bla jedna z hlavn\u00edch organiz\u00e1tor\u016f b\u011bhu, kter\u00fd se konal v pol\u00edch mezi Lob\u010d\u00ed a Vr\u00e1tnem.<\/p>\n<p>B\u011b\u017eci si mohli vybrat ze dvou tras. Ta krat\u0161\u00ed m\u011b\u0159ila sedm set metr\u016f, ta del\u0161\u00ed, kter\u00e1 vedla k vr\u00e1tensk\u00e9mu v\u011btrn\u00e9mu ml\u00fdnu, patn\u00e1ct set metr\u016f.<\/p>\n<p>Alena Va\u0161\u00ed\u010dkov\u00e1 a jej\u00ed p\u0159\u00e1tel\u00e9 v\u011b\u0159\u00ed, \u017ee se no\u010dn\u00ed b\u011bh ujme a po cest\u011b k ml\u00fdnu bude ka\u017ed\u00fd rok b\u011bhat v\u00edce lid\u00ed se sv\u00edt\u00edc\u00edmi \u010dely.<\/p>\n<p>JI\u0158\u00cd \u0158\u00cdHA<br \/>\nM\u011blnick\u00fd den\u00edk<br \/>\n<a href=\"http:\/\/www.melnicky.denik.cz\/\">http:\/\/www.melnicky.denik.cz\/<\/a><\/p>\n","protected":false},"excerpt":{"rendered":"<div class=\"mh-excerpt\"><p>No\u010dn\u00ed b\u011bh pro Sv\u011btlu\u0161ku letos vedle Prahy, Brna a Jihlavy rozz\u00e1\u0159il i okol\u00ed Lob\u010de. Pr\u00e1v\u011b tam se toti\u017e dohodla parta p\u0159\u00e1tel a p\u0159ipojili se k <a class=\"mh-excerpt-more\" href=\"https:\/\/www.invarena.cz\/?p=25691\" title=\"No\u010dn\u00ed b\u011bh pro Sv\u011btlu\u0161ku vedl \u010dty\u0159icet nad\u0161enc\u016f k vr\u00e1tensk\u00e9mu v\u011btrn\u00edku\">[&#8230;]<\/a><\/p>\n<\/div>","protected":false},"author":1,"featured_media":3929,"comment_status":"open","ping_status":"closed","sticky":false,"template":"","format":"standard","meta":{"footnotes":""},"categories":[9],"tags":[],"class_list":["post-25691","post","type-post","status-publish","format-standard","has-post-thumbnail","hentry","category-zpravy"],"_links":{"self":[{"href":"https:\/\/www.invarena.cz\/index.php?rest_route=\/wp\/v2\/posts\/25691","targetHints":{"allow":["GET"]}}],"collection":[{"href":"https:\/\/www.invarena.cz\/index.php?rest_route=\/wp\/v2\/posts"}],"about":[{"href":"https:\/\/www.invarena.cz\/index.php?rest_route=\/wp\/v2\/types\/post"}],"author":[{"embeddable":true,"href":"https:\/\/www.invarena.cz\/index.php?rest_route=\/wp\/v2\/users\/1"}],"replies":[{"embeddable":true,"href":"https:\/\/www.invarena.cz\/index.php?rest_route=%2Fwp%2Fv2%2Fcomments&post=25691"}],"version-history":[{"count":0,"href":"https:\/\/www.invarena.cz\/index.php?rest_route=\/wp\/v2\/posts\/25691\/revisions"}],"wp:featuredmedia":[{"embeddable":true,"href":"https:\/\/www.invarena.cz\/index.php?rest_route=\/wp\/v2\/media\/3929"}],"wp:attachment":[{"href":"https:\/\/www.invarena.cz\/index.php?rest_route=%2Fwp%2Fv2%2Fmedia&parent=25691"}],"wp:term":[{"taxonomy":"category","embeddable":true,"href":"https:\/\/www.invarena.cz\/index.php?rest_route=%2Fwp%2Fv2%2Fcategories&post=25691"},{"taxonomy":"post_tag","embeddable":true,"href":"https:\/\/www.invarena.cz\/index.php?rest_route=%2Fwp%2Fv2%2Ftags&post=25691"}],"curies":[{"name":"wp","href":"https:\/\/api.w.org\/{rel}","templated":true}]}}