{"id":25703,"date":"2016-06-02T07:35:26","date_gmt":"2016-06-02T05:35:26","guid":{"rendered":"http:\/\/www.invarena.cz\/?p=25703"},"modified":"2016-06-02T07:35:26","modified_gmt":"2016-06-02T05:35:26","slug":"lekari-v-brne-odebrali-miminku-s-epilepsii-cast-mozku","status":"publish","type":"post","link":"https:\/\/www.invarena.cz\/?p=25703","title":{"rendered":"L\u00e9ka\u0159i v Brn\u011b odebrali miminku s epilepsi\u00ed \u010d\u00e1st mozku"},"content":{"rendered":"<p>L\u00e9ka\u0159i ve Fakultn\u00ed nemocnici u svat\u00e9 Anny v Brn\u011b (FNUSA) odebrali osmim\u011bs\u00ed\u010dn\u00edmu chlapci s epilepsi\u00ed \u010d\u00e1st po\u0161kozen\u00e9ho mozku, co\u017e m\u00e1 zm\u00edrnit t\u011b\u017ek\u00fd dopad z\u00e1va\u017en\u00e9 formy epilepsie.<!--more--><\/p>\n<p>Mozek mal\u00fdch d\u011bt\u00ed je schopn\u00fd se dostate\u010dn\u011b zregenerovat, \u0159ekla\u00a0 mluv\u010d\u00ed nemocnice Petra Vesel\u00e1. U dosp\u011bl\u00fdch proto podobn\u00e1 operace nen\u00ed mo\u017en\u00e1. Podle Vesel\u00e9 l\u00e9ka\u0159i v Brn\u011b provedli operaci poprv\u00e9, jako jedin\u00e1 ji dosud v \u010cesku zaji\u0161\u0165ovala pra\u017esk\u00e1 Fakultn\u00ed nemocnice v Motole.<\/p>\n<p>\u0160estihodinov\u00fd z\u00e1krok provedl t\u00fdm l\u00e9ka\u0159\u016f Neurochirurgick\u00e9 kliniky FNUSA a L\u00e9ka\u0159sk\u00e9 fakulty Masarykovy univerzity pod veden\u00edm Evy Brichtov\u00e9. &#8222;C\u00edlem n\u00e1ro\u010dn\u00e9ho v\u00fdkonu, p\u0159i kter\u00e9m byla odstran\u011bna v\u00fdznamn\u00e1 \u010d\u00e1st posti\u017een\u00e9 mozkov\u00e9 hemisf\u00e9ry a jej\u00ed zbytek funk\u010dn\u011b odpojen od hemisf\u00e9ry zdrav\u00e9, bylo zm\u00edrnit t\u011b\u017ek\u00fd dopad z\u00e1va\u017en\u00e9 formy epilepsie a umo\u017enit dal\u0161\u00ed psychomotorick\u00fd v\u00fdvoj d\u00edt\u011bte,&#8220; uvedl p\u0159ednosta neurochirurgick\u00e9 kliniky Radim Jan\u010d\u00e1lek.<\/p>\n<p>Podle Vesel\u00e9 se odstavila \u010d\u00e1st mozku, aby nevznikaly epileptick\u00e9 z\u00e1chvaty, ale mozek se d\u00e1l m\u016f\u017ee vyv\u00edjet. &#8222;D\u011btsk\u00fd mozek je schopn\u00fd p\u0159eskupit bu\u0148ky tak, aby se l\u00e9pe zregeneroval,&#8220; p\u0159ibl\u00ed\u017eila Vesel\u00e1 d\u016fvod, pro\u010d je mo\u017en\u00e9 odebrat kus mozku, ani\u017e by to v budoucnu muselo m\u00edt v\u00e1\u017en\u00e9 n\u00e1sledky. Podle Vesel\u00e9 je chlapec nyn\u00ed v po\u0159\u00e1dku a m\u011bly by u n\u011bj ustat velk\u00e9 epileptick\u00e9 z\u00e1chvaty, kter\u00fdmi trp\u011bl. &#8222;Dal\u0161\u00ed v\u00fdvoj uk\u00e1\u017ee a\u017e \u010das,&#8220; dodala mluv\u010d\u00ed.<\/p>\n<p>Svatoanensk\u00e1 nemocnice je po motolsk\u00e9 nemocnici druh\u00fdm pracovi\u0161t\u011bm, kter\u00e9 operaci prov\u00e1d\u00ed. &#8222;K roz\u0161\u00ed\u0159en\u00ed spektra prov\u00e1d\u011bn\u00fdch opera\u010dn\u00edch v\u00fdkon\u016f o tuto takzvanou funk\u010dn\u00ed hemisferektomii do\u0161lo v r\u00e1mci dlouhodob\u00e9 spolupr\u00e1ce l\u00e9ka\u0159\u016f obou dvou brn\u011bnsk\u00fdch fakultn\u00edch nemocnic,&#8220; poznamenal p\u0159ednosta neurologick\u00e9 kliniky Milan Br\u00e1zdil. Podle Vesel\u00e9 bude nemocnice z\u00e1krok d\u00e1l prov\u00e1d\u011bt, pokud k tomu budou vhodn\u00ed pacienti.<\/p>\n<p>Neurochirurgick\u00e1 klinika FNUSA ro\u010dn\u011b provede zhruba 1400 opera\u010dn\u00edch v\u00fdkon\u016f. Ambulanci nav\u0161t\u00edv\u00ed v\u00edce ne\u017e 10.000 pacient\u016f. Pracovi\u0161t\u011b m\u00e1 kompletn\u00ed spektrum v\u00fdkon\u016f od operac\u00ed mozku s pomoc\u00ed nejmodern\u011bj\u0161\u00edch technologi\u00ed po v\u00fdkony na p\u00e1te\u0159i. &#8222;Velk\u00fd d\u016fraz se klade na operativu pacient\u016f s epilepsi\u00ed. Loni takto bylo o\u0161et\u0159eno v\u00edce ne\u017e 70 nemocn\u00fdch v r\u00e1mci Centra pro epilepsii Brno,&#8220; dodala Vesel\u00e1.<\/p>\n<\/div>\n<\/div>\n<\/div>\n","protected":false},"excerpt":{"rendered":"<div class=\"mh-excerpt\"><p>L\u00e9ka\u0159i ve Fakultn\u00ed nemocnici u svat\u00e9 Anny v Brn\u011b (FNUSA) odebrali osmim\u011bs\u00ed\u010dn\u00edmu chlapci s epilepsi\u00ed \u010d\u00e1st po\u0161kozen\u00e9ho mozku, co\u017e m\u00e1 zm\u00edrnit t\u011b\u017ek\u00fd dopad z\u00e1va\u017en\u00e9 formy <a class=\"mh-excerpt-more\" href=\"https:\/\/www.invarena.cz\/?p=25703\" title=\"L\u00e9ka\u0159i v Brn\u011b odebrali miminku s epilepsi\u00ed \u010d\u00e1st mozku\">[&#8230;]<\/a><\/p>\n<\/div>","protected":false},"author":1,"featured_media":0,"comment_status":"open","ping_status":"closed","sticky":false,"template":"","format":"standard","meta":{"footnotes":""},"categories":[9],"tags":[],"class_list":["post-25703","post","type-post","status-publish","format-standard","hentry","category-zpravy"],"_links":{"self":[{"href":"https:\/\/www.invarena.cz\/index.php?rest_route=\/wp\/v2\/posts\/25703","targetHints":{"allow":["GET"]}}],"collection":[{"href":"https:\/\/www.invarena.cz\/index.php?rest_route=\/wp\/v2\/posts"}],"about":[{"href":"https:\/\/www.invarena.cz\/index.php?rest_route=\/wp\/v2\/types\/post"}],"author":[{"embeddable":true,"href":"https:\/\/www.invarena.cz\/index.php?rest_route=\/wp\/v2\/users\/1"}],"replies":[{"embeddable":true,"href":"https:\/\/www.invarena.cz\/index.php?rest_route=%2Fwp%2Fv2%2Fcomments&post=25703"}],"version-history":[{"count":0,"href":"https:\/\/www.invarena.cz\/index.php?rest_route=\/wp\/v2\/posts\/25703\/revisions"}],"wp:attachment":[{"href":"https:\/\/www.invarena.cz\/index.php?rest_route=%2Fwp%2Fv2%2Fmedia&parent=25703"}],"wp:term":[{"taxonomy":"category","embeddable":true,"href":"https:\/\/www.invarena.cz\/index.php?rest_route=%2Fwp%2Fv2%2Fcategories&post=25703"},{"taxonomy":"post_tag","embeddable":true,"href":"https:\/\/www.invarena.cz\/index.php?rest_route=%2Fwp%2Fv2%2Ftags&post=25703"}],"curies":[{"name":"wp","href":"https:\/\/api.w.org\/{rel}","templated":true}]}}