{"id":25723,"date":"2016-06-05T08:19:55","date_gmt":"2016-06-05T06:19:55","guid":{"rendered":"http:\/\/www.invarena.cz\/?p=25723"},"modified":"2016-06-05T08:19:55","modified_gmt":"2016-06-05T06:19:55","slug":"v-bangladesi-operovali-muze-jehoz-ruce-vypadaly-jako-strom","status":"publish","type":"post","link":"https:\/\/www.invarena.cz\/?p=25723","title":{"rendered":"V Banglad\u00e9\u0161i operovali mu\u017ee, jeho\u017e ruce vypadaly jako strom"},"content":{"rendered":"<p>L\u00e9ka\u0159i v banglad\u00e9\u0161sk\u00e9 nemocnici provedli v\u00fdjime\u010dnou s\u00e9rii operac\u00ed, p\u0159i nich\u017e mlad\u00e9mu mu\u017ei odstranili n\u011bkolikakilogramov\u00e9 bradavice z rukou a nohou. Tento Banglad\u00e9\u0161an trp\u00ed vz\u00e1cn\u00fdm onemocn\u011bn\u00edm k\u016f\u017ee, jeho\u017e je podle \u0161pan\u011blsk\u00e9ho den\u00edku El Pa\u00eds zn\u00e1mo jen n\u011bkolik p\u0159\u00edpad\u016f na sv\u011bt\u011b.<!--more--><\/p>\n<p>P\u011btadvacetilet\u00fd Abul Bad\u017eandar, jeho\u017e ruce je\u0161t\u011b doned\u00e1vna vypadaly jako <span class=\"linkTagNoBg\"><a href=\"http:\/\/elpais.com\/elpais\/2016\/06\/02\/planeta_futuro\/1464866590_931492.html\" target=\"_blank\">strom<\/a><i class=\"icon-ico-arrow-up icon\"><\/i><\/span>, podstoupil od leto\u0161n\u00edho \u00fanora n\u011bkolik operac\u00ed. I ta posledn\u00ed, o n\u00ed\u017e nyn\u00ed informovala m\u00e9dia, byla \u00fasp\u011b\u0161n\u00e1. A\u017e mu sundaj\u00ed obvazy bude moci kone\u010dn\u011b navl\u00e9knout snubn\u00ed prsten. Nejv\u00edce se t\u011b\u0161\u00ed, a\u017e obejme svou \u017eenu a dceru.<\/p>\n<p>&#8222;Po p\u011bti operac\u00edch ji\u017e zb\u00fdv\u00e1 jen n\u011bkolik mal\u00fdch estetick\u00fdch z\u00e1krok\u016f a rehabilitace,&#8220; komentovala pro m\u00e9dia stav sv\u00e9ho pacienta doktora Samanta Lal Senov\u00e1, jedna z \u010dlen\u016f t\u00fdmu l\u00e9ka\u0159\u016f, kte\u0159\u00ed operace prov\u00e1d\u011bli. A dodala, \u017ee jeho ruce jsou je\u0161t\u011b zesl\u00e1bl\u00e9, ale do p\u011bti m\u011bs\u00edc\u016f by m\u011bly b\u00fdt schopny obnovit norm\u00e1ln\u00ed funkce.<\/p>\n<p>Bad\u017eandar poch\u00e1z\u00ed z chud\u00e9 rodiny, kter\u00e1 nem\u011bla na \u010dasn\u011bj\u0161\u00ed l\u00e9ka\u0159sk\u00fd z\u00e1krok. Proto dos\u00e1hlo jeho onemocn\u011bn\u00ed takov\u00fdch rozm\u011br\u016f. Celkem jeho obrovsk\u00e9 bradavice, p\u0159ipom\u00ednaj\u00edc\u00ed k\u016fru strom\u016f, v\u00e1\u017eily asi p\u011bt kilogram\u016f.<\/p>\n<p>Koncem lo\u0148sk\u00e9ho roku se o nemocn\u00e9m mlad\u00edkovi dozv\u011bd\u011bl novin\u00e1\u0159 z agentury AFP, kter\u00fd o p\u0159\u00edpadu napsal. D\u00edky tomu posl\u00e9ze banglad\u00e9\u0161sk\u00e1 vl\u00e1da nab\u00eddla mu\u017ei, \u017ee mu operaci zaplat\u00ed. Tak\u017ee za\u010d\u00e1tkem roku nastoupil do univerzitn\u00ed nemocnice v banglad\u00e9\u0161sk\u00e9 metropoli Dh\u00e1ce.<\/p>\n<p>&#8222;Tyto operace jsou ale do\u010dasn\u00fdm \u0159e\u0161en\u00edm. Jeliko\u017e nezn\u00e1me p\u0159esnou p\u0159\u00ed\u010dinu nemoci, nem\u016f\u017eeme ho definitivn\u011b vyl\u00e9\u010dit. Ale douf\u00e1me, \u017ee p\u0159\u00ed\u0161t\u011b budeme moci odstranit jeho bradavice d\u0159\u00edve, ne\u017e dorostou tak ob\u0159\u00edch rozm\u011br\u016f,&#8220; vysv\u011btlila doktorka Lal Senov\u00e1 listu El Pa\u00eds.<\/p>\n<p>Nemoc zvan\u00e1 epidermodysplasia verruciformis, zvan\u00e1 t\u00e9\u017e Lewandowskyho-Lutz\u016fv syndrom, je velmi vz\u00e1cn\u00e9 nel\u00e9\u010diteln\u00e9 onemocn\u011bn\u00ed. Lidsk\u00e1 k\u016f\u017ee se p\u0159i n\u011bm podob\u00e1 k\u016f\u0159e strom\u016f, proto se t\u011bmto lidem \u0159\u00edk\u00e1 Stromov\u00ed lid\u00e9. P\u0159\u00ed\u010dina m\u016f\u017ee b\u00fdt d\u011bdi\u010dn\u00e1, postihuje t\u00e9\u017e lidi s v\u00fdrazn\u011b oslabenou imunitou.<\/p>\n<\/div>\n<\/div>\n<\/div>\n<p><!--more--><\/p>\n","protected":false},"excerpt":{"rendered":"<div class=\"mh-excerpt\"><p>L\u00e9ka\u0159i v banglad\u00e9\u0161sk\u00e9 nemocnici provedli v\u00fdjime\u010dnou s\u00e9rii operac\u00ed, p\u0159i nich\u017e mlad\u00e9mu mu\u017ei odstranili n\u011bkolikakilogramov\u00e9 bradavice z rukou a nohou. Tento Banglad\u00e9\u0161an trp\u00ed vz\u00e1cn\u00fdm onemocn\u011bn\u00edm k\u016f\u017ee, <a class=\"mh-excerpt-more\" href=\"https:\/\/www.invarena.cz\/?p=25723\" title=\"V Banglad\u00e9\u0161i operovali mu\u017ee, jeho\u017e ruce vypadaly jako strom\">[&#8230;]<\/a><\/p>\n<\/div>","protected":false},"author":1,"featured_media":0,"comment_status":"open","ping_status":"closed","sticky":false,"template":"","format":"standard","meta":{"footnotes":""},"categories":[9],"tags":[],"class_list":["post-25723","post","type-post","status-publish","format-standard","hentry","category-zpravy"],"_links":{"self":[{"href":"https:\/\/www.invarena.cz\/index.php?rest_route=\/wp\/v2\/posts\/25723","targetHints":{"allow":["GET"]}}],"collection":[{"href":"https:\/\/www.invarena.cz\/index.php?rest_route=\/wp\/v2\/posts"}],"about":[{"href":"https:\/\/www.invarena.cz\/index.php?rest_route=\/wp\/v2\/types\/post"}],"author":[{"embeddable":true,"href":"https:\/\/www.invarena.cz\/index.php?rest_route=\/wp\/v2\/users\/1"}],"replies":[{"embeddable":true,"href":"https:\/\/www.invarena.cz\/index.php?rest_route=%2Fwp%2Fv2%2Fcomments&post=25723"}],"version-history":[{"count":0,"href":"https:\/\/www.invarena.cz\/index.php?rest_route=\/wp\/v2\/posts\/25723\/revisions"}],"wp:attachment":[{"href":"https:\/\/www.invarena.cz\/index.php?rest_route=%2Fwp%2Fv2%2Fmedia&parent=25723"}],"wp:term":[{"taxonomy":"category","embeddable":true,"href":"https:\/\/www.invarena.cz\/index.php?rest_route=%2Fwp%2Fv2%2Fcategories&post=25723"},{"taxonomy":"post_tag","embeddable":true,"href":"https:\/\/www.invarena.cz\/index.php?rest_route=%2Fwp%2Fv2%2Ftags&post=25723"}],"curies":[{"name":"wp","href":"https:\/\/api.w.org\/{rel}","templated":true}]}}