{"id":25753,"date":"2016-06-07T16:30:08","date_gmt":"2016-06-07T14:30:08","guid":{"rendered":"http:\/\/www.invarena.cz\/?p=25753"},"modified":"2016-06-07T16:30:08","modified_gmt":"2016-06-07T14:30:08","slug":"motorkari-podporuji-postizene-deti","status":"publish","type":"post","link":"https:\/\/www.invarena.cz\/?p=25753","title":{"rendered":"Motork\u00e1\u0159i podporuj\u00ed posti\u017een\u00e9 d\u011bti"},"content":{"rendered":"<p>Podpo\u0159it \u010dty\u0159i t\u011b\u017ece posti\u017een\u00e9 d\u011bti. Takov\u00fd \u00fakol si dala skupina vyznava\u010d\u016f motorek z Opavska a Ostravska, kter\u00e1 se naz\u00fdv\u00e1 Srdca\u0159i. B\u011bhem tohoto v\u00edkendu v prostor\u00e1ch muzea Slezsk\u00fd venkov v Holasovic\u00edch mimo jin\u00e9 uspo\u0159\u00e1dali d\u011btsk\u00fd den. <!--more--><\/p>\n<p>B\u011bhem lo\u0148sk\u00e9ho roku tato skupina nafotila speci\u00e1ln\u00ed kalend\u00e1\u0159 Motork\u00e1\u0159i d\u011btem. Na sn\u00edmc\u00edch se nach\u00e1zeli motork\u00e1\u0159i se sv\u00fdmi d\u011btmi v r\u016fzn\u00fdch komick\u00fdch situac\u00edch. &#8222;Fotografie vznikaly v Doln\u00ed oblasti V\u00edtkovic. Byla to velk\u00e1 z\u00e1bava, ale hlavn\u011b \u010dinnost pro dobrou v\u011bc. Cht\u011bli jsme pomoci Ani\u010dce, Honz\u00edkovi, Julince a Terezce, kte\u0159\u00ed nem\u011bli tolik \u0161t\u011bst\u00ed,&#8220; popisoval z\u00e1m\u011br vzniku Motork\u00e1\u0159\u016f d\u011btem jeden z \u010dlen\u016f motork\u00e1\u0159sk\u00e9ho klubu Martin Moravec, jen\u017e poch\u00e1z\u00ed z Kobe\u0159ic. Nakonec se vyrobilo celkem 500 kus\u016f a do jednoho se je poda\u0159ilo prodat. V\u0161echny pen\u00edze nakonec putovaly na podporu \u010dtve\u0159ice zm\u00edn\u011bn\u00fdch d\u011bt\u00ed. Jednalo se o \u010d\u00e1stku ve v\u00fd\u0161i 100 tis\u00edc korun. P\u0159ed ned\u00e1vnem za\u010dal vznikat tak\u00e9 kalend\u00e1\u0159 na p\u0159\u00ed\u0161t\u00ed rok, jeho\u017e c\u00edlem je zn\u00e1zorn\u011bn\u00ed n\u00e1vratu do minulosti. &#8222;K focen\u00ed jsme si vybrali n\u00e1dhern\u00fd are\u00e1l muzea Slezsk\u00fd venkov v Holasovic\u00edch. Pan Dehner n\u00e1m vy\u0161el vst\u0159\u00edc amy se tak mohli pustit do focen\u00ed. Prost\u0159ed\u00ed bylo ide\u00e1ln\u00ed. Vyu\u017eili jsme i nedalek\u00e9 \u0161koly. Zv\u011bt\u0161ili jsme nap\u0159\u00edklad n\u00e1kresy konstrukc\u00ed motocykl\u016f a povedlo se n\u00e1m sestylizovat fotografii, kde se mal\u00e9 d\u011bti o t\u00e9to problematice u\u010d\u00ed,&#8220; usm\u00edval se Martin Moravec, podle n\u011bho\u017e si n\u00e1klady na kalend\u00e1\u0159 hrad\u00ed \u010dlenov\u00e9 Motork\u00e1\u0159\u016f d\u011btem sami, ojedin\u011ble pak naraz\u00ed na n\u011bjak\u00e9ho sponzora, kter\u00fd rovn\u011b\u017e p\u0159isp\u011bje.<\/p>\n<p>PETR DU\u0160EK<br \/>\nRegion Opavsk\u00fd a Hlu\u010d\u00ednsk\u00fd<\/p>\n","protected":false},"excerpt":{"rendered":"<div class=\"mh-excerpt\"><p>Podpo\u0159it \u010dty\u0159i t\u011b\u017ece posti\u017een\u00e9 d\u011bti. Takov\u00fd \u00fakol si dala skupina vyznava\u010d\u016f motorek z Opavska a Ostravska, kter\u00e1 se naz\u00fdv\u00e1 Srdca\u0159i. B\u011bhem tohoto v\u00edkendu v prostor\u00e1ch <a class=\"mh-excerpt-more\" href=\"https:\/\/www.invarena.cz\/?p=25753\" title=\"Motork\u00e1\u0159i podporuj\u00ed posti\u017een\u00e9 d\u011bti\">[&#8230;]<\/a><\/p>\n<\/div>","protected":false},"author":1,"featured_media":0,"comment_status":"open","ping_status":"closed","sticky":false,"template":"","format":"standard","meta":{"footnotes":""},"categories":[9],"tags":[],"class_list":["post-25753","post","type-post","status-publish","format-standard","hentry","category-zpravy"],"_links":{"self":[{"href":"https:\/\/www.invarena.cz\/index.php?rest_route=\/wp\/v2\/posts\/25753","targetHints":{"allow":["GET"]}}],"collection":[{"href":"https:\/\/www.invarena.cz\/index.php?rest_route=\/wp\/v2\/posts"}],"about":[{"href":"https:\/\/www.invarena.cz\/index.php?rest_route=\/wp\/v2\/types\/post"}],"author":[{"embeddable":true,"href":"https:\/\/www.invarena.cz\/index.php?rest_route=\/wp\/v2\/users\/1"}],"replies":[{"embeddable":true,"href":"https:\/\/www.invarena.cz\/index.php?rest_route=%2Fwp%2Fv2%2Fcomments&post=25753"}],"version-history":[{"count":0,"href":"https:\/\/www.invarena.cz\/index.php?rest_route=\/wp\/v2\/posts\/25753\/revisions"}],"wp:attachment":[{"href":"https:\/\/www.invarena.cz\/index.php?rest_route=%2Fwp%2Fv2%2Fmedia&parent=25753"}],"wp:term":[{"taxonomy":"category","embeddable":true,"href":"https:\/\/www.invarena.cz\/index.php?rest_route=%2Fwp%2Fv2%2Fcategories&post=25753"},{"taxonomy":"post_tag","embeddable":true,"href":"https:\/\/www.invarena.cz\/index.php?rest_route=%2Fwp%2Fv2%2Ftags&post=25753"}],"curies":[{"name":"wp","href":"https:\/\/api.w.org\/{rel}","templated":true}]}}