{"id":25832,"date":"2016-06-15T10:21:13","date_gmt":"2016-06-15T08:21:13","guid":{"rendered":"http:\/\/www.invarena.cz\/?p=25832"},"modified":"2016-06-15T10:21:13","modified_gmt":"2016-06-15T08:21:13","slug":"centrum-se-dvacet-let-stara-o-postizene-deti","status":"publish","type":"post","link":"https:\/\/www.invarena.cz\/?p=25832","title":{"rendered":"Centrum se dvacet let star\u00e1 o posti\u017een\u00e9 d\u011bti"},"content":{"rendered":"<p><strong>Dvacet let si p\u0159ipomn\u011blo D\u011btsk\u00e9 centrum v Semilech. Soci\u00e1ln\u011b zdravotn\u00ed za\u0159\u00edzen\u00ed s denn\u00edm stacion\u00e1\u0159em a soci\u00e1ln\u00edmi slu\u017ebami poskytuje d\u011btem nap\u0159\u00edklad v\u00fdchovn\u00e9, vzd\u011bl\u00e1vac\u00ed, terapeutick\u00e9 a aktiviza\u010dn\u00ed \u010dinnosti, p\u00e9\u010di p\u0159i poruch\u00e1ch \u0159e\u010di, rehabilita\u010dn\u00ed p\u00e9\u010di.<\/strong> <!--more--><\/p>\n<p>Semily \u2013 &#8222;Odvedli jste z\u00e1slu\u017enou pr\u00e1ci. V\u017edy, kdy\u017e vid\u00edm zdej\u0161\u00ed d\u011bti, uv\u011bdomuji si neuv\u011b\u0159itelnou trp\u011blivost a l\u00e1sku, kterou jim centrum poskytuje. I to je jeden z d\u016fvod\u016f na\u0161\u00ed podpory,&#8220; p\u0159ipomn\u011bla starostka Lena Mlejnkov\u00e1.<\/p>\n<p>Jak dodala \u0159editelka Ivana Pavlatov\u00e1, c\u00edlovou skupinou jsou p\u0159ed\u0161koln\u00ed d\u011bti s chronick\u00fdm du\u0161evn\u00edm onemocn\u011bn\u00edm, kombinovan\u00fdm posti\u017een\u00edm, t\u011blesn\u00fdm, zdravotn\u00edm a \u0159e\u010dov\u00fdm posti\u017een\u00edm. \u010cinnosti zde zaji\u0161\u0165uj\u00ed kvalifikovan\u00ed pracovn\u00edci v soci\u00e1ln\u00edch slu\u017eb\u00e1ch.<\/p>\n<p>&#8222;Neobe\u0161li bychom se bez spolupr\u00e1ce nap\u0159\u00edklad s Podkrkono\u0161skou spole\u010dnost\u00ed p\u0159\u00e1tel zdravotn\u011b posti\u017een\u00fdch a bez v\u00fdrazn\u00e9 podpory sponzor\u016f,&#8220; uvedla \u0159editelka.<\/p>\n<p>Pro b\u00fdval\u00e9 klienty, jejich rodi\u010de a p\u0159\u00e1tele p\u0159ipravilo centrum z\u00e1bavn\u00e9 odpoledne. Nechyb\u011blo vystoupen\u00ed klaun\u016f, hry a sout\u011b\u017ee.<\/p>\n<p>V\u011bra Nutilov\u00e1<br \/>\nKrkono\u0161sk\u00fd den\u00edk<br \/>\n<a href=\"http:\/\/krkonossky.denik.cz\/\">http:\/\/krkonossky.denik.cz\/<\/a><\/p>\n","protected":false},"excerpt":{"rendered":"<div class=\"mh-excerpt\"><p>Dvacet let si p\u0159ipomn\u011blo D\u011btsk\u00e9 centrum v Semilech. Soci\u00e1ln\u011b zdravotn\u00ed za\u0159\u00edzen\u00ed s denn\u00edm stacion\u00e1\u0159em a soci\u00e1ln\u00edmi slu\u017ebami poskytuje d\u011btem nap\u0159\u00edklad v\u00fdchovn\u00e9, vzd\u011bl\u00e1vac\u00ed, terapeutick\u00e9 a aktiviza\u010dn\u00ed <a class=\"mh-excerpt-more\" href=\"https:\/\/www.invarena.cz\/?p=25832\" title=\"Centrum se dvacet let star\u00e1 o posti\u017een\u00e9 d\u011bti\">[&#8230;]<\/a><\/p>\n<\/div>","protected":false},"author":1,"featured_media":6269,"comment_status":"open","ping_status":"closed","sticky":false,"template":"","format":"standard","meta":{"footnotes":""},"categories":[9],"tags":[],"class_list":["post-25832","post","type-post","status-publish","format-standard","has-post-thumbnail","hentry","category-zpravy"],"_links":{"self":[{"href":"https:\/\/www.invarena.cz\/index.php?rest_route=\/wp\/v2\/posts\/25832","targetHints":{"allow":["GET"]}}],"collection":[{"href":"https:\/\/www.invarena.cz\/index.php?rest_route=\/wp\/v2\/posts"}],"about":[{"href":"https:\/\/www.invarena.cz\/index.php?rest_route=\/wp\/v2\/types\/post"}],"author":[{"embeddable":true,"href":"https:\/\/www.invarena.cz\/index.php?rest_route=\/wp\/v2\/users\/1"}],"replies":[{"embeddable":true,"href":"https:\/\/www.invarena.cz\/index.php?rest_route=%2Fwp%2Fv2%2Fcomments&post=25832"}],"version-history":[{"count":0,"href":"https:\/\/www.invarena.cz\/index.php?rest_route=\/wp\/v2\/posts\/25832\/revisions"}],"wp:featuredmedia":[{"embeddable":true,"href":"https:\/\/www.invarena.cz\/index.php?rest_route=\/wp\/v2\/media\/6269"}],"wp:attachment":[{"href":"https:\/\/www.invarena.cz\/index.php?rest_route=%2Fwp%2Fv2%2Fmedia&parent=25832"}],"wp:term":[{"taxonomy":"category","embeddable":true,"href":"https:\/\/www.invarena.cz\/index.php?rest_route=%2Fwp%2Fv2%2Fcategories&post=25832"},{"taxonomy":"post_tag","embeddable":true,"href":"https:\/\/www.invarena.cz\/index.php?rest_route=%2Fwp%2Fv2%2Ftags&post=25832"}],"curies":[{"name":"wp","href":"https:\/\/api.w.org\/{rel}","templated":true}]}}