{"id":25835,"date":"2016-06-15T10:28:22","date_gmt":"2016-06-15T08:28:22","guid":{"rendered":"http:\/\/www.invarena.cz\/?p=25835"},"modified":"2016-06-15T10:28:22","modified_gmt":"2016-06-15T08:28:22","slug":"pojdte-dal-do-cukrarny","status":"publish","type":"post","link":"https:\/\/www.invarena.cz\/?p=25835","title":{"rendered":"&#8222;Poj\u010fte d\u00e1l&#8220; do cukr\u00e1rny"},"content":{"rendered":"<p><strong>Do leto\u0161n\u00edho ji\u017e jeden\u00e1ct\u00e9ho ro\u010dn\u00edku sout\u011b\u017ee se p\u0159ihl\u00e1silo celkem 23 komer\u010dn\u00edch spole\u010dnost\u00ed, soci\u00e1ln\u00edch firem, neziskov\u00fdch organizac\u00ed a \u0161kol. Prvn\u00ed p\u0159\u00ed\u010dku obsadila neratovick\u00e1 neziskov\u00e1 organizace &#8222;Poj\u010fte d\u00e1l&#8220;, kter\u00e1 provozuje cukr\u00e1rnu, kde pracuj\u00ed lid\u00e9 s ment\u00e1ln\u00edm a kombinovan\u00fdm posti\u017een\u00edm.<\/strong> <!--more--><\/p>\n<p>&#8222;Upozor\u0148uj\u00ed tak vlastn\u011b cel\u00e9 m\u011bsto na to, jac\u00ed lid\u00e9 \u017eij\u00ed v na\u0161\u00ed bl\u00edzkosti a co v\u0161echno zvl\u00e1dnou. Cukr\u00e1rna je po\u0159\u00e1d pln\u00e1 a nab\u00eddka a obsluha v\u00fdte\u010dn\u00e1. Prov\u011b\u0159ila jsem to osobn\u011b,&#8220; \u0159\u00edk\u00e1 s pot\u011b\u0161en\u00edm Bo\u017eena Jirk\u016f, \u0159editelka Konta Bari\u00e9ry, kter\u00e9 je garantem kategorie Zam\u011bstnavatel bez bari\u00e9r.<\/p>\n<p>Krom\u011b toho se &#8222;Poj\u010fte d\u00e1l&#8220; v\u011bnuje rovn\u011b\u017e volno\u010dasov\u00fdm a sportovn\u00edm aktivit\u00e1m.<\/p>\n<p>V\u0161e pro dceru<\/p>\n<p>Na za\u010d\u00e1tku toho v\u0161eho stoj\u00ed siln\u00fd lidsk\u00fd p\u0159\u00edb\u011bh. Evi\u010dka, jak se jmenuje dcera man\u017eel\u016f Proch\u00e1zkov\u00fdch, je posti\u017een\u00e1. P\u0159esto pro ni cht\u011bj\u00ed \u017eivot co nejbli\u017e\u0161\u00ed tomu, jako maj\u00ed ostatn\u00ed lid\u00e9. Cht\u011bj\u00ed, aby mohla chodit do pr\u00e1ce, sportovat, vyrazit s p\u0159\u00e1teli na v\u00fdlet. Vzali ji proto do kav\u00e1rny Vesm\u00edrna v Praze, kde m\u011bli tr\u00e9ninkov\u00fd program pro ment\u00e1ln\u011b posti\u017een\u00e9. Projekt se jim moc l\u00edbil. Kv\u016fli nutnosti doj\u00ed\u017ed\u011bn\u00ed v\u0161ak nebylo re\u00e1ln\u00e9, aby zde Eva mohla pracovat.<\/p>\n<p>&#8222;Rozhodli jsme se proto, \u017ee zkus\u00edme rozjet podobn\u00fd projekt u n\u00e1s v Neratovic\u00edch,&#8220; \u0159\u00edk\u00e1 Libor Proch\u00e1zka z &#8222;Poj\u010fte d\u00e1l&#8220;.<\/p>\n<p>Poda\u0159ilo se jim sehnat prostory, kde ji\u017e kav\u00e1rna existovala, a p\u0159edev\u0161\u00edm pak grant od St\u0159edo\u010desk\u00e9ho kraje v r\u00e1mci programu SROP. Od roku 2006 se tak pomalu za\u010dala ps\u00e1t historie nov\u00e9 chr\u00e1n\u011bn\u00e9 cukr\u00e1rny. Z\u00e1jemc\u016f z \u0159ad lid\u00ed s ment\u00e1ln\u00edm a kombinovan\u00fdm posti\u017een\u00edm bylo dost, v cel\u00e9m okrese toti\u017e \u017e\u00e1dn\u00e9 podobn\u00e9 za\u0159\u00edzen\u00ed nen\u00ed.<\/p>\n<p>\u0160est state\u010dn\u00fdch<\/p>\n<p>V sou\u010dasn\u00e9 dob\u011b zde pracuje \u0161est handicapovan\u00fdch lid\u00ed a dv\u011b asistentky. Jednou z nich je pan\u00ed Libu\u0161e Proch\u00e1zkov\u00e1. Podle typu posti\u017een\u00ed pracuj\u00ed zdej\u0161\u00ed zam\u011bstnanci 4 a\u017e 6 hodin denn\u011b. &#8222;N\u011bkdy je ov\u0161em t\u0159eba dobu p\u0159izp\u016fsobit moment\u00e1ln\u00edmu du\u0161evn\u00edmu stavu klienta, aby sm\u011bnu zvl\u00e1dl,&#8220; dopl\u0148uje Proch\u00e1zka. S \u017e\u00e1dnou vysokou nemocnost\u00ed se zde v\u0161ak nesetk\u00e1vaj\u00ed.<\/p>\n<p>P\u0159es sv\u016fj handicap toho tihle lid\u00e9 zvl\u00e1dnou hodn\u011b. Pod veden\u00edm asistentky jsou t\u00e9m\u011b\u0159 v\u0161ichni schopni obsluhovat stroj na k\u00e1vu a p\u0159ipravit j\u00ed um\u00ed hned n\u011bkolik druh\u016f. P\u0159iprav\u00ed i koktejly nebo t\u0159eba tousty. A samoz\u0159ejm\u011b v\u00e1s tak\u00e9 obslou\u017e\u00ed. Pom\u00e1haj\u00ed rovn\u011b\u017e p\u0159i v\u00fdrob\u011b z\u00e1kusk\u016f a chleb\u00ed\u010dk\u016f, p\u0159ed V\u00e1nocemi pe\u010dou cukrov\u00ed, vyr\u00e1b\u011bj\u00ed drobn\u00e9 d\u00e1rkov\u00e9 p\u0159edm\u011bty, jako jsou t\u0159eba m\u00fddla. &#8222;Vytvo\u0159ili si zde velice p\u0159\u00e1telsk\u00fd kolektiv a navz\u00e1jem si pom\u00e1haj\u00ed,&#8220; \u0159\u00edk\u00e1 Libor Proch\u00e1zka.<\/p>\n<p>Slova zam\u011bstnanc\u016f to potvrzuj\u00ed. &#8222;Do pr\u00e1ce chod\u00edm r\u00e1d, proto\u017ee nesed\u00edm doma a jsem mezi lidmi,&#8220; \u0159\u00edk\u00e1 Honz\u00edk Dal\u00edk, kter\u00fd v cukr\u00e1rn\u011b pracuje. Dod\u00e1v\u00e1, \u017ee tak\u00e9 r\u00e1d plave. Tak\u00e9 Evi\u010dku Proch\u00e1zkovou pr\u00e1ce v cukr\u00e1rn\u011b bav\u00ed. Miluje rovn\u011b\u017e plav\u00e1n\u00ed a ly\u017eov\u00e1n\u00ed a r\u00e1da sout\u011b\u017e\u00ed. &#8222;Je mi jedno, kolik zaplavu, d\u016fle\u017eit\u00e9 je, \u017ee po\u0159\u00e1d z\u00e1vod\u00edm,&#8220; \u0159\u00edk\u00e1 Eva s \u00fasm\u011bvem. A plave j\u00ed to dob\u0159e \u2013 z lo\u0148sk\u00e9 Sv\u011btov\u00e9 letn\u00ed Speci\u00e1ln\u00ed olympi\u00e1dy v Los Angeles si p\u0159ivezla bronzovou medaili.<\/p>\n<p>Dana Jake\u0161ov\u00e1<br \/>\nMlad\u00e1 fronta Dnes<\/p>\n","protected":false},"excerpt":{"rendered":"<div class=\"mh-excerpt\"><p>Do leto\u0161n\u00edho ji\u017e jeden\u00e1ct\u00e9ho ro\u010dn\u00edku sout\u011b\u017ee se p\u0159ihl\u00e1silo celkem 23 komer\u010dn\u00edch spole\u010dnost\u00ed, soci\u00e1ln\u00edch firem, neziskov\u00fdch organizac\u00ed a \u0161kol. Prvn\u00ed p\u0159\u00ed\u010dku obsadila neratovick\u00e1 neziskov\u00e1 organizace &#8222;Poj\u010fte <a class=\"mh-excerpt-more\" href=\"https:\/\/www.invarena.cz\/?p=25835\" title=\"&#8222;Poj\u010fte d\u00e1l&#8220; do cukr\u00e1rny\">[&#8230;]<\/a><\/p>\n<\/div>","protected":false},"author":1,"featured_media":6331,"comment_status":"open","ping_status":"closed","sticky":false,"template":"","format":"standard","meta":{"footnotes":""},"categories":[9],"tags":[],"class_list":["post-25835","post","type-post","status-publish","format-standard","has-post-thumbnail","hentry","category-zpravy"],"_links":{"self":[{"href":"https:\/\/www.invarena.cz\/index.php?rest_route=\/wp\/v2\/posts\/25835","targetHints":{"allow":["GET"]}}],"collection":[{"href":"https:\/\/www.invarena.cz\/index.php?rest_route=\/wp\/v2\/posts"}],"about":[{"href":"https:\/\/www.invarena.cz\/index.php?rest_route=\/wp\/v2\/types\/post"}],"author":[{"embeddable":true,"href":"https:\/\/www.invarena.cz\/index.php?rest_route=\/wp\/v2\/users\/1"}],"replies":[{"embeddable":true,"href":"https:\/\/www.invarena.cz\/index.php?rest_route=%2Fwp%2Fv2%2Fcomments&post=25835"}],"version-history":[{"count":0,"href":"https:\/\/www.invarena.cz\/index.php?rest_route=\/wp\/v2\/posts\/25835\/revisions"}],"wp:featuredmedia":[{"embeddable":true,"href":"https:\/\/www.invarena.cz\/index.php?rest_route=\/wp\/v2\/media\/6331"}],"wp:attachment":[{"href":"https:\/\/www.invarena.cz\/index.php?rest_route=%2Fwp%2Fv2%2Fmedia&parent=25835"}],"wp:term":[{"taxonomy":"category","embeddable":true,"href":"https:\/\/www.invarena.cz\/index.php?rest_route=%2Fwp%2Fv2%2Fcategories&post=25835"},{"taxonomy":"post_tag","embeddable":true,"href":"https:\/\/www.invarena.cz\/index.php?rest_route=%2Fwp%2Fv2%2Ftags&post=25835"}],"curies":[{"name":"wp","href":"https:\/\/api.w.org\/{rel}","templated":true}]}}