{"id":25881,"date":"2016-06-21T15:01:32","date_gmt":"2016-06-21T13:01:32","guid":{"rendered":"http:\/\/www.invarena.cz\/?p=25881"},"modified":"2016-06-21T15:01:32","modified_gmt":"2016-06-21T13:01:32","slug":"cesko-bude-mit-od-pristiho-roku-registr-pro-diabetiky-zmapuje-stav-lecby-cukrovky","status":"publish","type":"post","link":"https:\/\/www.invarena.cz\/?p=25881","title":{"rendered":"\u010cesko bude m\u00edt od p\u0159\u00ed\u0161t\u00edho roku registr pro diabetiky. Zmapuje stav l\u00e9\u010dby cukrovky"},"content":{"rendered":"<p><strong>Od roku 2017 za\u010dne v \u010cesku fungovat plo\u0161n\u00fd N\u00e1rodn\u00ed diabetologick\u00fd registr. M\u00e1 sledovat, kde je v tuzemsku nejv\u00edc lid\u00ed s diabetem, v jak\u00e9m v\u011bku, jak se l\u00e9\u010d\u00ed a zda l\u00e9\u010dba zab\u00edr\u00e1. Zmapuje tak\u00e9, kolik pen\u011bz stoj\u00ed l\u00e9\u010dba v jednotliv\u00fdch kraj\u00edch.<\/strong><!--more--><\/p>\n<p>Cel\u00fd \u010dl\u00e1nek <a href=\"http:\/\/domaci.ihned.cz\/c1-65339490-cesko-bude-mit-od-pristiho-roku-registr-pro-diabetiky-zmapuje-stav-lecby-cukrovky\">ZDE<\/a><\/p>\n","protected":false},"excerpt":{"rendered":"<div class=\"mh-excerpt\"><p>Od roku 2017 za\u010dne v \u010cesku fungovat plo\u0161n\u00fd N\u00e1rodn\u00ed diabetologick\u00fd registr. M\u00e1 sledovat, kde je v tuzemsku nejv\u00edc lid\u00ed s diabetem, v jak\u00e9m v\u011bku, jak <a class=\"mh-excerpt-more\" href=\"https:\/\/www.invarena.cz\/?p=25881\" title=\"\u010cesko bude m\u00edt od p\u0159\u00ed\u0161t\u00edho roku registr pro diabetiky. Zmapuje stav l\u00e9\u010dby cukrovky\">[&#8230;]<\/a><\/p>\n<\/div>","protected":false},"author":1,"featured_media":14132,"comment_status":"open","ping_status":"closed","sticky":false,"template":"","format":"standard","meta":{"footnotes":""},"categories":[9],"tags":[],"class_list":["post-25881","post","type-post","status-publish","format-standard","has-post-thumbnail","hentry","category-zpravy"],"_links":{"self":[{"href":"https:\/\/www.invarena.cz\/index.php?rest_route=\/wp\/v2\/posts\/25881","targetHints":{"allow":["GET"]}}],"collection":[{"href":"https:\/\/www.invarena.cz\/index.php?rest_route=\/wp\/v2\/posts"}],"about":[{"href":"https:\/\/www.invarena.cz\/index.php?rest_route=\/wp\/v2\/types\/post"}],"author":[{"embeddable":true,"href":"https:\/\/www.invarena.cz\/index.php?rest_route=\/wp\/v2\/users\/1"}],"replies":[{"embeddable":true,"href":"https:\/\/www.invarena.cz\/index.php?rest_route=%2Fwp%2Fv2%2Fcomments&post=25881"}],"version-history":[{"count":0,"href":"https:\/\/www.invarena.cz\/index.php?rest_route=\/wp\/v2\/posts\/25881\/revisions"}],"wp:featuredmedia":[{"embeddable":true,"href":"https:\/\/www.invarena.cz\/index.php?rest_route=\/wp\/v2\/media\/14132"}],"wp:attachment":[{"href":"https:\/\/www.invarena.cz\/index.php?rest_route=%2Fwp%2Fv2%2Fmedia&parent=25881"}],"wp:term":[{"taxonomy":"category","embeddable":true,"href":"https:\/\/www.invarena.cz\/index.php?rest_route=%2Fwp%2Fv2%2Fcategories&post=25881"},{"taxonomy":"post_tag","embeddable":true,"href":"https:\/\/www.invarena.cz\/index.php?rest_route=%2Fwp%2Fv2%2Ftags&post=25881"}],"curies":[{"name":"wp","href":"https:\/\/api.w.org\/{rel}","templated":true}]}}