{"id":25913,"date":"2016-06-28T10:26:28","date_gmt":"2016-06-28T08:26:28","guid":{"rendered":"http:\/\/www.invarena.cz\/?p=25913"},"modified":"2016-06-28T10:26:28","modified_gmt":"2016-06-28T08:26:28","slug":"mam-id-3-stupne-mohu-si-privydelat","status":"publish","type":"post","link":"https:\/\/www.invarena.cz\/?p=25913","title":{"rendered":"M\u00e1m ID 3. stupn\u011b. Mohu si p\u0159ivyd\u011blat?"},"content":{"rendered":"<p><strong>Dotaz:<br \/>\nM\u00e1m invaliditu 3. stupn\u011b. Mohu si p\u0159ivyd\u011blat a pracovat na 4h denn\u011b v chr\u00e1n\u011bn\u00e9 d\u00edln\u011b nebo jako hl\u00edda\u010d? Z\u016fstane mi cel\u00e1 ta finan\u010dn\u00ed \u010d\u00e1stka 3. stupn\u011b invalidity nebo mi ji mohou sn\u00ed\u017eit co\u017e bych nerad. \u0160el bych do pr\u00e1ce na zkr\u00e1cen\u00fd \u00favazek jen tehdy, kdy\u017e mi z\u016fstane 3. stupe\u0148 invalidn\u00edho d\u016fchodu.<\/strong><br \/>\n<!--more--><\/p>\n<p><strong>Odpov\u011b\u010f:<\/strong><br \/>\nNa zkr\u00e1cen\u00fd \u00favazek si p\u0159ivyd\u011blat m\u016f\u017eete, d\u00e1 se to dokonce jen doporu\u010dit, samoz\u0159ejm\u011b s p\u0159ihl\u00e9dnut\u00edm k Va\u0161emu zdravotn\u00edmu stavu.<\/p>\n<p>P\u0159edseda N\u00e1rodn\u00ed rady osob se zdravotn\u00edm posti\u017een\u00edm \u010cR V\u00e1clav Kr\u00e1sa doporu\u010duje v ID 3. stupn\u011b pracovat na 3 hodiny denn\u011b, v takov\u00e9m p\u0159\u00edpad\u011b by V\u00e1m v \u017e\u00e1dn\u00e9m p\u0159\u00edpad\u011b nem\u011blo hrozit sn\u00ed\u017een\u00ed invalidn\u00edho d\u016fchodu. Pokud by V\u00e1s ale zam\u011bstnavatel cht\u011bl zam\u011bstnat minim\u00e1ln\u011b na 4 hodiny denn\u011b, je velice nepravd\u011bpodobn\u00e9, \u017ee by to m\u011blo \u010cesk\u00e9 spr\u00e1v\u011b soci\u00e1ln\u00edho zabezpe\u010den\u00ed vadit.<\/p>\n<p>V\u017edy ale z\u00e1le\u017e\u00ed na tom, jakou pracovn\u00ed \u010dinnost byste vykon\u00e1val. Probl\u00e9m by mohl nap\u0159\u00edklad nastat, kdy\u017e byste m\u011bl ID p\u0159iznan\u00fd na zdravotn\u00ed pot\u00ed\u017ee se z\u00e1dy, ale v zam\u011bstn\u00e1n\u00ed byste vykon\u00e1val n\u011bjakou extr\u00e9mn\u011b fyzicky n\u00e1ro\u010dnou \u010dinnost.<\/p>\n<p>Ji\u0159\u00ed Marek<br \/>\ninvArena<\/p>\n","protected":false},"excerpt":{"rendered":"<div class=\"mh-excerpt\"><p>Dotaz: M\u00e1m invaliditu 3. stupn\u011b. Mohu si p\u0159ivyd\u011blat a pracovat na 4h denn\u011b v chr\u00e1n\u011bn\u00e9 d\u00edln\u011b nebo jako hl\u00edda\u010d? Z\u016fstane mi cel\u00e1 ta finan\u010dn\u00ed \u010d\u00e1stka <a class=\"mh-excerpt-more\" href=\"https:\/\/www.invarena.cz\/?p=25913\" title=\"M\u00e1m ID 3. stupn\u011b. Mohu si p\u0159ivyd\u011blat?\">[&#8230;]<\/a><\/p>\n<\/div>","protected":false},"author":3,"featured_media":14424,"comment_status":"open","ping_status":"closed","sticky":false,"template":"","format":"standard","meta":{"footnotes":""},"categories":[18],"tags":[],"class_list":["post-25913","post","type-post","status-publish","format-standard","has-post-thumbnail","hentry","category-poradna"],"_links":{"self":[{"href":"https:\/\/www.invarena.cz\/index.php?rest_route=\/wp\/v2\/posts\/25913","targetHints":{"allow":["GET"]}}],"collection":[{"href":"https:\/\/www.invarena.cz\/index.php?rest_route=\/wp\/v2\/posts"}],"about":[{"href":"https:\/\/www.invarena.cz\/index.php?rest_route=\/wp\/v2\/types\/post"}],"author":[{"embeddable":true,"href":"https:\/\/www.invarena.cz\/index.php?rest_route=\/wp\/v2\/users\/3"}],"replies":[{"embeddable":true,"href":"https:\/\/www.invarena.cz\/index.php?rest_route=%2Fwp%2Fv2%2Fcomments&post=25913"}],"version-history":[{"count":0,"href":"https:\/\/www.invarena.cz\/index.php?rest_route=\/wp\/v2\/posts\/25913\/revisions"}],"wp:featuredmedia":[{"embeddable":true,"href":"https:\/\/www.invarena.cz\/index.php?rest_route=\/wp\/v2\/media\/14424"}],"wp:attachment":[{"href":"https:\/\/www.invarena.cz\/index.php?rest_route=%2Fwp%2Fv2%2Fmedia&parent=25913"}],"wp:term":[{"taxonomy":"category","embeddable":true,"href":"https:\/\/www.invarena.cz\/index.php?rest_route=%2Fwp%2Fv2%2Fcategories&post=25913"},{"taxonomy":"post_tag","embeddable":true,"href":"https:\/\/www.invarena.cz\/index.php?rest_route=%2Fwp%2Fv2%2Ftags&post=25913"}],"curies":[{"name":"wp","href":"https:\/\/api.w.org\/{rel}","templated":true}]}}