{"id":25971,"date":"2016-07-06T12:40:49","date_gmt":"2016-07-06T10:40:49","guid":{"rendered":"http:\/\/www.invarena.cz\/?p=25971"},"modified":"2016-07-06T12:37:45","modified_gmt":"2016-07-06T10:37:45","slug":"pruzkum-temer-60-pct-lidi-s-dusevni-nemoci-muselo-odejit-z-prace","status":"publish","type":"post","link":"https:\/\/www.invarena.cz\/?p=25971","title":{"rendered":"Pr\u016fzkum: T\u00e9m\u011b\u0159 60 pct.lid\u00ed s du\u0161evn\u00ed nemoc\u00ed muselo odej\u00edt z pr\u00e1ce"},"content":{"rendered":"<p><strong>T\u00e9m\u011b\u0159 60 procent lid\u00ed s du\u0161evn\u00edm onemocn\u011bn\u00edm p\u0159estalo po propuknut\u00ed nemoci zvl\u00e1dat pr\u00e1ci a museli ze zam\u011bstn\u00e1n\u00ed odej\u00edt. Zhruba ka\u017ed\u00e9mu t\u0159et\u00edmu chyb\u011bla u koleg\u016f a veden\u00ed vst\u0159\u00edcnost, kter\u00e1 by jim pomohla zvl\u00e1dat pr\u00e1ci d\u00e1l. <\/strong><!--more--><\/p>\n<p>Uk\u00e1zal to anonymn\u00ed internetov\u00fd pr\u016fzkum spolku Dobr\u00e9 m\u00edsto. Pr\u016fzkum s podporou norsk\u00fdch fond\u016f v projektu Informa\u010dn\u00ed aktivity k reform\u011b psychiatrick\u00e9 p\u00e9\u010de sledoval pohled pacient\u016f na kvalitu psychiatrick\u00e9 p\u00e9\u010de, podporu okol\u00ed \u010di navazov\u00e1n\u00ed partnersk\u00fdch vztah\u016f.<\/p>\n<p>S kvalitou p\u00e9\u010de byla spokojena nadpolovi\u010dn\u00ed v\u011bt\u0161ina, 60 procent ocenilo, \u017ee jim l\u00e9ka\u0159i vych\u00e1zeli vst\u0159\u00edc p\u0159i hled\u00e1n\u00ed nejvhodn\u011bj\u0161\u00edho l\u00e9ku. O n\u011bco m\u00e9n\u011b, 58 procent, uvedlo, \u017ee jim v l\u00e9\u010debn\u011b pomohli, \u0159ekla \u010cTK mana\u017eerka projektu Kate\u0159ina M\u00e1lkov\u00e1. V\u00fdsledky z\u00e1rove\u0148 uk\u00e1zaly, \u017ee 40 procent pacient\u016f nebylo spokojeno, a 62 procent soud\u00ed, \u017ee jim l\u00e9ky nepomohly.<\/p>\n<p>Negativn\u00ed zku\u0161enost\u00ed byl pobyt v l\u00e9\u010debn\u011b pro 44 procent dot\u00e1zan\u00fdch. Podle M\u00e1lkov\u00e9 to souvis\u00ed hlavn\u011b s t\u00edm, \u017ee person\u00e1l nerespektoval d\u016fstojnost pacient\u016f. Konstatovalo to 35,2 procenta dot\u00e1zan\u00fdch. Vst\u0159\u00edcn\u00fd p\u0159\u00edstup o\u0161et\u0159uj\u00edc\u00edho l\u00e9ka\u0159e a dostatek informac\u00ed o l\u00e9\u010db\u011b postr\u00e1dalo 26 procent respondent\u016f. P\u011btina se nedozv\u011bd\u011bla, kam se po propu\u0161t\u011bn\u00ed z hospitalizace obr\u00e1tit.<\/p>\n<p>Slu\u017eby komunitn\u00edho centra nebo denn\u00edho stacion\u00e1\u0159e vyu\u017eilo 45,2 procenta dotazovan\u00fdch, 40,5 procenta zav\u00edtalo do neziskov\u00fdch organizac\u00ed. Telefonick\u00e9 krizov\u00e9 linky, internetov\u00e9 poradny nebo slu\u017eeb krizov\u00e9ho centra vyu\u017eilo p\u0159i pot\u00ed\u017e\u00edch 27,8 procenta pacient\u016f. Pouze 33,1 procenta dot\u00e1zan\u00fdch uvedlo, \u017ee v okol\u00ed byla dostate\u010dn\u00e1 nab\u00eddka terapeutick\u00fdch nebo volno\u010dasov\u00fdch aktivit. S pos\u00edlen\u00edm ter\u00e9nn\u00ed p\u00e9\u010de po\u010d\u00edt\u00e1 chystan\u00e1 reforma psychiatrie, vzniknout m\u00e1 s\u00ed\u0165 center du\u0161evn\u00edho zdrav\u00ed.<\/p>\n","protected":false},"excerpt":{"rendered":"<div class=\"mh-excerpt\"><p>T\u00e9m\u011b\u0159 60 procent lid\u00ed s du\u0161evn\u00edm onemocn\u011bn\u00edm p\u0159estalo po propuknut\u00ed nemoci zvl\u00e1dat pr\u00e1ci a museli ze zam\u011bstn\u00e1n\u00ed odej\u00edt. Zhruba ka\u017ed\u00e9mu t\u0159et\u00edmu chyb\u011bla u koleg\u016f a <a class=\"mh-excerpt-more\" href=\"https:\/\/www.invarena.cz\/?p=25971\" title=\"Pr\u016fzkum: T\u00e9m\u011b\u0159 60 pct.lid\u00ed s du\u0161evn\u00ed nemoc\u00ed muselo odej\u00edt z pr\u00e1ce\">[&#8230;]<\/a><\/p>\n<\/div>","protected":false},"author":1,"featured_media":24443,"comment_status":"open","ping_status":"closed","sticky":false,"template":"","format":"standard","meta":{"footnotes":""},"categories":[7],"tags":[],"class_list":["post-25971","post","type-post","status-publish","format-standard","has-post-thumbnail","hentry","category-spolecnost"],"_links":{"self":[{"href":"https:\/\/www.invarena.cz\/index.php?rest_route=\/wp\/v2\/posts\/25971","targetHints":{"allow":["GET"]}}],"collection":[{"href":"https:\/\/www.invarena.cz\/index.php?rest_route=\/wp\/v2\/posts"}],"about":[{"href":"https:\/\/www.invarena.cz\/index.php?rest_route=\/wp\/v2\/types\/post"}],"author":[{"embeddable":true,"href":"https:\/\/www.invarena.cz\/index.php?rest_route=\/wp\/v2\/users\/1"}],"replies":[{"embeddable":true,"href":"https:\/\/www.invarena.cz\/index.php?rest_route=%2Fwp%2Fv2%2Fcomments&post=25971"}],"version-history":[{"count":0,"href":"https:\/\/www.invarena.cz\/index.php?rest_route=\/wp\/v2\/posts\/25971\/revisions"}],"wp:featuredmedia":[{"embeddable":true,"href":"https:\/\/www.invarena.cz\/index.php?rest_route=\/wp\/v2\/media\/24443"}],"wp:attachment":[{"href":"https:\/\/www.invarena.cz\/index.php?rest_route=%2Fwp%2Fv2%2Fmedia&parent=25971"}],"wp:term":[{"taxonomy":"category","embeddable":true,"href":"https:\/\/www.invarena.cz\/index.php?rest_route=%2Fwp%2Fv2%2Fcategories&post=25971"},{"taxonomy":"post_tag","embeddable":true,"href":"https:\/\/www.invarena.cz\/index.php?rest_route=%2Fwp%2Fv2%2Ftags&post=25971"}],"curies":[{"name":"wp","href":"https:\/\/api.w.org\/{rel}","templated":true}]}}