{"id":25976,"date":"2016-07-07T14:15:58","date_gmt":"2016-07-07T12:15:58","guid":{"rendered":"http:\/\/www.invarena.cz\/?p=25976"},"modified":"2016-07-07T14:15:58","modified_gmt":"2016-07-07T12:15:58","slug":"podvyziva-ve-vyspelych-zemi-postihuje-seniory","status":"publish","type":"post","link":"https:\/\/www.invarena.cz\/?p=25976","title":{"rendered":"Podv\u00fd\u017eiva ve vysp\u011bl\u00fdch zem\u00ed postihuje seniory"},"content":{"rendered":"<p><strong>Podv\u00fd\u017eiva se net\u00fdk\u00e1 jen m\u00e9n\u011b vysp\u011bl\u00fdch zem\u00ed: v Evrop\u011b nem\u00e1 dostate\u010dnou v\u00fd\u017eivu v\u00edce ne\u017e 33 milion\u016f osob. T\u00fdk\u00e1 se to p\u0159edev\u0161\u00edm star\u00fdch lid\u00ed, kte\u0159\u00ed \u017eij\u00ed sami nebo trp\u00ed chronick\u00fdmi chorobami. Zhruba ka\u017ed\u00fd druh\u00fd senior, kter\u00fd je hospitalizov\u00e1n, je podvy\u017eiven\u00fd, p\u00ed\u0161e italsk\u00fd den\u00edk Corriere della Sera.<\/strong><!--more--><\/p>\n<p>Uzdraven\u00ed je pro podvy\u017eiven\u00e9 osoby obt\u00ed\u017en\u00e9, zd\u016fraznili experti z Italsk\u00e9 spole\u010dnosti pro klinickou v\u00fd\u017eivu a metabolismus (SINUC). &#8222;Podv\u00fd\u017eiva \u010dasto nen\u00ed diagnostikov\u00e1na, a i kdy\u017e je, ne v\u017edy je l\u00e9\u010dena odpov\u00eddaj\u00edc\u00edm zp\u016fsobem, proto\u017ee se tento probl\u00e9m podce\u0148uje. Pro rekonvalescenci po hospitalizaci a po nemoci sam\u00e9 m\u00e1 zvl\u00e1\u0161tn\u00ed v\u00fdznam svalov\u00e1 hmota a fyzick\u00e1 s\u00edla,&#8220; uv\u00e1d\u00ed prezident SINUC a docent na univerzit\u011b La Sapienza v \u0158\u00edme Maurizio Muscaritoli. &#8222;Nejde o estetick\u00fd probl\u00e9m: podv\u00fd\u017eiva je nem\u00e9n\u011b nebezpe\u010dn\u00e1 ne\u017e obezita a m\u016f\u017ee m\u00edt v\u00e1\u017en\u00e9 dopady na zdrav\u00ed i na cel\u00e9 zdravotnictv\u00ed,&#8220; dod\u00e1v\u00e1.<\/p>\n<p>Podle \u010detn\u00fdch studi\u00ed m\u00edvaj\u00ed podvy\u017eiven\u00ed pacienti v\u011bt\u0161\u00ed po\u010det komplikac\u00ed ve srovn\u00e1n\u00ed s t\u011bmi, kte\u0159\u00ed se stravuj\u00ed spr\u00e1vn\u011b. V nemocnici jsou nap\u0159\u00edklad vystaveni t\u0159ikr\u00e1t vy\u0161\u0161\u00edmu riziku infekce ne\u017e ostatn\u00ed. Je u nich rovn\u011b\u017e vy\u0161\u0161\u00ed pravd\u011bpodobnost, \u017ee budou znovu hospitalizov\u00e1ni, a maj\u00ed men\u0161\u00ed nad\u011bji na p\u0159e\u017eit\u00ed.<\/p>\n<p>&#8222;Kdy\u017e je pacient p\u0159ij\u00edm\u00e1n do nemocnice, ne v\u017edy je zaznamen\u00e1na jeho v\u00e1ha a v\u00fd\u0161ka, kter\u00e9 slou\u017e\u00ed k v\u00fdpo\u010dtu indexu t\u011blesn\u00e9 hmotnosti. Abychom mohli pomoci senior\u016fm, kte\u0159\u00ed trp\u00ed podv\u00fd\u017eivou nebo jim\u017e podv\u00fd\u017eiva hroz\u00ed, mus\u00ed se st\u00e1t nemocni\u010dn\u00ed strava pevnou sou\u010d\u00e1st\u00ed l\u00e9\u010dby,&#8220; konstatuje Francesco Landi z \u0159\u00edmsk\u00e9 Katolick\u00e9 univerzity.<\/p>\n<p>Jak\u00e9 jsou sign\u00e1ly nedostate\u010dn\u00e9 v\u00fd\u017eivy? &#8222;V\u00fdznamn\u00fdm indik\u00e1torem je rychl\u00fd \u00fabytek na v\u00e1ze bez vlastn\u00edho p\u0159i\u010din\u011bn\u00ed pacienta. Popla\u0161n\u00fdm sign\u00e1lem je p\u011btiprocentn\u00ed a\u017e desetiprocentn\u00ed v\u00e1hov\u00fd \u00fabytek za posledn\u00ed t\u0159i m\u011bs\u00edce \u010di p\u016fl roku. D\u016fvody mohou b\u00fdt rozli\u010dn\u00e9, nap\u0159\u00edklad obt\u00ed\u017en\u00e9 kous\u00e1n\u00ed a polyk\u00e1n\u00ed potravy, \u0161patn\u00e1 funkce st\u0159ev, ztr\u00e1ta chuti k j\u00eddlu \u010di nedostate\u010dn\u00fd p\u0159\u00edsun potravy. Senio\u0159i tak\u00e9 jed\u00ed z finan\u010dn\u00edch d\u016fvod\u016f m\u00e1lo masa, ale p\u0159\u00edsun protein\u016f a dal\u0161\u00edch v\u00fd\u017eivn\u00fdch l\u00e1tek je d\u016fle\u017eit\u00fd zejm\u00e9na po p\u011bta\u0161edes\u00e1t\u00e9m roce,&#8220; uv\u00e1d\u00ed Muscaritoli.<\/p>\n<p>Vliv v\u00fd\u017eivy na zdrav\u00ed potvrzuje rovn\u011b\u017e ned\u00e1vn\u00e1 studie ze Spojen\u00fdch st\u00e1t\u016f, kdy v\u011bdci sledovali mezi lety 2012 a 2014 v\u00edce ne\u017e 600 podvy\u017eiven\u00fdch senior\u016f hospitalizovan\u00fdch v 78 nemocnic\u00edch. U skupiny, kter\u00e1 dost\u00e1vala krom\u011b p\u0159\u00edslu\u0161n\u00e9 terapie tak\u00e9 potravinov\u00e9 dopl\u0148ky na b\u00e1zi protein\u016f, vitam\u00edn D a deriv\u00e1t aminokyseliny leucinu HMB, kter\u00fd se p\u0159irozen\u011b nach\u00e1z\u00ed ve svalov\u00fdch bu\u0148k\u00e1ch, v\u011bdci konstatovali zv\u00fd\u0161en\u00ed v\u00e1hy, zlep\u0161en\u00ed celkov\u00e9ho stavu organismu a v\u00fdrazn\u011b ni\u017e\u0161\u00ed \u00famrtnost.<\/p>\n","protected":false},"excerpt":{"rendered":"<div class=\"mh-excerpt\"><p>Podv\u00fd\u017eiva se net\u00fdk\u00e1 jen m\u00e9n\u011b vysp\u011bl\u00fdch zem\u00ed: v Evrop\u011b nem\u00e1 dostate\u010dnou v\u00fd\u017eivu v\u00edce ne\u017e 33 milion\u016f osob. T\u00fdk\u00e1 se to p\u0159edev\u0161\u00edm star\u00fdch lid\u00ed, kte\u0159\u00ed \u017eij\u00ed <a class=\"mh-excerpt-more\" href=\"https:\/\/www.invarena.cz\/?p=25976\" title=\"Podv\u00fd\u017eiva ve vysp\u011bl\u00fdch zem\u00ed postihuje seniory\">[&#8230;]<\/a><\/p>\n<\/div>","protected":false},"author":1,"featured_media":14573,"comment_status":"open","ping_status":"closed","sticky":false,"template":"","format":"standard","meta":{"footnotes":""},"categories":[9],"tags":[],"class_list":["post-25976","post","type-post","status-publish","format-standard","has-post-thumbnail","hentry","category-zpravy"],"_links":{"self":[{"href":"https:\/\/www.invarena.cz\/index.php?rest_route=\/wp\/v2\/posts\/25976","targetHints":{"allow":["GET"]}}],"collection":[{"href":"https:\/\/www.invarena.cz\/index.php?rest_route=\/wp\/v2\/posts"}],"about":[{"href":"https:\/\/www.invarena.cz\/index.php?rest_route=\/wp\/v2\/types\/post"}],"author":[{"embeddable":true,"href":"https:\/\/www.invarena.cz\/index.php?rest_route=\/wp\/v2\/users\/1"}],"replies":[{"embeddable":true,"href":"https:\/\/www.invarena.cz\/index.php?rest_route=%2Fwp%2Fv2%2Fcomments&post=25976"}],"version-history":[{"count":0,"href":"https:\/\/www.invarena.cz\/index.php?rest_route=\/wp\/v2\/posts\/25976\/revisions"}],"wp:featuredmedia":[{"embeddable":true,"href":"https:\/\/www.invarena.cz\/index.php?rest_route=\/wp\/v2\/media\/14573"}],"wp:attachment":[{"href":"https:\/\/www.invarena.cz\/index.php?rest_route=%2Fwp%2Fv2%2Fmedia&parent=25976"}],"wp:term":[{"taxonomy":"category","embeddable":true,"href":"https:\/\/www.invarena.cz\/index.php?rest_route=%2Fwp%2Fv2%2Fcategories&post=25976"},{"taxonomy":"post_tag","embeddable":true,"href":"https:\/\/www.invarena.cz\/index.php?rest_route=%2Fwp%2Fv2%2Ftags&post=25976"}],"curies":[{"name":"wp","href":"https:\/\/api.w.org\/{rel}","templated":true}]}}