{"id":25977,"date":"2016-07-07T14:26:07","date_gmt":"2016-07-07T12:26:07","guid":{"rendered":"http:\/\/www.invarena.cz\/?p=25977"},"modified":"2016-07-07T14:26:07","modified_gmt":"2016-07-07T12:26:07","slug":"pred-25-lety-zemrel-jasnovidny-knez-a-lecitel-frantisek-ferda","status":"publish","type":"post","link":"https:\/\/www.invarena.cz\/?p=25977","title":{"rendered":"P\u0159ed 25 lety zem\u0159el jasnovidn\u00fd kn\u011bz a l\u00e9\u010ditel Franti\u0161ek Ferda"},"content":{"rendered":"<p><strong>Zn\u00e1m\u00fd l\u00e9\u010ditel a katolick\u00fd kn\u011bz Franti\u0161ek Ferda, kter\u00fd zem\u0159el p\u0159ed \u010dtvrt stolet\u00edm, 8. \u010dervence 1991, sv\u00e9 jasnovidn\u00e9 schopnosti pr\u00fd odhalil za pobytu ve v\u011bzen\u00ed. <\/strong><!--more--><\/p>\n<p>Pozd\u011bji je za\u010dal vyu\u017e\u00edvat k l\u00e9\u010den\u00ed nemocn\u00fdch. Kn\u011bz, kter\u00fd p\u016fsobil jako duchovn\u00ed spr\u00e1vce u \u0159eholn\u00edch sester v domov\u011b d\u016fchodc\u016f v \u00dajezdci u Klatov, pr\u00fd dok\u00e1zal stanovit diagn\u00f3zu pacienta i na vzd\u00e1lenost stovek kilometr\u016f.<\/p>\n<p>P\u0159i l\u00e9\u010den\u00ed doty\u010dn\u00e9ho nemusel v\u016fbec vid\u011bt osobn\u011b, sta\u010dilo p\u0159in\u00e9st jeho fotografii nebo dok\u00e1zal v\u0161e pot\u0159ebn\u00e9 vy\u010d\u00edst i z dopisu nemocn\u00e9ho a mnohdy sta\u010dila i rukou psan\u00e1 karti\u010dka s osobn\u00edmi daty. &#8222;M\u00e1m pocit, jako bych ze sebe vyslal paprsek zelen\u00e9 barvy, kter\u00fd se rychle klikat\u011b pohybuje, a pak se nar\u00e1z zastav\u00ed. Tak dojde k m\u00e9mu spojen\u00ed s t\u00edm \u010dlov\u011bkem,&#8220; popsal Ferda svoji specifickou diagnostickou metodu. I v sou\u010dasnosti jsou st\u00e1le popul\u00e1rn\u00ed tak\u00e9 jeho pravidla zdrav\u00e9 v\u00fd\u017eivy.<\/p>\n<p>Narodil se 31. b\u0159ezna 1915 na statku v Dra\u017ekovic\u00edch, kter\u00e9 le\u017e\u00ed mezi obcemi Struha\u0159e a Sp\u00e1len\u00e9 Po\u0159\u00ed\u010d\u00ed. Jeho otec tu pracoval jako \u0161af\u00e1\u0159. Od d\u011btstv\u00ed jej zaj\u00edmala p\u0159\u00edroda a byl aktivn\u00edm hudebn\u00edkem. V\u00fdborn\u011b hr\u00e1l na trubku i dal\u0161\u00ed n\u00e1stroje, v Po\u0159\u00ed\u010d\u00ed dokonce zalo\u017eil kvartet, se kter\u00fdm tam i vystupoval. Vystudoval arcibiskupsk\u00e9 gymn\u00e1zium v Praze a bohosloveckou fakultu v Praze-Buben\u010di, byl vysv\u011bcen na kn\u011bze. Za v\u00e1lky p\u016fsobil jako kaplan v M\u00fdt\u011b a Petrovic\u00edch u Sedl\u010dan.<\/p>\n<p>V \u00fanoru 1951 jej zatkli na farnosti v Nechvalic\u00edch a uv\u011bznili. Vyst\u0159\u00eddal v\u011bze\u0148sk\u00e9 cely v Ostrav\u011b, Opav\u011b, M\u00edrov\u011b, J\u00e1chymov\u011b, Leopoldov\u011b, Valdic\u00edch i na Borech. Po propu\u0161t\u011bn\u00ed v kv\u011btnu 1960 pracoval jako bedn\u00e1\u0159 v plze\u0148sk\u00fdch pivovarech. K pastora\u010dn\u00ed \u010dinnosti mu bylo povoleno vr\u00e1tit se a\u017e o 18 let pozd\u011bji.<\/p>\n","protected":false},"excerpt":{"rendered":"<div class=\"mh-excerpt\"><p>Zn\u00e1m\u00fd l\u00e9\u010ditel a katolick\u00fd kn\u011bz Franti\u0161ek Ferda, kter\u00fd zem\u0159el p\u0159ed \u010dtvrt stolet\u00edm, 8. \u010dervence 1991, sv\u00e9 jasnovidn\u00e9 schopnosti pr\u00fd odhalil za pobytu ve v\u011bzen\u00ed.<\/p>\n<\/div>","protected":false},"author":1,"featured_media":25978,"comment_status":"open","ping_status":"closed","sticky":false,"template":"","format":"standard","meta":{"footnotes":""},"categories":[9],"tags":[],"class_list":["post-25977","post","type-post","status-publish","format-standard","has-post-thumbnail","hentry","category-zpravy"],"_links":{"self":[{"href":"https:\/\/www.invarena.cz\/index.php?rest_route=\/wp\/v2\/posts\/25977","targetHints":{"allow":["GET"]}}],"collection":[{"href":"https:\/\/www.invarena.cz\/index.php?rest_route=\/wp\/v2\/posts"}],"about":[{"href":"https:\/\/www.invarena.cz\/index.php?rest_route=\/wp\/v2\/types\/post"}],"author":[{"embeddable":true,"href":"https:\/\/www.invarena.cz\/index.php?rest_route=\/wp\/v2\/users\/1"}],"replies":[{"embeddable":true,"href":"https:\/\/www.invarena.cz\/index.php?rest_route=%2Fwp%2Fv2%2Fcomments&post=25977"}],"version-history":[{"count":0,"href":"https:\/\/www.invarena.cz\/index.php?rest_route=\/wp\/v2\/posts\/25977\/revisions"}],"wp:featuredmedia":[{"embeddable":true,"href":"https:\/\/www.invarena.cz\/index.php?rest_route=\/wp\/v2\/media\/25978"}],"wp:attachment":[{"href":"https:\/\/www.invarena.cz\/index.php?rest_route=%2Fwp%2Fv2%2Fmedia&parent=25977"}],"wp:term":[{"taxonomy":"category","embeddable":true,"href":"https:\/\/www.invarena.cz\/index.php?rest_route=%2Fwp%2Fv2%2Fcategories&post=25977"},{"taxonomy":"post_tag","embeddable":true,"href":"https:\/\/www.invarena.cz\/index.php?rest_route=%2Fwp%2Fv2%2Ftags&post=25977"}],"curies":[{"name":"wp","href":"https:\/\/api.w.org\/{rel}","templated":true}]}}