{"id":25979,"date":"2016-07-07T14:29:05","date_gmt":"2016-07-07T12:29:05","guid":{"rendered":"http:\/\/www.invarena.cz\/?p=25979"},"modified":"2016-07-07T14:29:05","modified_gmt":"2016-07-07T12:29:05","slug":"slovensky-herec-labuda-po-kolapsu-skoncil-v-nemocnici","status":"publish","type":"post","link":"https:\/\/www.invarena.cz\/?p=25979","title":{"rendered":"Slovensk\u00fd herec Labuda po kolapsu skon\u010dil v nemocnici"},"content":{"rendered":"<p>Zn\u00e1m\u00fd slovensk\u00fd herec Mari\u00e1n Labuda ve st\u0159edu zkolaboval a byl hospitalizov\u00e1n v jedn\u00e9 z bratislavsk\u00fdch nemocnic. Napsal to list Nov\u00fd \u010das. P\u0159\u00ed\u010dina zdravotn\u00edch pot\u00ed\u017e\u00ed jednasedmdes\u00e1tilet\u00e9ho filmov\u00e9ho a divadeln\u00edho herce nen\u00ed zn\u00e1m\u00e1.<!--more--><\/p>\n<p>Podle den\u00edku Labuda zkolaboval p\u0159ed sv\u00fdm domem v obci Borinka nedaleko Bratislavy. Z\u00e1chranku p\u0159ivolali soused\u00e9. List s odvol\u00e1n\u00edm na nejmenovan\u00fd zdroj napsal, \u017ee herec omdlel p\u0159i n\u00e1vratu od l\u00e9ka\u0159e, u kter\u00e9ho si nechal p\u0159edepsat l\u00e9ky. Labuda dlouh\u00e1 l\u00e9t\u00e1 trp\u00ed cukrovkou.<\/p>\n<p>Obl\u00edben\u00fd herec ztv\u00e1rnil postavy v \u0159ad\u011b film\u016f a v divadle, zahr\u00e1l si nap\u0159\u00edklad ve sn\u00edmku Vesni\u010dko m\u00e1 st\u0159ediskov\u00e1.<\/p>\n","protected":false},"excerpt":{"rendered":"<div class=\"mh-excerpt\"><p>Zn\u00e1m\u00fd slovensk\u00fd herec Mari\u00e1n Labuda ve st\u0159edu zkolaboval a byl hospitalizov\u00e1n v jedn\u00e9 z bratislavsk\u00fdch nemocnic. Napsal to list Nov\u00fd \u010das. P\u0159\u00ed\u010dina zdravotn\u00edch pot\u00ed\u017e\u00ed jednasedmdes\u00e1tilet\u00e9ho <a class=\"mh-excerpt-more\" href=\"https:\/\/www.invarena.cz\/?p=25979\" title=\"Slovensk\u00fd herec Labuda po kolapsu skon\u010dil v nemocnici\">[&#8230;]<\/a><\/p>\n<\/div>","protected":false},"author":1,"featured_media":0,"comment_status":"open","ping_status":"closed","sticky":false,"template":"","format":"standard","meta":{"footnotes":""},"categories":[9],"tags":[],"class_list":["post-25979","post","type-post","status-publish","format-standard","hentry","category-zpravy"],"_links":{"self":[{"href":"https:\/\/www.invarena.cz\/index.php?rest_route=\/wp\/v2\/posts\/25979","targetHints":{"allow":["GET"]}}],"collection":[{"href":"https:\/\/www.invarena.cz\/index.php?rest_route=\/wp\/v2\/posts"}],"about":[{"href":"https:\/\/www.invarena.cz\/index.php?rest_route=\/wp\/v2\/types\/post"}],"author":[{"embeddable":true,"href":"https:\/\/www.invarena.cz\/index.php?rest_route=\/wp\/v2\/users\/1"}],"replies":[{"embeddable":true,"href":"https:\/\/www.invarena.cz\/index.php?rest_route=%2Fwp%2Fv2%2Fcomments&post=25979"}],"version-history":[{"count":0,"href":"https:\/\/www.invarena.cz\/index.php?rest_route=\/wp\/v2\/posts\/25979\/revisions"}],"wp:attachment":[{"href":"https:\/\/www.invarena.cz\/index.php?rest_route=%2Fwp%2Fv2%2Fmedia&parent=25979"}],"wp:term":[{"taxonomy":"category","embeddable":true,"href":"https:\/\/www.invarena.cz\/index.php?rest_route=%2Fwp%2Fv2%2Fcategories&post=25979"},{"taxonomy":"post_tag","embeddable":true,"href":"https:\/\/www.invarena.cz\/index.php?rest_route=%2Fwp%2Fv2%2Ftags&post=25979"}],"curies":[{"name":"wp","href":"https:\/\/api.w.org\/{rel}","templated":true}]}}