{"id":25987,"date":"2017-03-07T16:27:27","date_gmt":"2017-03-07T15:27:27","guid":{"rendered":"http:\/\/www.invarena.cz\/?p=25987"},"modified":"2017-03-07T16:27:27","modified_gmt":"2017-03-07T15:27:27","slug":"konci-mi-docasna-pracovni-neschopnost-co-mam-delat","status":"publish","type":"post","link":"https:\/\/www.invarena.cz\/?p=25987","title":{"rendered":"Kon\u010d\u00ed mi do\u010dasn\u00e1 pracovn\u00ed neschopnost. Co m\u00e1m d\u011blat?"},"content":{"rendered":"<p>Dotaz:<br \/>\nV srpnu leto\u0161n\u00edho roku mi kon\u010d\u00ed &#8222;do\u010dasn\u00e1 pracovn\u00ed neschopnost&#8220;. Po\u017e\u00e1dala jsem si o prodlou\u017een\u00ed podp\u016fr\u010d\u00ed doby, tato mi v\u0161ak byla zam\u00edtnuta, tak\u017ee koncem srpna bych m\u011bla nastoupit do zam\u011bstn\u00e1n\u00ed. Podp\u016fr\u010d\u00ed doba mi byla zam\u00edtnuta i p\u0159esto, \u017ee v \u0159\u00edjnu ( dva m\u011bs\u00edce po pl\u00e1novan\u00e9m n\u00e1vratu do zam\u011bstn\u00e1n\u00ed ) se m\u00e1m podrobit reoperaci p\u00e1te\u0159e, co\u017e znamen\u00e1 dal\u0161\u00ed t\u00e9m\u011b\u0159 rok pracovn\u00ed neschopnosti, na kterou ji\u017e nem\u00e1m n\u00e1rok. Resp. nem\u00e1m n\u00e1rok na vypl\u00e1cen\u00ed nemocensk\u00fdch d\u00e1vek. Vzhledem k tomu, \u017ee \u017eiji sama a nem\u00e1m \u017e\u00e1dn\u00e9 \u00faspory jsem se dostala do velmi t\u00ed\u017eiv\u00e9 situace. Pros\u00edm o radu, zda m\u00e1m n\u011bjak\u00e9 mo\u017enosti, jak tuto situaci (krom\u011b odvol\u00e1n\u00ed \u010di pod\u00e1n\u00ed n\u00e1mitky proti rozhodnut\u00ed \u010cSSZ &#8211; rozhodnut\u00ed ov\u0161em m\u016f\u017ee b\u00fdt potvrzeno ) \u0159e\u0161it.<br \/>\n<!--more--><br \/>\nOdpov\u011b\u010f:<br \/>\nVe Va\u0161em p\u0159\u00edpad\u011b je asi nejrozumn\u011bj\u0161\u00ed, kdy\u017e si za\u017e\u00e1d\u00e1te o invalidn\u00ed d\u016fchod. Pokud je toti\u017e dlouhodob\u011b sn\u00ed\u017eena Va\u0161e schopnost vykon\u00e1vat v\u00fdd\u011ble\u010dnou \u010dinnost, mohl by V\u00e1m b\u00fdt p\u0159izn\u00e1n. Za\u017e\u00e1dat si o n\u011bj m\u016f\u017eete tak\u00e9 na \u010cSSZ. Cel\u00fd proces posuzov\u00e1n\u00ed o n\u00e1roku na ID V\u0161ak m\u016f\u017ee trvat n\u011bkolik m\u011bs\u00edc\u016f, d\u00e1 se tedy \u0159\u00edci, \u017ee do konce srpna V\u00e1m pravd\u011bpodobn\u011b nebude p\u0159izn\u00e1n.<br \/>\nMezi dal\u0161\u00ed p\u0159\u00edsp\u011bvky, na kter\u00e9 byste mohla m\u00edt n\u00e1rok, pat\u0159\u00ed p\u0159\u00edsp\u011bvek na p\u00e9\u010di. O ten si m\u016f\u017eete za\u017e\u00e1dat na sv\u00e9 pobo\u010dce \u00da\u0159adu pr\u00e1ce.<\/p>\n<p>Ji\u0159\u00ed Marek<br \/>\ninvArena<\/p>\n","protected":false},"excerpt":{"rendered":"<div class=\"mh-excerpt\"><p>Dotaz: V srpnu leto\u0161n\u00edho roku mi kon\u010d\u00ed &#8222;do\u010dasn\u00e1 pracovn\u00ed neschopnost&#8220;. Po\u017e\u00e1dala jsem si o prodlou\u017een\u00ed podp\u016fr\u010d\u00ed doby, tato mi v\u0161ak byla zam\u00edtnuta, tak\u017ee koncem srpna <a class=\"mh-excerpt-more\" href=\"https:\/\/www.invarena.cz\/?p=25987\" title=\"Kon\u010d\u00ed mi do\u010dasn\u00e1 pracovn\u00ed neschopnost. Co m\u00e1m d\u011blat?\">[&#8230;]<\/a><\/p>\n<\/div>","protected":false},"author":3,"featured_media":24867,"comment_status":"open","ping_status":"closed","sticky":false,"template":"","format":"standard","meta":{"footnotes":""},"categories":[18,9],"tags":[],"class_list":["post-25987","post","type-post","status-publish","format-standard","has-post-thumbnail","hentry","category-poradna","category-zpravy"],"_links":{"self":[{"href":"https:\/\/www.invarena.cz\/index.php?rest_route=\/wp\/v2\/posts\/25987","targetHints":{"allow":["GET"]}}],"collection":[{"href":"https:\/\/www.invarena.cz\/index.php?rest_route=\/wp\/v2\/posts"}],"about":[{"href":"https:\/\/www.invarena.cz\/index.php?rest_route=\/wp\/v2\/types\/post"}],"author":[{"embeddable":true,"href":"https:\/\/www.invarena.cz\/index.php?rest_route=\/wp\/v2\/users\/3"}],"replies":[{"embeddable":true,"href":"https:\/\/www.invarena.cz\/index.php?rest_route=%2Fwp%2Fv2%2Fcomments&post=25987"}],"version-history":[{"count":0,"href":"https:\/\/www.invarena.cz\/index.php?rest_route=\/wp\/v2\/posts\/25987\/revisions"}],"wp:featuredmedia":[{"embeddable":true,"href":"https:\/\/www.invarena.cz\/index.php?rest_route=\/wp\/v2\/media\/24867"}],"wp:attachment":[{"href":"https:\/\/www.invarena.cz\/index.php?rest_route=%2Fwp%2Fv2%2Fmedia&parent=25987"}],"wp:term":[{"taxonomy":"category","embeddable":true,"href":"https:\/\/www.invarena.cz\/index.php?rest_route=%2Fwp%2Fv2%2Fcategories&post=25987"},{"taxonomy":"post_tag","embeddable":true,"href":"https:\/\/www.invarena.cz\/index.php?rest_route=%2Fwp%2Fv2%2Ftags&post=25987"}],"curies":[{"name":"wp","href":"https:\/\/api.w.org\/{rel}","templated":true}]}}